{"id":256999,"date":"2025-11-26T15:53:12","date_gmt":"2025-11-26T15:53:12","guid":{"rendered":"https:\/\/www.europesays.com\/es\/256999\/"},"modified":"2025-11-26T15:53:12","modified_gmt":"2025-11-26T15:53:12","slug":"assassins-creed-ya-tiene-protagonista-netflix-anuncia-el-primer-fichaje-del-live-action","status":"publish","type":"post","link":"https:\/\/www.europesays.com\/es\/256999\/","title":{"rendered":"&#8216;Assassin&#8217;s Creed&#8217; ya tiene protagonista: Netflix anuncia el primer fichaje del live action"},"content":{"rendered":"<p>\n\t\t  Por <b>Alejandro Rodera<\/b> |\u00a0<br \/>\n\t\t  Publicado: <b>Mi\u00e9rcoles 26 Noviembre 2025 13:34 (hace 3 horas)<\/b>\n\t\t  \t\t<\/p>\n<p>La variante televisiva de &#8216;Assassin&#8217;s Creed&#8217; empieza a coger forma. Apenas cuatro meses despu\u00e9s de anunciar que hab\u00eda aprobado su producci\u00f3n, <b>Netflix ha puesto sobre la mesa el primer nombre en sumarse al elenco de la serie: Toby Wallace<\/b>. De este modo, se inaugura una ronda de incorporaciones que demuestra que la preproducci\u00f3n avanza con buen pie, aunque por el momento la informaci\u00f3n con respecto a la trama <b>sigue siendo escasa<\/b>.<\/p>\n<p>De hecho, la plataforma roja ni siquiera ha confirmado qu\u00e9 papel interpretar\u00e1 Wallace, m\u00e1s all\u00e1 de asegurar que <b>tendr\u00e1 un rol principal en el proyecto<\/b>. En cualquier caso, este fichaje supone otro paso al frente en la carrera del joven actor, que <b>en 2026 estar\u00e1 presente en la tercera temporada de &#8216;<a href=\"https:\/\/www.formulatv.com\/series\/euphoria\/\" rel=\"nofollow noopener\" target=\"_blank\">Euphoria<\/a>&#8216;<\/b>. Previamente, Wallace ya trabaj\u00f3 con Netflix en &#8216;<a href=\"https:\/\/www.formulatv.com\/series\/the-society\/\" rel=\"nofollow noopener\" target=\"_blank\">The Society<\/a>&#8216;, aunque <b>su tol televisivo m\u00e1s destacado hasta el momento ha sido el de Steve Jones<\/b>, guitarrista de los Sex Pistols, en &#8216;<a href=\"https:\/\/www.formulatv.com\/series\/pistol\/\" rel=\"nofollow noopener\" target=\"_blank\">Pistol<\/a>&#8216;. Adem\u00e1s, ha participado en t\u00edtulos cinematogr\u00e1ficos tan destacados como &#8216;<a target=\"_blank\" href=\"https:\/\/www.ecartelera.com\/peliculas\/bikeriders-la-ley-del-asfalto\/\" rel=\"nofollow noopener\">Bikeriders: La ley del asfalto<\/a>&#8216; o &#8216;<a target=\"_blank\" href=\"https:\/\/www.ecartelera.com\/peliculas\/eden-2024\/\" rel=\"nofollow noopener\">Ed\u00e9n<\/a>&#8216;.<\/p>\n<p><img loading=\"lazy\" class=\"stpi\" alt=\"Toby Wallace se convierte en el primer fichaje de 'Assassin's Creed'\" src=\"https:\/\/www.europesays.com\/es\/wp-content\/uploads\/2025\/11\/2_ncYN3JxEUWBs5qkz0i8vemPFga6o9H241.jpg\" width=\"2000\" height=\"1200\"   decoding=\"async\"\/>Toby Wallace se convierte en el primer fichaje de &#8216;Assassin&#8217;s Creed&#8217;<\/p>\n<p>En la serie de acci\u00f3n real de &#8216;Assassin&#8217;s Creed&#8217; el int\u00e9rprete ingl\u00e9s se sumergir\u00e1 en un mundo cargado de acci\u00f3n en el que se desplegar\u00e1 \u00ab<b>un thriller centrado en la guerra secreta entre dos facciones en las sombras<\/b>\u00ab, como detalla la sinopsis oficial. Una de esas organizaciones buscar\u00e1 manipular a la sociedad para determinar el destino de la humanidad, mientras que la otra <b>har\u00e1 todo lo posible para que el libre albedr\u00edo siga siendo una realidad<\/b>.<\/p>\n<p>Roberto Patino (&#8216;<a href=\"https:\/\/www.formulatv.com\/series\/westworld\/\" rel=\"nofollow noopener\" target=\"_blank\">Westworld<\/a>&#8216;) y David Wiener (&#8216;<a href=\"https:\/\/www.formulatv.com\/series\/halo\/\" rel=\"nofollow noopener\" target=\"_blank\">Halo<\/a>&#8216;) son los encargados del salto de la franquicia de videojuegos de Ubisoft a la televisi\u00f3n, que <b>se ha estado gestando durante el \u00faltimo lustro<\/b>. Desde su debut en 2007, la saga ha vendido m\u00e1s de 230 millones de copias con numerosas entregas ambientadas en <b>escenarios hist\u00f3ricos tan variopintos como el Jap\u00f3n feudal, la Italia renacentista<\/b>, el Par\u00eds marcado por la revoluci\u00f3n o el Londres victoriano.<img loading=\"lazy\" class=\"stpi\" alt=\"'Assassin's Creed' avanza en el desarrollo de su live action\" src=\"https:\/\/www.europesays.com\/es\/wp-content\/uploads\/2025\/11\/1_ncYN3JxEUWBs5qkz0i8vemPFga6o9H241.jpg\" width=\"2000\" height=\"1200\"   decoding=\"async\"\/>&#8216;Assassin&#8217;s Creed&#8217; avanza en el desarrollo de su live actionCruce de caminos<\/p>\n<p>El universo de &#8216;Assassin&#8217;s Creed&#8217; es tan amplio que no es inusual toparse con crossovers de diversa \u00edndole. El \u00faltimo de esos cruces se ha producido <b>entre la \u00faltima entrega de la saga, &#8216;Assassin&#8217;s Creed Shadows&#8217;<\/b>, lanzada este mismo a\u00f1o, y<b> uno de los manganimes m\u00e1s aclamados de la historia, &#8216;<a href=\"https:\/\/www.formulatv.com\/series\/fuera-de-juego\/\" rel=\"nofollow noopener\" target=\"_blank\">Ataque a los titanes<\/a>&#8216;<\/b>. Desde el 25 de noviembre hasta el 22 de diciembre, Naoe y Yasuke se adentrar\u00e1n en el popular universo creado por Hajime Isayama con una misi\u00f3n repleta de misterio.<\/p>\n","protected":false},"excerpt":{"rendered":"Por Alejandro Rodera |\u00a0 Publicado: Mi\u00e9rcoles 26 Noviembre 2025 13:34 (hace 3 horas) La variante televisiva de &#8216;Assassin&#8217;s&hellip;\n","protected":false},"author":2,"featured_media":257000,"comment_status":"","ping_status":"","sticky":false,"template":"","format":"standard","meta":{"footnotes":""},"categories":[171],"tags":[146,147,25,24,23,214],"class_list":{"0":"post-256999","1":"post","2":"type-post","3":"status-publish","4":"format-standard","5":"has-post-thumbnail","7":"category-tv","8":"tag-entertainment","9":"tag-entretenimiento","10":"tag-es","11":"tag-espana","12":"tag-spain","13":"tag-tv"},"share_on_mastodon":{"url":"https:\/\/pubeurope.com\/@es\/115616809806552098","error":""},"_links":{"self":[{"href":"https:\/\/www.europesays.com\/es\/wp-json\/wp\/v2\/posts\/256999","targetHints":{"allow":["GET"]}}],"collection":[{"href":"https:\/\/www.europesays.com\/es\/wp-json\/wp\/v2\/posts"}],"about":[{"href":"https:\/\/www.europesays.com\/es\/wp-json\/wp\/v2\/types\/post"}],"author":[{"embeddable":true,"href":"https:\/\/www.europesays.com\/es\/wp-json\/wp\/v2\/users\/2"}],"replies":[{"embeddable":true,"href":"https:\/\/www.europesays.com\/es\/wp-json\/wp\/v2\/comments?post=256999"}],"version-history":[{"count":0,"href":"https:\/\/www.europesays.com\/es\/wp-json\/wp\/v2\/posts\/256999\/revisions"}],"wp:featuredmedia":[{"embeddable":true,"href":"https:\/\/www.europesays.com\/es\/wp-json\/wp\/v2\/media\/257000"}],"wp:attachment":[{"href":"https:\/\/www.europesays.com\/es\/wp-json\/wp\/v2\/media?parent=256999"}],"wp:term":[{"taxonomy":"category","embeddable":true,"href":"https:\/\/www.europesays.com\/es\/wp-json\/wp\/v2\/categories?post=256999"},{"taxonomy":"post_tag","embeddable":true,"href":"https:\/\/www.europesays.com\/es\/wp-json\/wp\/v2\/tags?post=256999"}],"curies":[{"name":"wp","href":"https:\/\/api.w.org\/{rel}","templated":true}]}}