{"id":257001,"date":"2025-11-26T15:54:13","date_gmt":"2025-11-26T15:54:13","guid":{"rendered":"https:\/\/www.europesays.com\/es\/257001\/"},"modified":"2025-11-26T15:54:13","modified_gmt":"2025-11-26T15:54:13","slug":"su-proyeccion-internacional-es-muy-atractiva-para-los-artistas","status":"publish","type":"post","link":"https:\/\/www.europesays.com\/es\/257001\/","title":{"rendered":"\u201cSu proyecci\u00f3n internacional es muy atractiva para los artistas\u00bb"},"content":{"rendered":"<p>    Noticias relacionadas<\/p>\n<p class=\"paragraph\" id=\"paragraph_1\"><strong>Barcelona<\/strong> ha llamado la atenci\u00f3n de <strong>Corea del Sur<\/strong>, aunque algunos podr\u00edan argumentar que se la ha ganado. En la \u00faltima d\u00e9cada, el llamado Hallyuu\u00a0(ola coreana) se ha apoderado del Tri\u00e1ngulo Friki. Lo que empez\u00f3 como una peque\u00f1a tienda de discos y merchandising de <strong><a href=\"https:\/\/metropoliabierta.elespanol.com\/el-pulso-de-la-ciudad\/20251022\/macroestafa-festival-k-pop-badalona-desaparece-sin-reembolsar-dinero-entradas\/1003742699416_0.html?utm_cmp_rs=linksinline\" target=\"_blank\" rel=\"nofollow noopener\">K-Pop<\/a><\/strong> en la zona de <strong>Arc de Triomf<\/strong>, ha terminado expandi\u00e9ndose por todo el centro de la capital catalana en forma de <strong>moda<\/strong>, <strong>gastronom\u00eda<\/strong> o el famoso <strong>skincare coreano<\/strong>.<\/p>\n<p class=\"paragraph\" id=\"paragraph_2\">La acogida ha sido tal que este 2025, el <strong>Ministerio de Cultura, Deportes y Turismo<\/strong> del pa\u00eds asi\u00e1tico y la <strong>Agencia de Contenidos Creativos de Corea<\/strong> (<strong>KOCCA<\/strong>) han elegido a Barcelona para estrechar lazos.<\/p>\n<p><img loading=\"lazy\" decoding=\"async\" alt=\"Montaje del Festival de K-Pop de Badalona con el CEO de la promotora\" height=\"180\" src=\"https:\/\/www.europesays.com\/es\/wp-content\/uploads\/2025\/11\/1003742678876_14965133_320x180.jpg\" width=\"320\" data-lazy-status=\"processed\" data-lazy-info=\"remove loading item 1\"\/><\/p>\n<p class=\"paragraph\" id=\"paragraph_3\">\u201cLa identidad cultural y <strong>la proyecci\u00f3n internacional<\/strong> de Barcelona la han vuelto atractiva para los artistas coreanos\u201d, ha afirmado el manager de KOCCA, <strong>Dawoon Jeong<\/strong>, en declaraciones a <strong>Metr\u00f3poli<\/strong>.<\/p>\n<p class=\"paragraph\" id=\"paragraph_4\">Para ello, este martes, 25 de noviembre, la <strong>sala Paral\u00b7lel 62<\/strong> ha acogido la <a href=\"https:\/\/metropoliabierta.elespanol.com\/vivir-en-barcelona\/20251021\/corea-sur-elige-barcelona-promocionarse-tour-k-pop-entradas-chung-billie-big-ocean\/1003742699803_0.html?utm_cmp_rs=linksinline\" target=\"_blank\" rel=\"nofollow noopener\"><strong>gira de Korea Spotlight<\/strong><\/a> con un cartel de cinco artistas: <strong>Chung Ha<\/strong>, <strong>Billlie<\/strong>, <strong>NouerA<\/strong>, <strong>Big Ocean<\/strong> y <strong>Shaun<\/strong>.<\/p>\n<p>Colaboraciones con artistas espa\u00f1oles<\/p>\n<p class=\"paragraph\" id=\"paragraph_5\">La premisa, ha asegurado Jeong, es el <strong>intercambio cultural<\/strong> entre ambos pa\u00edses y poder expandir la m\u00fasica coreana por Europa.<\/p>\n<p class=\"paragraph\" id=\"paragraph_6\">De hecho, en el evento han acudido profesionales tanto de la industria musical coreana como la espa\u00f1ola para explorar <strong>posibles colaboraciones<\/strong>, como la que hizo <strong>Lisa<\/strong> -integrante de <strong>Blackpink<\/strong>&#8211; con <strong>Rosal\u00eda<\/strong> el a\u00f1o pasado para su tema New Woman.<\/p>\n<p><img decoding=\"async\" alt=\"Lisa de Blackpink y Rosal\u00eda en el cartel promocional de 'New Woman'\" data-imgm=\"true\" height=\"180\" loading=\"lazy\"  src=\"https:\/\/www.europesays.com\/es\/wp-content\/uploads\/2025\/11\/1003742710796_15446922_1024x576.jpg\"  width=\"320\"\/><\/p>\n<p>                                                            Lisa de Blackpink y Rosal\u00eda en el cartel promocional de &#8216;New Woman&#8217;<\/p>\n<p>                    SONY MUSIC SPAIN<\/p>\n<p class=\"paragraph\" id=\"paragraph_7\">El representante de la agencia ha explicado que los artistas de K-Pop exploran cada vez m\u00e1s los\u00a0<strong>ritmos de inspiraci\u00f3n latina<\/strong>, un g\u00e9nero que se ha logrado el favor del p\u00fablico surcoreano.<\/p>\n<p>La comunidad \u2018apasionada\u2019 de Barcelona<\/p>\n<p class=\"paragraph\" id=\"paragraph_8\">Barcelona no ha pasado desapercibida para el ministerio de Cultura surcoreano. Su \u00ab<strong>mentalidad abierta\u00bb<\/strong> y su \u00ab<strong>apasionada comunidad de fans<\/strong>\u201d la han convertido en la ciudad ideal para que los artistas se acerquen a las audiencias europeas.<\/p>\n<p>As\u00ed lo ha explicado Jeong, quien ha a\u00f1adido que la gente de la ciudad catalana est\u00e1 especialmente pendiente de las <strong>nuevas tendencias<\/strong> de la cultura coreana.<\/p>\n<p class=\"paragraph\" id=\"paragraph_9\">\u201cDurante la \u00faltima d\u00e9cada, el K-Pop ha pasado de ser un inter\u00e9s minoritario<strong> a una presencia cultural vibrante en Barcelona<\/strong>\u201d, ha constatado el manager.<\/p>\n<p><img decoding=\"async\" alt=\"Foto de archivo del grupo de K-Pop 'Blackpink'\" data-imgm=\"true\" height=\"180\" loading=\"lazy\"  src=\"https:\/\/www.europesays.com\/es\/wp-content\/uploads\/2025\/11\/931666846_14272905_1024x576.jpg\"  width=\"320\"\/><\/p>\n<p>                                                            Foto de archivo del grupo de K-Pop &#8216;Blackpink&#8217;<\/p>\n<p>                    RRSS<\/p>\n<p class=\"paragraph\" id=\"paragraph_10\">Este 2025, la capital catalana se ha consolidado como un destino real para el K-Pop. Grandes grupos como <strong>Blackpink<\/strong>, <strong>TXT<\/strong> o <strong>Ateez<\/strong> han actuado en grandes recintos como el <strong>Estadi Ol\u00edmpic<\/strong> o el <strong>Palau Sant Jordi<\/strong>.<\/p>\n<p class=\"paragraph\" id=\"paragraph_11\">Pr\u00f3ximamente, las chicas de\u00a0<strong>Twice<\/strong>, que tienen m\u00e1s de 23 millones de oyentes en Spotify, tambi\u00e9n anunciaron parada en la capital catalana en el marco de su gira mundial.<\/p>\n<p>Variedad de salas<\/p>\n<p class=\"paragraph\" id=\"paragraph_12\">A la hora de planificar los tours, los grandes grupos de K-Pop tienen en cuenta la oferta de<strong> arenas y grandes estadios<\/strong>, pero no es el \u00fanico factor que toman en consideraci\u00f3n.<\/p>\n<p class=\"paragraph\" id=\"paragraph_13\">\u201c<strong>Espa\u00f1a ofrece una variedad de tama\u00f1os de salas<\/strong>, y muchas giras exitosas se llevan a cabo en espacios peque\u00f1os y medianos\u201d, ha explicado Jeong.<\/p>\n<p class=\"paragraph\" id=\"paragraph_14\">Seg\u00fan el manager, los artistas disfrutan en salas medianas o m\u00e1s peque\u00f1as, ya que se crean experiencias \u201c\u00fanicas y memorables\u201d con los fans.<\/p>\n<p><img decoding=\"async\" alt=\"El grupo de K-Pop NouerA en el Korea Spotlight de Paral\u00b7lel 62\" data-imgm=\"true\" height=\"180\" loading=\"lazy\"  src=\"https:\/\/www.europesays.com\/es\/wp-content\/uploads\/2025\/11\/1003742710855_15447748_1024x576.jpg\"  width=\"320\"\/><\/p>\n<p>                                                            El grupo de K-Pop NouerA en el Korea Spotlight de Paral\u00b7lel 62<\/p>\n<p>                    C.S &#8211; Metr\u00f3poli<\/p>\n<p>Expansi\u00f3n por Espa\u00f1a<\/p>\n<p class=\"paragraph\" id=\"paragraph_15\">La gira de Korea Spotlight 2025 ha pasado por <strong>Londres<\/strong> y <strong>Brighton<\/strong> durante el festival The Great Escape, as\u00ed como en <strong>Berl\u00edn<\/strong> y <strong>Hamburgo<\/strong> durante el Reeperbahn Festival.<\/p>\n<p class=\"paragraph\" id=\"paragraph_16\">Fuera de Europa, el Ministerio de Cultura surcoreano ha promocionado sus artistas en M\u00e9xico, Jap\u00f3n, Vietnam y Tailandia.<\/p>\n<p class=\"paragraph\" id=\"paragraph_17\">\u201cEsta exhibici\u00f3n se ha centrado en Barcelona, pero Espa\u00f1a cuenta con muchas ciudades con culturas musicales muy ricas y <strong>esperamos expandirnos a otras regiones en el futuro<\/strong>\u201d, ha asegurado Jeong.<\/p>\n<p>Korea Spotlight<\/p>\n<p class=\"paragraph\" id=\"paragraph_18\">En cuanto al tour de K-Pop en Barcelona, el productor y DJ <strong>Shaun<\/strong> ha abierto el festival, que fue el artista de K-Pop m\u00e1s reproducido en Spotify en 2019 y 2020.<\/p>\n<p class=\"paragraph\" id=\"paragraph_19\">Le ha seguido el grupo <strong>Big Ocean<\/strong>, formado por tres chicos <strong>sordos<\/strong> que combinan la inteligencia artificial y sistemas de metr\u00f3nomo de vibraci\u00f3n para bailar y cantar.<\/p>\n<p><img decoding=\"async\" alt=\"El grupo de K-Pop Billlie en el Korea Spotlight de Paral\u00b7lel 62\" data-imgm=\"true\" height=\"180\" loading=\"lazy\"  src=\"https:\/\/www.europesays.com\/es\/wp-content\/uploads\/2025\/11\/1003742710869_15447962_1024x576.jpg\"  width=\"320\"\/><\/p>\n<p>                                                            El grupo de K-Pop Billlie en el Korea Spotlight de Paral\u00b7lel 62<\/p>\n<p>                    C.S &#8211; Metr\u00f3poli<\/p>\n<p class=\"paragraph\" id=\"paragraph_20\"><strong>NouerA<\/strong> ha actuado despu\u00e9s, una banda de siete chicos que ha destacado con sus coreograf\u00edas explosivas en canciones como N.I.N (New Is Now) o n (number of cases).<\/p>\n<p class=\"paragraph\" id=\"paragraph_21\"><strong>Billlie<\/strong> ha continuado con la energ\u00eda alta, uno de los grupos m\u00e1s esperados de la noche. Las chicas han presentado algunos de sus sencillos m\u00e1s conocidos son Ring x Ring y Eunoia.<\/p>\n<p class=\"paragraph\" id=\"paragraph_22\">Finalmente, la artista que ha cerrado la exhibici\u00f3n y cabeza de cartel ha sido <strong>Chung Ha<\/strong>, una de las figuras femeninas m\u00e1s influyentes del K-Pop actual, con canciones conocidas como Gotta Go, Roller Coster o Snapping.\u00a0<\/p>\n","protected":false},"excerpt":{"rendered":"Noticias relacionadas Barcelona ha llamado la atenci\u00f3n de Corea del Sur, aunque algunos podr\u00edan argumentar que se la&hellip;\n","protected":false},"author":2,"featured_media":257002,"comment_status":"","ping_status":"","sticky":false,"template":"","format":"standard","meta":{"footnotes":""},"categories":[170],"tags":[208,209,146,147,25,24,184,185,23,11601],"class_list":{"0":"post-257001","1":"post","2":"type-post","3":"status-publish","4":"format-standard","5":"has-post-thumbnail","7":"category-musica","8":"tag-conciertos","9":"tag-cultura","10":"tag-entertainment","11":"tag-entretenimiento","12":"tag-es","13":"tag-espana","14":"tag-music","15":"tag-musica","16":"tag-spain","17":"tag-vivir-en-barcelona"},"share_on_mastodon":{"url":"https:\/\/pubeurope.com\/@es\/115616813590325172","error":""},"_links":{"self":[{"href":"https:\/\/www.europesays.com\/es\/wp-json\/wp\/v2\/posts\/257001","targetHints":{"allow":["GET"]}}],"collection":[{"href":"https:\/\/www.europesays.com\/es\/wp-json\/wp\/v2\/posts"}],"about":[{"href":"https:\/\/www.europesays.com\/es\/wp-json\/wp\/v2\/types\/post"}],"author":[{"embeddable":true,"href":"https:\/\/www.europesays.com\/es\/wp-json\/wp\/v2\/users\/2"}],"replies":[{"embeddable":true,"href":"https:\/\/www.europesays.com\/es\/wp-json\/wp\/v2\/comments?post=257001"}],"version-history":[{"count":0,"href":"https:\/\/www.europesays.com\/es\/wp-json\/wp\/v2\/posts\/257001\/revisions"}],"wp:featuredmedia":[{"embeddable":true,"href":"https:\/\/www.europesays.com\/es\/wp-json\/wp\/v2\/media\/257002"}],"wp:attachment":[{"href":"https:\/\/www.europesays.com\/es\/wp-json\/wp\/v2\/media?parent=257001"}],"wp:term":[{"taxonomy":"category","embeddable":true,"href":"https:\/\/www.europesays.com\/es\/wp-json\/wp\/v2\/categories?post=257001"},{"taxonomy":"post_tag","embeddable":true,"href":"https:\/\/www.europesays.com\/es\/wp-json\/wp\/v2\/tags?post=257001"}],"curies":[{"name":"wp","href":"https:\/\/api.w.org\/{rel}","templated":true}]}}