{"id":257011,"date":"2025-11-26T15:59:19","date_gmt":"2025-11-26T15:59:19","guid":{"rendered":"https:\/\/www.europesays.com\/es\/257011\/"},"modified":"2025-11-26T15:59:19","modified_gmt":"2025-11-26T15:59:19","slug":"probamos-nano-banana-pro-el-modelo-de-edicion-de-imagen-mas-potente-de-google","status":"publish","type":"post","link":"https:\/\/www.europesays.com\/es\/257011\/","title":{"rendered":"Probamos Nano Banana Pro, el modelo de edici\u00f3n de imagen m\u00e1s potente de Google"},"content":{"rendered":"<p>Ya est\u00e1 aqu\u00ed Nano Banana Pro<\/p>\n<p>A pesar de que todo el mundo esperaba\u00a0<strong>Nano Banana 2<\/strong>, Google se ha salido\u00a0por la tangente con el nombre de su nuevo modelo de generaci\u00f3n y edici\u00f3n de imagen. No hay una segunda versi\u00f3n en un sentido estricto, sino un sugerente\u00a0apellido: <strong>Pro<\/strong>. Para terminar de complicarlo, \u00abnano banana\u00bb no es m\u00e1s que un nombre oficioso, una broma que a Google le sali\u00f3 bien. En realidad, de lo que te hablo aqu\u00ed es de <strong>Gemini 3 Pro Image<\/strong>. Como ves, se trata de un modelo generativo de imagen englobado dentro del nuevo <a href=\"https:\/\/www.geeknetic.es\/Noticia\/36601\/Google-presenta-Gemini-3-Pro-la-IA-evoluciona-hacia-agentes-autonomos-capaces-de-gestionar-todos-tus-datos.html\" rel=\"nofollow noopener\" target=\"_blank\">Gemini 3 Pro<\/a>.<\/p>\n<p>\u00bfY cu\u00e1les son sus novedades con respecto al Nano Banana original que conocimos hace apenas unos meses? Son pocas, pero muy relevantes:<\/p>\n<ul>&#13;<\/p>\n<li><strong>Texto legible en im\u00e1genes<\/strong>. Una de las mejoras es la capacidad de generar texto dentro de las im\u00e1genes de forma precisa, legible y en varios idiomas. &#13;\n<\/li>\n<li><strong>Edici\u00f3n y creaci\u00f3n avanzada<\/strong>. Permite generar im\u00e1genes en resoluciones de hasta 4K. Ofrece controles de estudio para ajustar el enfoque, los \u00e1ngulos, la gradaci\u00f3n de color y otras configuraciones. Incluso se pueden combinar varias im\u00e1genes de referencia para crear resultados m\u00e1s complejos y detallados. &#13;\n<\/li>\n<li><strong>Coherencia y continuidad<\/strong>.\u00a0Mantiene la identidad de los personajes y la coherencia visual a trav\u00e9s de m\u00faltiples generaciones, lo que es ideal para proyectos que requieren continuidad. <\/li>\n<\/ul>\n<p>C\u00f3mo activar Nano Banana Pro en Google Gemini<\/p>\n<p>La primera duda que debemos resolver es\u00a0<strong>c\u00f3mo activar Nano Banana Pro en Google Gemini<\/strong>. Hoy por hoy, la compa\u00f1\u00eda permite a todo el mundo probar este nuevo modelo. No importa si no est\u00e1s pagando por una suscripci\u00f3n de IA, como <a href=\"https:\/\/www.geeknetic.es\/Guia\/3206\/Google-AI-Pro-Te-Contamos-Que-Ofrece-y-si-Merece-la-Pena-Pagar-por-esta-IA.html\" rel=\"nofollow noopener\" target=\"_blank\">Google AI Pro<\/a>. El \u00fanico inconveniente con el que vas a encontrar es con l\u00edmites de uso. Ahora bien, para hacer algunas pruebas, vas a tener m\u00e1s que suficiente.<\/p>\n<p>Por cierto, si se te ha venido a la mente <a href=\"https:\/\/pronetic.geeknetic.es\/Guia\/3326\/Google-AI-Studio-los-mejores-modelos-de-IA-de-Google-totalmente-gratis.html\" rel=\"nofollow noopener\" target=\"_blank\">Google AI Studio<\/a>, espacio donde siempre ha sido gratis probar lo \u00faltimo de la compa\u00f1\u00eda en materia de IA, tengo una mala noticia. No es posible, por ahora, usar Nano Banana Pro en esta plataforma, a menos que lo hagas a trav\u00e9s de la API, que es de pago.<\/p>\n<p>Teniendo esto en cuenta, el \u00fanico camino que hay para \u00abjugar\u00bb con Nano Banana Pro es mediante Gemini, ya sea en tu m\u00f3vil o en la web. Para esta gu\u00eda voy a optar por la segunda opci\u00f3n. No obstante, si quieres probar los\u00a0prompts\u00a0que te dejar\u00e9 en esta gu\u00eda desde la app para Android o iOS, puedes hacerlo sin problemas.<\/p>\n<p>Para activar Nano Banana Pro hay que seguir estos pasos:<\/p>\n<ol>&#13;<\/p>\n<li>Entra en\u00a0gemini.google.com\u00a0o en la app del m\u00f3vil. &#13;\n<\/li>\n<li>Abre el selector de modelos y elige\u00a0<strong>Razonamiento<\/strong>. Este modo es el que usa, por defecto, Gemini 3 Pro. &#13;\n<p><img decoding=\"async\" onerror=\"this.onerror=null;this.src=\" https:=\"\" class=\"ls0hot\" alt=\"Geeknetic Probamos Nano Banana Pro, el modelo de edici\u00f3n de imagen m\u00e1s potente de Google 1\" src=\"https:\/\/www.europesays.com\/es\/wp-content\/uploads\/2025\/11\/68g-probamos-nano-banana-pro-el-modelo-de-edicion-de-imagen-mas-potente-de-google.png\" width=\"1280\" height=\"976\" loading=\"lazy\"\/> <\/p>\n<p>&#13;\n<\/li>\n<li>Luego, haz clic o toca en\u00a0<strong>Herramientas<\/strong>. En el listado, selecciona\u00a0<strong>Crear imagen<\/strong>. &#13;\n<p><img decoding=\"async\" onerror=\"this.onerror=null;this.src=\" https:=\"\" class=\"ls0hot\" alt=\"Geeknetic Probamos Nano Banana Pro, el modelo de edici\u00f3n de imagen m\u00e1s potente de Google 2\" src=\"https:\/\/www.europesays.com\/es\/wp-content\/uploads\/2025\/11\/cp1-probamos-nano-banana-pro-el-modelo-de-edicion-de-imagen-mas-potente-de-google.png\" width=\"1280\" height=\"976\" loading=\"lazy\"\/> <\/p>\n<p>&#13;\n<\/li>\n<li>Finalmente, escribe el\u00a0prompt\u00a0y espera a que se genere la imagen. <\/li>\n<\/ol>\n<p>Estos son los pasos que debes seguir si lo que quieres es usar\u00a0<strong>Nano Banana Pro<\/strong>. En el caso de que selecciones la opci\u00f3n\u00a0<strong>R\u00e1pido<\/strong>\u00a0en el selector de modelos, estar\u00e1s utilizando la versi\u00f3n previa, la original.<\/p>\n<p>Ejemplo 1. Generar im\u00e1genes realistas<\/p>\n<p>Aunque Nano Banana salt\u00f3 a la palestra gracias a sus capacidades de edici\u00f3n, es un excelente generador de im\u00e1genes a partir de texto. De hecho, lo que m\u00e1s llama la atenci\u00f3n es el realismo de sus creaciones, dificultando enormemente distinguir una imagen generada por IA de una real.<\/p>\n<p>Por ejemplo, le he pedido esto:<\/p>\n<ul>&#13;<\/p>\n<li>Imagen fotogr\u00e1fica con algo de grano. Fr\u00eda. Un selfie en mitad de los Alpes suizos. Se ve una pareja con efecto bokeh. Est\u00e1n en medio de un camino que los lleva a la cima del Cervino. La fotograf\u00eda transmite algo de nostalgia. <\/li>\n<\/ul>\n<p>El resultado es este:<\/p>\n<p><img decoding=\"async\" onerror=\"this.onerror=null;this.src=\" https:=\"\" class=\"ls0hot\" alt=\"Geeknetic Probamos Nano Banana Pro, el modelo de edici\u00f3n de imagen m\u00e1s potente de Google 3\" src=\"https:\/\/www.europesays.com\/es\/wp-content\/uploads\/2025\/11\/twu-probamos-nano-banana-pro-el-modelo-de-edicion-de-imagen-mas-potente-de-google.png\" width=\"874\" height=\"477\" loading=\"lazy\"\/><\/p>\n<p>Como ves, se trata de una indicaci\u00f3n bastante simple, pero la foto realmente transmite esa nostalgia solicitada, incluyendo una fecha que, todo sea dicho, no coincide demasiado con el entorno nevado que ha representado el modelo. Fue un oto\u00f1o fr\u00edo, el de aquel 1987.<\/p>\n<p>Otro\u00a0prompt\u00a0relacionado con la fotograf\u00eda realista que he enviado a Nano Banana Pro ha sido este:<\/p>\n<ul>&#13;<\/p>\n<li>Una foto nocturna en una calle estrecha del Barrio G\u00f3tico de Barcelona. El suelo de adoquines est\u00e1 mojado y refleja la luz amarilla de las farolas antiguas. Pasa una persona caminando r\u00e1pido de espaldas con una chaqueta oscura. La imagen tiene contraste, sombras marcadas y un poco de grano, como si fuera de una pel\u00edcula de misterio. En cualquier caso, debe ser una fotograf\u00eda muy realista. <\/li>\n<\/ul>\n<p><img decoding=\"async\" onerror=\"this.onerror=null;this.src=\" https:=\"\" class=\"ls0hot\" alt=\"Geeknetic Probamos Nano Banana Pro, el modelo de edici\u00f3n de imagen m\u00e1s potente de Google 4\" src=\"https:\/\/www.europesays.com\/es\/wp-content\/uploads\/2025\/11\/u8h-probamos-nano-banana-pro-el-modelo-de-edicion-de-imagen-mas-potente-de-google.png\" width=\"877\" height=\"480\" loading=\"lazy\"\/><\/p>\n<p>Parece que la cosa pinta bien, \u00bfverdad?<\/p>\n<p>Ejemplo 2. Generaci\u00f3n de texto<\/p>\n<p>Otra\u00a0de las novedades de este modelo es su capacidad para <strong>generar texto sin fallos<\/strong>, algo en los que la mayor\u00eda de los modelos fallaba. Esto viene muy bien, por ejemplo, a la hora de representar carteler\u00eda dentro de una imagen. No nos movemos de Barcelona para este siguiente\u00a0prompt\u00a0en castellano, pero con textos en catal\u00e1n:<\/p>\n<ul>&#13;<\/p>\n<li>Una foto frontal de una panader\u00eda r\u00fastica de barrio. En el cristal del escaparate se lee claramente en letras blancas pintadas: \u00abEl Forn del Barri\u00bb. Justo debajo hay una pizarra negra en el suelo donde pone escrito con tiza: \u00abOferta esmorzar: caf\u00e8 i croissant\u00bb. Se ven panes borrosos detr\u00e1s del cristal. <\/li>\n<\/ul>\n<p>Nano Banana Pro ejecuta la tarea de forma alucinante. As\u00ed es como qued\u00f3:<\/p>\n<p><img decoding=\"async\" onerror=\"this.onerror=null;this.src=\" https:=\"\" class=\"ls0hot\" alt=\"Geeknetic Probamos Nano Banana Pro, el modelo de edici\u00f3n de imagen m\u00e1s potente de Google 5\" src=\"https:\/\/www.europesays.com\/es\/wp-content\/uploads\/2025\/11\/423-probamos-nano-banana-pro-el-modelo-de-edicion-de-imagen-mas-potente-de-google.png\" width=\"879\" height=\"478\" loading=\"lazy\"\/><\/p>\n<p>Aqu\u00ed va una segunda petici\u00f3n para este ejercicio en el que ponemos a prueba la generaci\u00f3n de texto con Gemini 3 Pro Image:<\/p>\n<ul>&#13;<\/p>\n<li>Una foto desde arriba de un escritorio de madera desordenado. Hay un post-it amarillo pegado en la esquina de un port\u00e1til cerrado. En el post-it pone escrito con rotulador azul y letra ligada: \u00abLlamar a mam\u00e1 a las 18:00\u00bb. Al lado hay unas llaves de casa y una taza de t\u00e9 humeante. <\/li>\n<\/ul>\n<p>Y aqu\u00ed el resultado:<\/p>\n<p><img decoding=\"async\" onerror=\"this.onerror=null;this.src=\" https:=\"\" class=\"ls0hot\" alt=\"Geeknetic Probamos Nano Banana Pro, el modelo de edici\u00f3n de imagen m\u00e1s potente de Google 6\" src=\"https:\/\/www.europesays.com\/es\/wp-content\/uploads\/2025\/11\/kex-probamos-nano-banana-pro-el-modelo-de-edicion-de-imagen-mas-potente-de-google.png\" width=\"877\" height=\"477\" loading=\"lazy\"\/><\/p>\n<p>\u00bfC\u00f3mo lo ves?<\/p>\n<p>Ejemplo 3. Creaci\u00f3n de infograf\u00edas y documentos<\/p>\n<p>Lo \u00faltimo que te propongo es\u00a0<strong>poner a prueba la generaci\u00f3n de textos<\/strong>\u00a0dentro de documentos, como infograf\u00edas. En este caso, es posible aprovechar la multimodalidad del modelo para enviarle informaci\u00f3n, pedirle que la analice y que, a partir de ella, genere una infograf\u00eda o un documento visual.<\/p>\n<p>Empecemos con este\u00a0prompt:<\/p>\n<ul>&#13;<\/p>\n<li>Una infograf\u00eda muy limpia y minimalista sobre \u00abC\u00f3mo hacer t\u00e9 matcha\u00bb. Solo tres pasos con dibujos simples y colores verdes suaves. Paso 1: Un dibujo de echar el polvo verde con el texto \u00abA\u00f1adir Matcha\u00bb. Paso 2: Un dibujo de echar agua caliente con el texto \u00abAgua a 80\u00b0\u00bb. Paso 3: Un dibujo batiendo con la escobilla de bamb\u00fa y el texto \u00abBatir bien\u00bb. <\/li>\n<\/ul>\n<p><img decoding=\"async\" onerror=\"this.onerror=null;this.src=\" https:=\"\" class=\"ls0hot\" alt=\"Geeknetic Probamos Nano Banana Pro, el modelo de edici\u00f3n de imagen m\u00e1s potente de Google 7\" src=\"https:\/\/www.europesays.com\/es\/wp-content\/uploads\/2025\/11\/0mr-probamos-nano-banana-pro-el-modelo-de-edicion-de-imagen-mas-potente-de-google.png\" width=\"875\" height=\"472\" loading=\"lazy\"\/>Adem\u00e1s, es posible crear documentaci\u00f3n detallada a partir de otras im\u00e1genes, como he hecho con este\u00a0prompt:<\/p>\n<ul>&#13;<\/p>\n<li>Usa la imagen del iPhone que te he pasado y crea una infograf\u00eda tipo \u00abvista explosionada\u00bb. Quiero que desmontes el m\u00f3vil en el aire, separ\u00e1ndolo en varias capas flotantes, una encima de la otra, para que se vea todo lo que lleva dentro. La capa de m\u00e1s arriba ser\u00e1 la pantalla. En el medio, pon una capa con la placa base, la bater\u00eda grande y el m\u00f3dulo de las c\u00e1maras. Abajo del todo, la tapa trasera. A\u00f1ade l\u00edneas finas y etiquetas de texto claras se\u00f1alando cada parte: \u00abPantalla\u00bb, \u00abBater\u00eda\u00bb, \u00abPlaca Base\u00bb, \u00abC\u00e1maras\u00bb. El fondo debe ser blanco, como un documento t\u00e9cnico limpio. <\/li>\n<\/ul>\n<p><img decoding=\"async\" onerror=\"this.onerror=null;this.src=\" https:=\"\" class=\"ls0hot\" alt=\"Geeknetic Probamos Nano Banana Pro, el modelo de edici\u00f3n de imagen m\u00e1s potente de Google 8\" src=\"https:\/\/www.europesays.com\/es\/wp-content\/uploads\/2025\/11\/9gd-probamos-nano-banana-pro-el-modelo-de-edicion-de-imagen-mas-potente-de-google.png\" width=\"567\" height=\"566\" loading=\"lazy\"\/><\/p>\n<p>Obviamente, para conseguir este resultado, adjunt\u00e9 la imagen de un iPhone que descargu\u00e9 de un repositorio libre de regal\u00edas.\u00a0<\/p>\n<p>Nano Banana Pro es un modelo alucinante<\/p>\n<p>Lo que logr\u00f3 Google con su modelo Nano Banana original ya era impresionante, pero este nuevo modelo es todav\u00eda mejor. De hecho, considero que ser\u00e1\u00a0una mina para todos aquellos que necesitan generar recursos gr\u00e1ficos y quieren reducir el tiempo que dedican a ella. Infograf\u00edas, documentos, fotos realistas, ilustraciones&#8230; La precisi\u00f3n de Nano Banana Pro para entender las indicaciones y ejecutar la tarea es el punto fuerte.<\/p>\n<p>Por si esto fuera poco, <strong>el tiempo de generaci\u00f3n tambi\u00e9n ha mejorado mucho<\/strong>. Todas las im\u00e1genes generadas en esta gu\u00eda se obtuvieron en apenas 30 segundos. Por supuesto, el componente humano sigue siendo relevante con este modelo. No dudo de que, en las manos adecuadas, las de un profesional creativo, quiero decir, el potencial de esta nueva versi\u00f3n de Nano Banana ser\u00e1 enorme.<\/p>\n<p id=\"finarticulo\">Fin del Art\u00edculo. \u00a1Cu\u00e9ntanos algo en los <a href=\"https:\/\/www.geeknetic.es\/Guia\/3403\/Javascript: hzscroll(\" comentarios=\"\" class=\"comfinlink\" title=\"Comenta este art\u00edculo\" rel=\"nofollow noopener\" target=\"_blank\">Comentarios<\/a>!<\/p>\n","protected":false},"excerpt":{"rendered":"Ya est\u00e1 aqu\u00ed Nano Banana Pro A pesar de que todo el mundo esperaba\u00a0Nano Banana 2, Google se&hellip;\n","protected":false},"author":2,"featured_media":257012,"comment_status":"","ping_status":"","sticky":false,"template":"","format":"standard","meta":{"footnotes":""},"categories":[81],"tags":[119,123,124,25,24,117,121,122,23,118,120],"class_list":{"0":"post-257011","1":"post","2":"type-post","3":"status-publish","4":"format-standard","5":"has-post-thumbnail","7":"category-ciencia-y-tecnologia","8":"tag-ciencia","9":"tag-ciencia-y-tecnologia","10":"tag-cienciaytecnologia","11":"tag-es","12":"tag-espana","13":"tag-science","14":"tag-science-and-technology","15":"tag-scienceandtechnology","16":"tag-spain","17":"tag-technology","18":"tag-tecnologia"},"share_on_mastodon":{"url":"https:\/\/pubeurope.com\/@es\/115616836532134304","error":""},"_links":{"self":[{"href":"https:\/\/www.europesays.com\/es\/wp-json\/wp\/v2\/posts\/257011","targetHints":{"allow":["GET"]}}],"collection":[{"href":"https:\/\/www.europesays.com\/es\/wp-json\/wp\/v2\/posts"}],"about":[{"href":"https:\/\/www.europesays.com\/es\/wp-json\/wp\/v2\/types\/post"}],"author":[{"embeddable":true,"href":"https:\/\/www.europesays.com\/es\/wp-json\/wp\/v2\/users\/2"}],"replies":[{"embeddable":true,"href":"https:\/\/www.europesays.com\/es\/wp-json\/wp\/v2\/comments?post=257011"}],"version-history":[{"count":0,"href":"https:\/\/www.europesays.com\/es\/wp-json\/wp\/v2\/posts\/257011\/revisions"}],"wp:featuredmedia":[{"embeddable":true,"href":"https:\/\/www.europesays.com\/es\/wp-json\/wp\/v2\/media\/257012"}],"wp:attachment":[{"href":"https:\/\/www.europesays.com\/es\/wp-json\/wp\/v2\/media?parent=257011"}],"wp:term":[{"taxonomy":"category","embeddable":true,"href":"https:\/\/www.europesays.com\/es\/wp-json\/wp\/v2\/categories?post=257011"},{"taxonomy":"post_tag","embeddable":true,"href":"https:\/\/www.europesays.com\/es\/wp-json\/wp\/v2\/tags?post=257011"}],"curies":[{"name":"wp","href":"https:\/\/api.w.org\/{rel}","templated":true}]}}