{"id":257017,"date":"2025-11-26T16:02:14","date_gmt":"2025-11-26T16:02:14","guid":{"rendered":"https:\/\/www.europesays.com\/es\/257017\/"},"modified":"2025-11-26T16:02:14","modified_gmt":"2025-11-26T16:02:14","slug":"anticorrupcion-investiga-las-supuestas-irregularidades-del-cnio","status":"publish","type":"post","link":"https:\/\/www.europesays.com\/es\/257017\/","title":{"rendered":"Anticorrupci\u00f3n investiga las supuestas irregularidades del CNIO"},"content":{"rendered":"<p>La Fiscal\u00eda Anticorrupci\u00f3n ha abierto diligencias de investigaci\u00f3n tras una denuncia por <strong>presuntas irregularidades en la contrataci\u00f3n p\u00fablica por parte de ex altos cargos del \u00e1rea econ\u00f3mica del Centro Nacional de Investigaciones Oncol\u00f3gicas (CNIO)<\/strong>. Anticorrupci\u00f3n estima que los hechos denunciados tienen la suficiente entidad como para investigar un posible delito.<\/p>\n<p>La denuncia fue presentada por otro ex alto cargo del CNIO el pasado junio contra otros antiguos directivos del \u00e1rea econ\u00f3mica organismo y empresas afines, <strong>por presuntamente haberse lucrado con contratos que se fraccionaban o inflaban<\/strong>.<\/p>\n<p>Tres trabajadores, despedidos<\/p>\n<p>La ministra de Ciencia, Innovaci\u00f3n y Universidades, <strong>Diana Morant<\/strong>, ha confirmado este mi\u00e9rcoles que tres trabajadores que formaban parte de la anterior gerencia del CNIO han sido despedidos despu\u00e9s de que trascendiera que la Fiscal\u00eda Anticorrupci\u00f3n investiga presuntas irregularidades en contratos suscritos por empleados del organismo.<\/p>\n<p>Morant, al defender las decisiones de la nueva gerencia,<strong> liderada por Jos\u00e9 Manuel Bernab\u00e9 desde septiembre<\/strong>, se\u00f1ala que \u00aben esta nueva etapa el gerente ha considerado que puede prescindir de estos tres puestos de trabajo\u00bb. As\u00ed ha aludido Morant al caso que afecta al exgerente del CNIO, <strong>Juan Arroyo, y otros dos trabajadores,<\/strong> algo que la ministra dijo conocer por las informaciones que han trascendido en los medios de comunicaci\u00f3n.<\/p>\n<p>La v\u00edspera, el patronato del CNIO acord\u00f3 por unanimidad la reorganizaci\u00f3n de la estructura del organismo, tras una denuncia por presuntas irregularidades, en una medida presentada para eliminar, de forma inmediata, \u00abduplicidades y capas intermedias que no aportan valor diferencial\u00bb.<\/p>\n<p>Esa reorganizaci\u00f3n incluy\u00f3 la supresi\u00f3n del cargo que a\u00fan manten\u00eda Arroyo en el \u00e1rea econ\u00f3mica del centro y la de <strong>otras dos posiciones de esa secci\u00f3n ocupadas por los empleados Jos\u00e9 Ignacio Fern\u00e1ndez y Laura Mu\u00f1oz<\/strong>.<\/p>\n","protected":false},"excerpt":{"rendered":"La Fiscal\u00eda Anticorrupci\u00f3n ha abierto diligencias de investigaci\u00f3n tras una denuncia por presuntas irregularidades en la contrataci\u00f3n p\u00fablica&hellip;\n","protected":false},"author":2,"featured_media":257018,"comment_status":"","ping_status":"","sticky":false,"template":"","format":"standard","meta":{"footnotes":""},"categories":[8],"tags":[17,18,25,24,13,14,11,19,20,9,10,15,16,23,12,21,22],"class_list":{"0":"post-257017","1":"post","2":"type-post","3":"status-publish","4":"format-standard","5":"has-post-thumbnail","7":"category-espana","8":"tag-breaking-news","9":"tag-breakingnews","10":"tag-es","11":"tag-espana","12":"tag-featured-news","13":"tag-featurednews","14":"tag-headlines","15":"tag-latest-news","16":"tag-latestnews","17":"tag-news","18":"tag-noticias","19":"tag-noticias-destacadas","20":"tag-noticiasdestacadas","21":"tag-spain","22":"tag-titulares","23":"tag-ultimas-noticias","24":"tag-ultimasnoticias"},"share_on_mastodon":{"url":"https:\/\/pubeurope.com\/@es\/115616844857629812","error":""},"_links":{"self":[{"href":"https:\/\/www.europesays.com\/es\/wp-json\/wp\/v2\/posts\/257017","targetHints":{"allow":["GET"]}}],"collection":[{"href":"https:\/\/www.europesays.com\/es\/wp-json\/wp\/v2\/posts"}],"about":[{"href":"https:\/\/www.europesays.com\/es\/wp-json\/wp\/v2\/types\/post"}],"author":[{"embeddable":true,"href":"https:\/\/www.europesays.com\/es\/wp-json\/wp\/v2\/users\/2"}],"replies":[{"embeddable":true,"href":"https:\/\/www.europesays.com\/es\/wp-json\/wp\/v2\/comments?post=257017"}],"version-history":[{"count":0,"href":"https:\/\/www.europesays.com\/es\/wp-json\/wp\/v2\/posts\/257017\/revisions"}],"wp:featuredmedia":[{"embeddable":true,"href":"https:\/\/www.europesays.com\/es\/wp-json\/wp\/v2\/media\/257018"}],"wp:attachment":[{"href":"https:\/\/www.europesays.com\/es\/wp-json\/wp\/v2\/media?parent=257017"}],"wp:term":[{"taxonomy":"category","embeddable":true,"href":"https:\/\/www.europesays.com\/es\/wp-json\/wp\/v2\/categories?post=257017"},{"taxonomy":"post_tag","embeddable":true,"href":"https:\/\/www.europesays.com\/es\/wp-json\/wp\/v2\/tags?post=257017"}],"curies":[{"name":"wp","href":"https:\/\/api.w.org\/{rel}","templated":true}]}}