{"id":257021,"date":"2025-11-26T16:08:07","date_gmt":"2025-11-26T16:08:07","guid":{"rendered":"https:\/\/www.europesays.com\/es\/257021\/"},"modified":"2025-11-26T16:08:07","modified_gmt":"2025-11-26T16:08:07","slug":"bublik-construye-su-jugador-perfecto-y-se-olvida-de-nadal-y-federer-punto-de-break","status":"publish","type":"post","link":"https:\/\/www.europesays.com\/es\/257021\/","title":{"rendered":"Bublik construye su jugador perfecto&#8230; y se olvida de Nadal y Federer &#8211; Punto de Break"},"content":{"rendered":"<ol>\n<li><a href=\"https:\/\/news.google.com\/rss\/articles\/CBMimgFBVV95cUxNTHVjTDdrSGNrYXd0eE10TjY5dk9MVEFINk5QOG9PdlRwbG1mclhVZG85YUdaTkRpNFV5aXVTU3BxSmNSZHBHOXlscGZqdnVyUjYyTGk0WEtVaHd4VmtmcjNZMEVOOGVaN1ZHMnN6V2VxOFM2aTRKU2VVSmdmZldvLWJpWW1ORTItMVNUN1NoVGVzN2VfUEFxZkRR?oc=5\" target=\"_blank\" rel=\"nofollow noopener\">Bublik construye su jugador perfecto&#8230; y se olvida de Nadal y Federer<\/a>&nbsp;&nbsp;Punto de Break<\/li>\n<li><a href=\"https:\/\/news.google.com\/rss\/articles\/CBMiywFBVV95cUxORkNLSmEydllEWU5qUGVYd1lTSVRQMm01UmhQZ2JBRGUzQkpvUU55X0RwOGNxbVJCMEIyVS1lYlNwLTIzWnRqcFpDVzBzdXVUQ1JLdjdRcDJiTi13Z01KeTBOcnZFQ1ZTYlpEOE9VcG83UFRpMkRZWmRPT0hrTEMzMWsyeTFzcnAyUmhkRDRyQ0FuaTJFeHk3Zkh6ckZyd0Z5bGFYbHpCcVlReTd2MzdjM1d3alpSVXRsYjdpdVZFSEk3MHpBZ05XQUFLcw?oc=5\" target=\"_blank\" rel=\"nofollow noopener\">El pol\u00e9mico &#8216;jugador perfecto&#8217; de Bublik&#8230; \u00a1sin Nadal y Federer!<\/a>&nbsp;&nbsp;Eurosport<\/li>\n<li><a href=\"https:\/\/news.google.com\/rss\/articles\/CBMi1gFBVV95cUxNSS11X01GMzE0anBRX1ZsNzhoWFhQQk45SlRNRTQyUUNmRHlCWXBMYmptRFU3RmhHU0xneGMxa3pOd2VTby1RWThRd2J1WEwxaHA5aS1TM19BZVhDeHVaNlpDRWVFeVk0YV9jOEE4NWtQYndhcGgzTWR1aTliMVl3UWNfc1hDMGVSQ0t6NjNRWno2M3NTbWtJRXZXMG9MNkE3LUc3R2x2V3ZNcHhWX1U1UXJsSm8xazhaTmJqVXJkSXdsdmdjM04yYXFzeXptRFZNNHItN1dn?oc=5\" target=\"_blank\" rel=\"nofollow noopener\">El tenista m\u00e1s pol\u00e9mico vuelve a provocar: deja fuera a Nadal y Federer entre los mejores<\/a>&nbsp;&nbsp;Estadio Deportivo<\/li>\n<li><a href=\"https:\/\/news.google.com\/rss\/articles\/CBMi4gFBVV95cUxOaEZsWWNTSGRIQjVPempoUDFzYUhmR2dxYzU2R2J6NGo4X2JKX19vMlB0TzBUWDNucWx3b015OXhYeGRfWkstWTRFQVFDM3NFOHl0LWNNaE80c05xZ04yUW5keDNWajB6OFZNVjYzWkpJaFZnam5NZFlfRGlocWw1and6TUxHbktVZDBGdDJGTGV0UEYyeGw2d1lkeTd6cGg1ek5IZmg3Sk9lM2VONlBtY0pjenJ2S2NUUDJmTzhuaHp3MUp1cEpQYnVKNlpoY080UWlzV0drd19ETWxHSmh6clRB?oc=5\" target=\"_blank\" rel=\"nofollow noopener\">Fuerza mental, desplazamientos, devoluci\u00f3n: el imprevisible Bublik nos da su jugador perfecto<\/a>&nbsp;&nbsp;MSN<\/li>\n<li><a href=\"https:\/\/news.google.com\/rss\/articles\/CBMirwFBVV95cUxPMzh6eFM2eW50YWNlajQ1ZktjS3ByN0ZPeTU1QU8yR2s4Sjk1aWVkc3gwVU1seVpTdDY4eXRlRm1SNU1aS21UOWZOeGE1YTFXa3NHVnNKVVRBS2RLUDk0QXhHYlc5cUdvQkJLV2dfVWo2V1E3cXNqRC1sNzB4M01ocXdTRkJWUWhORzhpTXNfX2VuZkhSMnd4T3VUQWZNQ2lkdkFKQ3Ixb1E5Rm5NRjkw0gG0AUFVX3lxTE9maVMyenljeU03V0hmZFYyZkVILXFxN2lLREhoUE5LYzV6aFdMT0dBUGN6YnR6TXZNZ0NrQ29CYlVVNWdjZV9oVVJIQ210TTFtdl92WkZwbG1WN0gzQVd2Mm1ZWjlMZEdMTExLNUtLMmxsdGM0WkI2RzVuUkp1RWtGNEx4NDl2UXg5YnUtSmFCTGNpVXVvUHF2VWp3YmZublFEdDFwSVRKWUJ6MVluSU11MlZSVA?oc=5\" target=\"_blank\" rel=\"nofollow noopener\">Sin Federer ni Nadal, el tenista m\u00e1s pol\u00e9mico del circuito arm\u00f3 a su jugador ideal<\/a>&nbsp;&nbsp;Bolavip<\/li>\n<\/ol>\n","protected":false},"excerpt":{"rendered":"Bublik construye su jugador perfecto&#8230; y se olvida de Nadal y Federer&nbsp;&nbsp;Punto de Break El pol\u00e9mico &#8216;jugador perfecto&#8217;&hellip;\n","protected":false},"author":2,"featured_media":257022,"comment_status":"","ping_status":"","sticky":false,"template":"","format":"standard","meta":{"footnotes":""},"categories":[274],"tags":[168,25,24,23,167,327,326],"class_list":{"0":"post-257021","1":"post","2":"type-post","3":"status-publish","4":"format-standard","5":"has-post-thumbnail","7":"category-tenis","8":"tag-deportes","9":"tag-es","10":"tag-espana","11":"tag-spain","12":"tag-sports","13":"tag-tenis","14":"tag-tennis"},"share_on_mastodon":{"url":"https:\/\/pubeurope.com\/@es\/115616868161072294","error":""},"_links":{"self":[{"href":"https:\/\/www.europesays.com\/es\/wp-json\/wp\/v2\/posts\/257021","targetHints":{"allow":["GET"]}}],"collection":[{"href":"https:\/\/www.europesays.com\/es\/wp-json\/wp\/v2\/posts"}],"about":[{"href":"https:\/\/www.europesays.com\/es\/wp-json\/wp\/v2\/types\/post"}],"author":[{"embeddable":true,"href":"https:\/\/www.europesays.com\/es\/wp-json\/wp\/v2\/users\/2"}],"replies":[{"embeddable":true,"href":"https:\/\/www.europesays.com\/es\/wp-json\/wp\/v2\/comments?post=257021"}],"version-history":[{"count":0,"href":"https:\/\/www.europesays.com\/es\/wp-json\/wp\/v2\/posts\/257021\/revisions"}],"wp:featuredmedia":[{"embeddable":true,"href":"https:\/\/www.europesays.com\/es\/wp-json\/wp\/v2\/media\/257022"}],"wp:attachment":[{"href":"https:\/\/www.europesays.com\/es\/wp-json\/wp\/v2\/media?parent=257021"}],"wp:term":[{"taxonomy":"category","embeddable":true,"href":"https:\/\/www.europesays.com\/es\/wp-json\/wp\/v2\/categories?post=257021"},{"taxonomy":"post_tag","embeddable":true,"href":"https:\/\/www.europesays.com\/es\/wp-json\/wp\/v2\/tags?post=257021"}],"curies":[{"name":"wp","href":"https:\/\/api.w.org\/{rel}","templated":true}]}}