{"id":257023,"date":"2025-11-26T16:11:12","date_gmt":"2025-11-26T16:11:12","guid":{"rendered":"https:\/\/www.europesays.com\/es\/257023\/"},"modified":"2025-11-26T16:11:12","modified_gmt":"2025-11-26T16:11:12","slug":"me-dicen-que-han-de-ponerme-un-monumento-por-haberla-aguantado-tantos-anos","status":"publish","type":"post","link":"https:\/\/www.europesays.com\/es\/257023\/","title":{"rendered":"Me dicen que han de ponerme un monumento por haberla aguantado tantos a\u00f1os"},"content":{"rendered":"<p class=\"c-paragraph\">A sus 84 a\u00f1os, Marc Ostarcevic se ha mudado a su Croacia natal, despu\u00e9s de vivir durante m\u00e1s de 15 a\u00f1os en Benidorm. Y, aunque durante mucho tiempo <b>sufri\u00f3 no hablarse con dos de los tres hijos que tiene con <a href=\"https:\/\/www.20minutos.es\/tags\/personas\/norma-duval.html\" title=\"Norma Duval\" rel=\"nofollow noopener\" target=\"_blank\">Norma Duval<\/a><\/b>,\u00a0 actualmente vive feliz y convencido de que no ha hecho nada mal: \u00abCreo que su madre los puso en mi contra\u00bb.<\/p>\n<p class=\"c-paragraph\">El\u00a0exjugador de baloncesto conoci\u00f3 a la vedete en 1983 y se cas\u00f3 con ella en 1992. Durante sus 20 a\u00f1os de relaci\u00f3n tuvieron tres hijos, Marc (41 a\u00f1os), Yelko (39) y Christian (31), y el exdeportista asegura que no tiene relaci\u00f3n con el mayor y el peque\u00f1o.<\/p>\n<p class=\"c-paragraph\">\u00abCreo que su madre en su momento no hizo lo que ten\u00eda que hacer y los puso en mi contra\u00bb, acus\u00f3 Ostarcevic en Semana. \u00ab<b>Ellos ten\u00edan que haber estado por encima de la influencia de su madre<\/b> (&#8230;) Han pasado ya 15 o 20 a\u00f1os, he intentado hablar con ellos y nada\u00bb.<\/p>\n<p class=\"c-paragraph\">El exmarido de Norma Duval afirm\u00f3 que ha \u00abperdido completamente la esperanza de hablar\u00bb y reconciliarse con ellos, pero ya no se agobia con eso: \u00ab<b>S\u00e9 que he cumplido con mis deberes como padre<\/b>. Estoy conforme con todo lo que he hecho en mi vida. Tengo la conciencia muy tranquila\u00bb.<\/p>\n<p class=\"c-paragraph\">El entrenador de baloncesto reflexion\u00f3 con la revista sobre su relaci\u00f3n con Norma Duval y opin\u00f3 que ven\u00edan de \u00abdos mundos muy diferentes y sus vidas no se parec\u00edan en nada\u00bb. A pesar de que fue \u00abmuy feliz\u00bb, sostuvo que, <b>sin sus hijos, se \u00abhabr\u00eda separado mucho antes<\/b>\u00ab.<\/p>\n<p class=\"c-paragraph\">\u00abNorma tiene un car\u00e1cter complicado. Hay muchos compa\u00f1eros de prensa que me dec\u00edan que a m\u00ed ten\u00edan que ponerme un monumento en Gran V\u00eda por haber aguantado a Norma tantos a\u00f1os\u00bb, rememor\u00f3 Marc Ostarcevic. \u00ab<b>Tiene mucho genio y un par de cojones&#8230; Y eso no siempre es positivo<\/b>\u00ab.<\/p>\n","protected":false},"excerpt":{"rendered":"A sus 84 a\u00f1os, Marc Ostarcevic se ha mudado a su Croacia natal, despu\u00e9s de vivir durante m\u00e1s&hellip;\n","protected":false},"author":2,"featured_media":257024,"comment_status":"","ping_status":"","sticky":false,"template":"","format":"standard","meta":{"footnotes":""},"categories":[269],"tags":[299,298,168,64527,25,24,8196,6489,22191,64526,23,167],"class_list":{"0":"post-257023","1":"post","2":"type-post","3":"status-publish","4":"format-standard","5":"has-post-thumbnail","7":"category-baloncesto","8":"tag-baloncesto","9":"tag-basketball","10":"tag-deportes","11":"tag-duval","12":"tag-es","13":"tag-espana","14":"tag-ex","15":"tag-marc","16":"tag-norma","17":"tag-ostarcevic","18":"tag-spain","19":"tag-sports"},"share_on_mastodon":{"url":"https:\/\/pubeurope.com\/@es\/115616880035733496","error":""},"_links":{"self":[{"href":"https:\/\/www.europesays.com\/es\/wp-json\/wp\/v2\/posts\/257023","targetHints":{"allow":["GET"]}}],"collection":[{"href":"https:\/\/www.europesays.com\/es\/wp-json\/wp\/v2\/posts"}],"about":[{"href":"https:\/\/www.europesays.com\/es\/wp-json\/wp\/v2\/types\/post"}],"author":[{"embeddable":true,"href":"https:\/\/www.europesays.com\/es\/wp-json\/wp\/v2\/users\/2"}],"replies":[{"embeddable":true,"href":"https:\/\/www.europesays.com\/es\/wp-json\/wp\/v2\/comments?post=257023"}],"version-history":[{"count":0,"href":"https:\/\/www.europesays.com\/es\/wp-json\/wp\/v2\/posts\/257023\/revisions"}],"wp:featuredmedia":[{"embeddable":true,"href":"https:\/\/www.europesays.com\/es\/wp-json\/wp\/v2\/media\/257024"}],"wp:attachment":[{"href":"https:\/\/www.europesays.com\/es\/wp-json\/wp\/v2\/media?parent=257023"}],"wp:term":[{"taxonomy":"category","embeddable":true,"href":"https:\/\/www.europesays.com\/es\/wp-json\/wp\/v2\/categories?post=257023"},{"taxonomy":"post_tag","embeddable":true,"href":"https:\/\/www.europesays.com\/es\/wp-json\/wp\/v2\/tags?post=257023"}],"curies":[{"name":"wp","href":"https:\/\/api.w.org\/{rel}","templated":true}]}}