{"id":257025,"date":"2025-11-26T16:12:08","date_gmt":"2025-11-26T16:12:08","guid":{"rendered":"https:\/\/www.europesays.com\/es\/257025\/"},"modified":"2025-11-26T16:12:08","modified_gmt":"2025-11-26T16:12:08","slug":"bakambu-fuera-de-la-lista-del-betis-para-medirse-al-utrecht","status":"publish","type":"post","link":"https:\/\/www.europesays.com\/es\/257025\/","title":{"rendered":"Bakambu, fuera de la lista del Betis para medirse al Utrecht"},"content":{"rendered":"<p style=\"\">El <strong>Real Betis<\/strong> ha ofrecido la lista de convocados de cara al encuentro correspondiente a la quinta jornada de la <strong>Europa League<\/strong> que medir\u00e1 a los verdiblancos ante el <strong>FC Utrecht<\/strong> en el estadio de la Cartuja este jueves a partir de  &#8230; las 21.00. Manuel Pellegrini, preparador heliopolitano, no ha podido contar con Bakambu como baja de \u00faltima hora al tener fiebre y problemas estomacales el delantero congole\u00f1o, que se une a las ausencias de <strong>Pau L\u00f3pez, Beller\u00edn y Lo Celso<\/strong>, lesionados.<\/p>\n<p class=\"voc-p\" style=\"\"><strong>Bakambu<\/strong> no pudo ejercitarse en la sesi\u00f3n de este mi\u00e9rcoles tras levantarse con esta dolencia y no ha entrado en la convocatoria, mientras que Beller\u00edn estar\u00e1 entre dos y tres semanas de baja por una lesi\u00f3n en el s\u00f3leo y Lo Celso tiene molestias musculares producidas en la primera parte del duelo ante el Girona que le hacen ser seria duda para el derbi y estar descartado para el duelo europeo. Pau L\u00f3pez sigue su proceso de recuperaci\u00f3n tras empezar a pisar c\u00e9sped esta semana.<\/p>\n<p class=\"voc-p\" style=\"\">A pesar de estas bajas, <strong>Pellegrini<\/strong> no ha tirado de ning\u00fan jugador del filial o del juvenil, que juega esta tarde en la Youth League ante el Oporto, para la lista de cara al encuentro frente al Utrecht, que s\u00f3lo ha sumado un punto en esta edici\u00f3n de la Europa League, mientras que los b\u00e9ticos acumulan ocho y esperan sellar su pase virtual a la siguiente ronda.<\/p>\n<p class=\"voc-p\" style=\"\">De esta forma, la lista de convocados del Betis para recibir al Utrecht es la siguiente: \u00c1lvaro Valles, Adri\u00e1n, Manu Gonz\u00e1lez, Aitor, Ortiz, Bartra, Llorente, Natan, Valent\u00edn, Ricardo, Junior, Amrabat, Marc Roca, Altimira, Deossa, Fornals, Antony, Isco, Abde, Riquelme, Chimy, Pablo Garc\u00eda y Cucho Hern\u00e1ndez.<\/p>\n","protected":false},"excerpt":{"rendered":"El Real Betis ha ofrecido la lista de convocados de cara al encuentro correspondiente a la quinta jornada&hellip;\n","protected":false},"author":2,"featured_media":257026,"comment_status":"","ping_status":"","sticky":false,"template":"","format":"standard","meta":{"footnotes":""},"categories":[268],"tags":[36138,291,168,25,24,280,282,12182,47556,281,23,167,64297],"class_list":{"0":"post-257025","1":"post","2":"type-post","3":"status-publish","4":"format-standard","5":"has-post-thumbnail","7":"category-futbol","8":"tag-bakambu","9":"tag-betis","10":"tag-deportes","11":"tag-es","12":"tag-espana","13":"tag-football","14":"tag-futbol","15":"tag-lista","16":"tag-medirse","17":"tag-soccer","18":"tag-spain","19":"tag-sports","20":"tag-utrecht"},"share_on_mastodon":{"url":"https:\/\/pubeurope.com\/@es\/115616883982168337","error":""},"_links":{"self":[{"href":"https:\/\/www.europesays.com\/es\/wp-json\/wp\/v2\/posts\/257025","targetHints":{"allow":["GET"]}}],"collection":[{"href":"https:\/\/www.europesays.com\/es\/wp-json\/wp\/v2\/posts"}],"about":[{"href":"https:\/\/www.europesays.com\/es\/wp-json\/wp\/v2\/types\/post"}],"author":[{"embeddable":true,"href":"https:\/\/www.europesays.com\/es\/wp-json\/wp\/v2\/users\/2"}],"replies":[{"embeddable":true,"href":"https:\/\/www.europesays.com\/es\/wp-json\/wp\/v2\/comments?post=257025"}],"version-history":[{"count":0,"href":"https:\/\/www.europesays.com\/es\/wp-json\/wp\/v2\/posts\/257025\/revisions"}],"wp:featuredmedia":[{"embeddable":true,"href":"https:\/\/www.europesays.com\/es\/wp-json\/wp\/v2\/media\/257026"}],"wp:attachment":[{"href":"https:\/\/www.europesays.com\/es\/wp-json\/wp\/v2\/media?parent=257025"}],"wp:term":[{"taxonomy":"category","embeddable":true,"href":"https:\/\/www.europesays.com\/es\/wp-json\/wp\/v2\/categories?post=257025"},{"taxonomy":"post_tag","embeddable":true,"href":"https:\/\/www.europesays.com\/es\/wp-json\/wp\/v2\/tags?post=257025"}],"curies":[{"name":"wp","href":"https:\/\/api.w.org\/{rel}","templated":true}]}}