{"id":257027,"date":"2025-11-26T16:13:12","date_gmt":"2025-11-26T16:13:12","guid":{"rendered":"https:\/\/www.europesays.com\/es\/257027\/"},"modified":"2025-11-26T16:13:12","modified_gmt":"2025-11-26T16:13:12","slug":"cuidando-de-mi-perra-y-de-mi-madre-que-esta-mayor-por-eso-deje-madrid-y-a-la-espera-de-la-proxima-novela-tranquilo-feliz","status":"publish","type":"post","link":"https:\/\/www.europesays.com\/es\/257027\/","title":{"rendered":"\u201cCuidando de mi perra y de mi madre, que est\u00e1 mayor, por eso dej\u00e9 Madrid, y a la espera de la pr\u00f3xima novela. Tranquilo, feliz\u201d"},"content":{"rendered":"<p>\u201cVengo en nombre de mi perra\u201d. <strong>M\u00e1ximo Huerta atend\u00eda a los medios en la alfombra roja de los \u2018Celebrity Pets Awards\u2019<\/strong>, los primeros premios dedicados a los famosos y a sus inseparables mascotas. Huerta, de hecho, llegaba en solitario ya que su perrita, do\u00f1a Leo, ya es demasiado mayor para tanto viaje. \u201cReconocer el cari\u00f1o que hay entre la familia perruna y humana me parece estupendo\u201d, explicaba.<\/p>\n<p>El escritor se encontraba con muchos de los premiados y sus mascotas. Los perros tomaban la iniciativa y se convert\u00edan en los aut\u00e9nticos protagonistas de la alfombra roja. El actor <strong>Luis Merlo<\/strong>, la actriz <strong>M\u00f3nica Cruz<\/strong> o la presentadora <strong>Susanna Griso<\/strong>, madrina adem\u00e1s de la gala, protagonizaban momentos para el recuerdo junto a sus mascotas.<\/p>\n<p>&#13;&#13;<\/p>\n<p class=\"placeholder-jwp\">Cargando v\u00eddeo: M\u00e1ximo Huerta se sincera sobre su momento vital<\/p>\n<p>&#13;M\u00e1ximo Huerta se sincera sobre su momento vital<\/p>\n<p>\u201c<strong>Mi perra es mi hijo, mi novio, mi librer\u00eda\u2026 Mi todo<\/strong>. Los animales son refugio\u201d, expresaba Huerta ya en el escenario con el premio en la mano. Un galard\u00f3n titulado \u2018inesperables\u2019. \u201cYo vengo a recoger este galard\u00f3n en su nombre pero tambi\u00e9n para recordar que convivir con un animal implica una responsabilidad. Los perros envejecen y hay que cuidarlos. No son un capricho\u201d.<\/p>\n<p>Su momento vital<\/p>\n<p>\u201c<strong>Adoro a mi perra, ahora es ya una se\u00f1ora anciana, ya juego menos con ella<\/strong>\u201d, nos contaba. \u201cHe venido solo. A partir de un peso los animales no pueden ir en tren, en bodega me niego a subirla, es mayor. Vengo yo y mi perra en el coraz\u00f3n siempre\u201d. Huerta confesaba que comparte muchas cosas con su perra, incluso le habla.<\/p>\n<p>\u201cYo le cuento hasta las novelas que escribo. Ella me atiende y creo que me entiende\u201d, afirmaba. \u201c<strong>No concibo la casa sin animal<\/strong>, se hace raro. Una casa cuando no est\u00e1, est\u00e1 vac\u00eda. La conversaci\u00f3n te la genera el animal que tienes al lado\u201d. Ambos, adem\u00e1s, reconoce que son muy callejeros y que no les gustan ni los adornos y los complementos.<\/p>\n<p><img loading=\"lazy\" decoding=\"async\"   src=\"https:\/\/www.europesays.com\/es\/wp-content\/uploads\/2025\/11\/maximo-huerta_33b40962_251126120342_1200x2113.webp.webp\" alt=\"Maximo Huerta\" class=\"lazyload\" width=\"1200\" height=\"2113\" data-aspectratio=\"1200\/2113\"\/>&#13;@celebritypetsawards<\/p>\n<p>El escritor pasa por un momento vital de tranquilidad. \u201c<strong>Cuidando de mi perra y de mi madre, que est\u00e1 mayor, por eso dej\u00e9 Madrid<\/strong>, y a la espera de la pr\u00f3xima novela\u201d, contaba. \u00abTranquilo, feliz, en tr\u00e1nsito\u201d. M\u00e1ximo combina sus d\u00edas en la capital para participar en \u2018El programa de AR\u2019 con su librer\u00eda en Bu\u00f1ol, su pueblo natal. Cuidar de su familia es su prioridad.<\/p>\n<p><img decoding=\"async\" src=\"https:\/\/content25.lecturas.com\/medio\/2025\/11\/26\/clemente-lequio_00000000_cfa74f2b_251126163109_800x800.webp\" alt=\"Clemente Lequio\" class=\"image lazyload\"\/><img loading=\"lazy\" decoding=\"async\" src=\"https:\/\/content25.lecturas.com\/medio\/2025\/11\/26\/clemente-lequio_00000000_cfa74f2b_251126163114_1280x720.webp\" alt=\"La reacci\u00f3n de Clemente Lequio a la entrevista de Mar\u00eda Palacios, mujer de su padre\" class=\"image lazyload\" width=\"1280\" height=\"720\" data-aspectratio=\"1280\/720\"\/><\/p>\n<p>La gala, <strong>presentada por Roberto Brasero<\/strong>, fue de lo m\u00e1s emotiva. Dar su lugar a las mascotas de los famosos es una iniciativa poco com\u00fan pero muy aplaudida. \u201cSoy muy perruna, tengo dos perros en casa. Promociono mucho la adopci\u00f3n, a m\u00ed me ha ayudado mucho\u201d, explicaba Susanna Griso. \u201cMucha compa\u00f1\u00eda, alegr\u00eda, son los que m\u00e1s se alegran cuando llego a casa\u201d.<\/p>\n<p>\u201cDuermen conmigo, los paseo, paso mucho tiempo con ellos, si estoy en el ordenador est\u00e1n encima\u201d, terminaba Griso. Una sensaci\u00f3n compartida por todos los presentes. Sin duda, al final, son los reyes de la casa.<br \/>\u00a0<\/p>\n","protected":false},"excerpt":{"rendered":"\u201cVengo en nombre de mi perra\u201d. M\u00e1ximo Huerta atend\u00eda a los medios en la alfombra roja de los&hellip;\n","protected":false},"author":2,"featured_media":257028,"comment_status":"","ping_status":"","sticky":false,"template":"","format":"standard","meta":{"footnotes":""},"categories":[174],"tags":[255,146,147,25,24,256,23],"class_list":{"0":"post-257027","1":"post","2":"type-post","3":"status-publish","4":"format-standard","5":"has-post-thumbnail","7":"category-famosos","8":"tag-celebrities","9":"tag-entertainment","10":"tag-entretenimiento","11":"tag-es","12":"tag-espana","13":"tag-famosos","14":"tag-spain"},"share_on_mastodon":{"url":"https:\/\/pubeurope.com\/@es\/115616888596242292","error":""},"_links":{"self":[{"href":"https:\/\/www.europesays.com\/es\/wp-json\/wp\/v2\/posts\/257027","targetHints":{"allow":["GET"]}}],"collection":[{"href":"https:\/\/www.europesays.com\/es\/wp-json\/wp\/v2\/posts"}],"about":[{"href":"https:\/\/www.europesays.com\/es\/wp-json\/wp\/v2\/types\/post"}],"author":[{"embeddable":true,"href":"https:\/\/www.europesays.com\/es\/wp-json\/wp\/v2\/users\/2"}],"replies":[{"embeddable":true,"href":"https:\/\/www.europesays.com\/es\/wp-json\/wp\/v2\/comments?post=257027"}],"version-history":[{"count":0,"href":"https:\/\/www.europesays.com\/es\/wp-json\/wp\/v2\/posts\/257027\/revisions"}],"wp:featuredmedia":[{"embeddable":true,"href":"https:\/\/www.europesays.com\/es\/wp-json\/wp\/v2\/media\/257028"}],"wp:attachment":[{"href":"https:\/\/www.europesays.com\/es\/wp-json\/wp\/v2\/media?parent=257027"}],"wp:term":[{"taxonomy":"category","embeddable":true,"href":"https:\/\/www.europesays.com\/es\/wp-json\/wp\/v2\/categories?post=257027"},{"taxonomy":"post_tag","embeddable":true,"href":"https:\/\/www.europesays.com\/es\/wp-json\/wp\/v2\/tags?post=257027"}],"curies":[{"name":"wp","href":"https:\/\/api.w.org\/{rel}","templated":true}]}}