{"id":257031,"date":"2025-11-26T16:16:10","date_gmt":"2025-11-26T16:16:10","guid":{"rendered":"https:\/\/www.europesays.com\/es\/257031\/"},"modified":"2025-11-26T16:16:10","modified_gmt":"2025-11-26T16:16:10","slug":"la-reaccion-de-mariano-rajoy-ante-el-juego-de-calificar-a-los-politicos-si-lo-se-no-vengo-antena-3","status":"publish","type":"post","link":"https:\/\/www.europesays.com\/es\/257031\/","title":{"rendered":"La reacci\u00f3n de Mariano Rajoy ante el juego de calificar a los pol\u00edticos: &quot;Si lo s\u00e9, no vengo&quot; &#8211; Antena 3"},"content":{"rendered":"<ol>\n<li><a href=\"https:\/\/news.google.com\/rss\/articles\/CBMi5AFBVV95cUxNWEdRcGk2aUVsMEdWREc2OWJGNTUzbU50eFRta0pUX3VUVFZURDdfUDFVZWZqcGRkcUpjMFRoNUx6U0pjemppV3dTYTQ0dHpEUzdrT0lJQXhJTGtCcU02YmdnaDI1TFFDWUt2SXFYSGVtdWRnQlpwZFAxcG9vQ3JlOTlHdTZGWjJjOC1aOXRkUG1jdWF4ZXlmODRLaUZIa05CdE9pNEZOVTZRd2k4UnJjY3RIanhmdUxibkYwaUlYQ09pcTllMzZVYlFnU2N6QUR4c1lNU0Jwd1Eza2xRVkt5TDh3MHA?oc=5\" target=\"_blank\" rel=\"nofollow noopener\">La reacci\u00f3n de Mariano Rajoy ante el juego de calificar a los pol\u00edticos: \u00abSi lo s\u00e9, no vengo\u00bb<\/a>&nbsp;&nbsp;Antena 3<\/li>\n<li><a href=\"https:\/\/news.google.com\/rss\/articles\/CBMivAFBVV95cUxQdmlXd2NseFllUW5ZSWxlNmQtQzBybTFWemp0ZzRuOE5OWUF3dmRhdUdyT21jQ1RhVFlEZ1NLVGhEOUZWTFdjVnJPdV9YS2hKcVE3djNJSGNMOHo3NUU5VU0zOFZOV1k0Q2thZWs0UktVUS1zbi1rVWw4SzNNOG1iVUljMVJ3T3lEVG9DSi1NMmxKalNwYkFfaW50VjNpUWNHbTl6alk5TFBMNkdsUE5Od1MtcWNzRTZiN0JaTg?oc=5\" target=\"_blank\" rel=\"nofollow noopener\">\u00abSi lo s\u00e9, no vengo\u00bb, el divertido &#8216;plante&#8217; de Mariano Rajoy a la &#8216;encerrona&#8217; de &#8216;Espejo P\u00fablico&#8217;<\/a>&nbsp;&nbsp;ABC<\/li>\n<li><a href=\"https:\/\/news.google.com\/rss\/articles\/CBMi2AFBVV95cUxOTUNHdDhvNXpzV3VONjJVaU5YMTlIOXBfbG9CYmpmcUpsckJnekF4bXVvQVZTWXdOZHRJeEdXOEhzX1VFUlpFdXp0SnRaTDliMS1PNl9hbzk0d21tZk03RTVfNDZMdEFfZ0NhUzcySzBXeWxSQTFoMDJOU1R3anozUVlXRGZwNmZiQ1F5UHVkb2M4WGtPbEx0ODRURnZmWnVWcjc0OVM4OVc2ZVZ3Sno0bENUSnZiOG1Sc2hqVUR5cmJUSW9Obk9lLVVWeWVDUFhkVVUyS0JQbWfSAd4BQVVfeXFMTl9fMWZuSlpyWWNZVHBaNFRNYXFiSzlWbzVaZnVuVHlKZS1RY3dhVl9Ua1dnNEhnU083eHMwNWpqTUlramJnVHdjeXBtVzdUWE04S21vZzlrZkZFejZna21GWWZ3aU5Ud0lIR1I0dmwyWS0wekZ3c1QwdnRJUThFbVFqcUtvbHVNSzVMMXhUR0hvQl9yNWZyVWFaTXhEOU5wZ002MzBXaWdmYW9ibXpjTXJJRUNBQkZpTXJvR25BTjRXZTFpODdKajROaWVEbk5ld2FEOW53cFdXejlVdmR3?oc=5\" target=\"_blank\" rel=\"nofollow noopener\">Mariano Rajoy califica a los pol\u00edticos espa\u00f1oles en &#8216;Espejo P\u00fablico&#8217;: \u00abSi llego a saber esto, no vengo\u00bb<\/a>&nbsp;&nbsp;20Minutos<\/li>\n<li><a href=\"https:\/\/news.google.com\/rss\/articles\/CBMi8AFBVV95cUxOSksydnB6ZURUcUdPc0xRcUNUOFdlUHVwZlc0RjhnNEd5azhTNVI2eVBuaDRDVWZPLVdNeXRpVDJyRGRwanU2RDk5NTd6cEdLNi05NGQ5a1dSSURXVVJTMGlHb1dkR1ExbGlZOFozVWZYNDBNc0wzSV9sMWM5S2xGd21EOHY4UG1famNaSnVpNnFhczNCRGlCT3dTdW9wdVhkX05KM25wVjNjVDY0bEZWc1g2VG5Wdlg0czlHOFZIbVJzTW9OS2ZiTk51TXc3SFU5WEJVRkx5VTlNMGpuV1hwQWNZamFZbWVVOTFqU0lySDHSAdsBQVVfeXFMUGUtZXg3Y1FGQkdxeDlYNzIyQ2o0ODJXTC1mNjIzQ3I4YzlEVUFuT1VYbEdOdnotc3J0QXk0MDc0OUtlVTFGRU1QVGtBOHlrN0x1cVV2OWFlc1VxSGYxVlFvNEF6dWJ4Rlg2UlVVZ3A1dTJRUER5djhxV1lOV2NMVnZPeEVadkVCcmgwQmtxN29UYlh1YVg3ZlFLSlRCQ0xfUUVSWDhILWdoSHdmY0loS3pVVEZucWV5c2xMOV9xMTBlOUNmX1JyUVotZkprN25jM0d6QUZDd0tGYVpv?oc=5\" target=\"_blank\" rel=\"nofollow noopener\">Mariano Rajoy se revuelve ante Susanna Griso en &#8216;Espejo P\u00fablico&#8217;: \u00abSi lo s\u00e9, no vengo\u00bb<\/a>&nbsp;&nbsp;El Economista<\/li>\n<li><a href=\"https:\/\/news.google.com\/rss\/articles\/CBMi2gFBVV95cUxQNEp4UDY2MzJqcFpidFhjRDlRc00xeWZWMjFrY19lZ24xWVQtTFYycXRqWUVpZVFBRV83ekJlRVlmZnh4NlVBMVVITmhSMEgxa3dyZUIwcEdPOU9LTXMtemtYRUpoaDZQZkdNNWQ5RWRtT3RUcjVnTEdsc0RWalFpQWptTHR4bmVlT185UEF2WXRSWDZaX09pZHBHYXo0UWxySlF5RlV3SlE4djI2UllqNGZwVVIyN0hlUkRLSUkyRG1vOVRuQ1RDZ01pMGpMZC0tZ0ZlVFhDUGxUdw?oc=5\" target=\"_blank\" rel=\"nofollow noopener\">La reacci\u00f3n de Rajoy en &#8216;Espejo P\u00fablico&#8217; al pedirle que califique a Pedro S\u00e1nchez y otros pol\u00edticos: \u00abSi lo s\u00e9 no vengo\u00bb<\/a>&nbsp;&nbsp;elDiario.es<\/li>\n<\/ol>\n","protected":false},"excerpt":{"rendered":"La reacci\u00f3n de Mariano Rajoy ante el juego de calificar a los pol\u00edticos: \u00abSi lo s\u00e9, no vengo\u00bb&nbsp;&nbsp;Antena&hellip;\n","protected":false},"author":2,"featured_media":257032,"comment_status":"","ping_status":"","sticky":false,"template":"","format":"standard","meta":{"footnotes":""},"categories":[171],"tags":[146,147,25,24,23,214],"class_list":{"0":"post-257031","1":"post","2":"type-post","3":"status-publish","4":"format-standard","5":"has-post-thumbnail","7":"category-tv","8":"tag-entertainment","9":"tag-entretenimiento","10":"tag-es","11":"tag-espana","12":"tag-spain","13":"tag-tv"},"share_on_mastodon":{"url":"https:\/\/pubeurope.com\/@es\/115616899834654648","error":""},"_links":{"self":[{"href":"https:\/\/www.europesays.com\/es\/wp-json\/wp\/v2\/posts\/257031","targetHints":{"allow":["GET"]}}],"collection":[{"href":"https:\/\/www.europesays.com\/es\/wp-json\/wp\/v2\/posts"}],"about":[{"href":"https:\/\/www.europesays.com\/es\/wp-json\/wp\/v2\/types\/post"}],"author":[{"embeddable":true,"href":"https:\/\/www.europesays.com\/es\/wp-json\/wp\/v2\/users\/2"}],"replies":[{"embeddable":true,"href":"https:\/\/www.europesays.com\/es\/wp-json\/wp\/v2\/comments?post=257031"}],"version-history":[{"count":0,"href":"https:\/\/www.europesays.com\/es\/wp-json\/wp\/v2\/posts\/257031\/revisions"}],"wp:featuredmedia":[{"embeddable":true,"href":"https:\/\/www.europesays.com\/es\/wp-json\/wp\/v2\/media\/257032"}],"wp:attachment":[{"href":"https:\/\/www.europesays.com\/es\/wp-json\/wp\/v2\/media?parent=257031"}],"wp:term":[{"taxonomy":"category","embeddable":true,"href":"https:\/\/www.europesays.com\/es\/wp-json\/wp\/v2\/categories?post=257031"},{"taxonomy":"post_tag","embeddable":true,"href":"https:\/\/www.europesays.com\/es\/wp-json\/wp\/v2\/tags?post=257031"}],"curies":[{"name":"wp","href":"https:\/\/api.w.org\/{rel}","templated":true}]}}