{"id":257043,"date":"2025-11-26T16:22:13","date_gmt":"2025-11-26T16:22:13","guid":{"rendered":"https:\/\/www.europesays.com\/es\/257043\/"},"modified":"2025-11-26T16:22:13","modified_gmt":"2025-11-26T16:22:13","slug":"mas-barato-y-para-muchos-mas-bonito-que-el-bmw-x1","status":"publish","type":"post","link":"https:\/\/www.europesays.com\/es\/257043\/","title":{"rendered":"M\u00e1s barato y, para muchos, m\u00e1s bonito que el BMW X1"},"content":{"rendered":"\n<p>M\u00e1s noticias<\/p>\n<p><a class=\"info_masnoticias\" href=\"https:\/\/www.eldesmarque.com\/coches-y-motos\/\" rel=\"nofollow noopener\" target=\"_blank\"><br \/>\nM\u00e1s de<br \/>\nM\u00e1s noticias de<br \/>\nCoches y motos<br \/>\n<\/a><\/p>\n<p>En un mercado donde los el\u00e9ctricos acaparan titulares y los <strong>di\u00e9sel<\/strong> parecen vivir sus \u00faltimos d\u00edas, hay marcas que a\u00fan se atreven a desafiar la tendencia. Una de ellas es <strong>Alfa Romeo<\/strong>, que mantiene vivo el esp\u00edritu de este combustible con propuestas que sorprenden por dise\u00f1o, precio y eficiencia. Su <a href=\"https:\/\/www.eldesmarque.com\/coches-y-motos\/20251018\/alfa-romeo-ahora-si-recupera-autentico-adn-italiano-d1s23_300784148.html\" rel=\"nofollow noopener\" target=\"_blank\">apuesta m\u00e1s contundente es el Tonale<\/a>, un SUV que muchos consideran <a href=\"https:\/\/www.eldesmarque.com\/coches-y-motos\/20250909\/bmw-convierte-nuevo-x1-suv-futurista-d1s23_300751927.html\" rel=\"nofollow noopener\" target=\"_blank\">m\u00e1s bonito que el BMW X1<\/a>. Y bastante m\u00e1s barato.<\/p>\n<p>Sus proporciones encajan a la perfecci\u00f3n en el segmento. Mide <strong>4.528 mm<\/strong> de largo. <strong>1.601 mm<\/strong> de alto. <strong>1.841 mm<\/strong> de ancho. Y una batalla de <strong>2.636 mm<\/strong>. En la pr\u00e1ctica, esto se traduce en un coche equilibrado, c\u00f3modo y con un maletero que convence: <strong>500 litros<\/strong> m\u00ednimos y hasta <strong>1.550 litros<\/strong> con los asientos abatidos. Espacio de sobra para competir con gigantes como el <strong>Kia Sportage<\/strong>, el <strong>Nissan Qashqai<\/strong> o el <strong>Renault Austral<\/strong>.<\/p>\n<p><img decoding=\"async\" src=\"https:\/\/www.europesays.com\/es\/wp-content\/uploads\/2025\/11\/alfa_romeo_tonale_20262jpg.jpg\" width=\"660\" height=\"370.79\" alt=\"Alfa Romeo Tonale 2026\"\/><br \/>\nAlfa Romeo Tonale 2026<\/p>\n<p><strong>No es el m\u00e1s vendido, pero no tienen nada que envidiar del BMW X1 y compa\u00f1\u00eda<\/strong><\/p>\n<p>Pero lo que realmente llama la atenci\u00f3n es su precio. La versi\u00f3n di\u00e9sel puede comprarse por <strong>40.150 euros<\/strong> financiados o por <strong>36.986 euros<\/strong> al contado. Una cifra dif\u00edcil de ignorar si la comparamos con lo que cuesta un SUV premium medio.<\/p>\n<p>Y m\u00e1s a\u00fan teniendo en cuenta el motor: un <strong>1.6 di\u00e9sel turbo<\/strong> de cuatro cilindros con <strong>130 CV<\/strong> y <strong>320 Nm<\/strong> de par. No es un cohete, pero s\u00ed suficiente. Hace el <strong>0 a 100 km\/h en 10,9 segundos<\/strong>, alcanza <strong>194 km\/h<\/strong> y homologa <strong>5,3 l\/100 km<\/strong>.<\/p>\n<p><img decoding=\"async\" src=\"https:\/\/www.europesays.com\/es\/wp-content\/uploads\/2025\/11\/alfa_romeo_tonale_20261jpg.jpg\" width=\"660\" height=\"370.79\" alt=\"Alfa Romeo Tonale 2026\"\/><br \/>\nAlfa Romeo Tonale 2026<\/p>\n<p><strong>Un equipamiento a la altura de los mejores<\/strong><\/p>\n<p>La gama <strong>Tonale<\/strong> se organiza en tres acabados: <strong>Sprint<\/strong>, <strong>Veloce<\/strong> e <strong>Intensa<\/strong>. El primero, el de la oferta, llega cargado de equipamiento. Mucho m\u00e1s del que suele encontrarse en un modelo de acceso. Desde <strong>llantas de 18 pulgadas<\/strong>, <strong>faros LED<\/strong> y m\u00faltiples <strong>airbags<\/strong>, hasta un completo arsenal tecnol\u00f3gico que incluye <strong>pantalla de 10,25\u2019\u2019<\/strong>, <strong>cuadro digital de 12,3\u2019\u2019<\/strong>, <strong>Android Auto<\/strong>, <strong>Apple CarPlay<\/strong> y <strong>navegador<\/strong> integrado.<\/p>\n<p><img decoding=\"async\" src=\"https:\/\/www.europesays.com\/es\/wp-content\/uploads\/2025\/11\/alfa_romeo_tonale_2026jpg.jpg\" width=\"660\" height=\"370.79\" alt=\"Alfa Romeo Tonale 2026\"\/><br \/>\nAlfa Romeo Tonale 2026<\/p>\n<p>Tampoco faltan comodidades como el <strong>climatizador bizona<\/strong>, los <strong>asientos el\u00e9ctricos<\/strong>, el <strong>arranque sin llave<\/strong>, los <strong>sensores de aparcamiento<\/strong> y la <strong>c\u00e1mara trasera<\/strong>. Lo propio de un SUV mucho m\u00e1s caro. Incluso incorpora un extenso paquete de seguridad con <strong>frenada aut\u00f3noma<\/strong>, <strong>control de crucero adaptativo<\/strong>, <strong>asistente de carril<\/strong>, <strong>alerta de fatiga<\/strong> y <strong>reconocimiento de se\u00f1ales<\/strong>.<\/p>\n","protected":false},"excerpt":{"rendered":"M\u00e1s noticias M\u00e1s de M\u00e1s noticias de Coches y motos En un mercado donde los el\u00e9ctricos acaparan titulares&hellip;\n","protected":false},"author":2,"featured_media":257044,"comment_status":"","ping_status":"","sticky":false,"template":"","format":"standard","meta":{"footnotes":""},"categories":[81],"tags":[119,123,124,25,24,117,121,122,23,118,120],"class_list":{"0":"post-257043","1":"post","2":"type-post","3":"status-publish","4":"format-standard","5":"has-post-thumbnail","7":"category-ciencia-y-tecnologia","8":"tag-ciencia","9":"tag-ciencia-y-tecnologia","10":"tag-cienciaytecnologia","11":"tag-es","12":"tag-espana","13":"tag-science","14":"tag-science-and-technology","15":"tag-scienceandtechnology","16":"tag-spain","17":"tag-technology","18":"tag-tecnologia"},"share_on_mastodon":{"url":"https:\/\/pubeurope.com\/@es\/115616923861336960","error":""},"_links":{"self":[{"href":"https:\/\/www.europesays.com\/es\/wp-json\/wp\/v2\/posts\/257043","targetHints":{"allow":["GET"]}}],"collection":[{"href":"https:\/\/www.europesays.com\/es\/wp-json\/wp\/v2\/posts"}],"about":[{"href":"https:\/\/www.europesays.com\/es\/wp-json\/wp\/v2\/types\/post"}],"author":[{"embeddable":true,"href":"https:\/\/www.europesays.com\/es\/wp-json\/wp\/v2\/users\/2"}],"replies":[{"embeddable":true,"href":"https:\/\/www.europesays.com\/es\/wp-json\/wp\/v2\/comments?post=257043"}],"version-history":[{"count":0,"href":"https:\/\/www.europesays.com\/es\/wp-json\/wp\/v2\/posts\/257043\/revisions"}],"wp:featuredmedia":[{"embeddable":true,"href":"https:\/\/www.europesays.com\/es\/wp-json\/wp\/v2\/media\/257044"}],"wp:attachment":[{"href":"https:\/\/www.europesays.com\/es\/wp-json\/wp\/v2\/media?parent=257043"}],"wp:term":[{"taxonomy":"category","embeddable":true,"href":"https:\/\/www.europesays.com\/es\/wp-json\/wp\/v2\/categories?post=257043"},{"taxonomy":"post_tag","embeddable":true,"href":"https:\/\/www.europesays.com\/es\/wp-json\/wp\/v2\/tags?post=257043"}],"curies":[{"name":"wp","href":"https:\/\/api.w.org\/{rel}","templated":true}]}}