{"id":257045,"date":"2025-11-26T16:23:12","date_gmt":"2025-11-26T16:23:12","guid":{"rendered":"https:\/\/www.europesays.com\/es\/257045\/"},"modified":"2025-11-26T16:23:12","modified_gmt":"2025-11-26T16:23:12","slug":"las-ventas-de-los-centros-y-parques-comerciales-crecen-un-48-en-el-tercer-trimestre-y-acumulan-un-incremento-del-42-en-lo-que-va-de-ano","status":"publish","type":"post","link":"https:\/\/www.europesays.com\/es\/257045\/","title":{"rendered":"Las ventas de los centros y parques comerciales crecen un 4,8% en el tercer trimestre y acumulan un incremento del 4,2% en lo que va de a\u00f1o"},"content":{"rendered":"<p>Los establecimientos de <strong>Hogar, Bricolaje y Electr\u00f3nica<\/strong> y los de <strong>Moda y Complementos<\/strong> lideran el crecimiento las ventas en el tercer trimestre y en los primeros 9 meses del a\u00f1o, con un crecimiento acumulado del 7,1% y el 4,7%, respectivamente. Por su parte, <strong>el Ocio y Entretenimiento creci\u00f3 en el tercer trimestre <\/strong>(+2,2%) y acumula un crecimiento del 2,2% en los primeros meses 9 meses, situ\u00e1ndose ya un 1% por encima de los niveles prepandemia. Las ventas en <strong>Restauraci\u00f3n crecieron un 1,9%<\/strong> en el tercer trimestre, para un crecimiento acumulado anual del 2,3%.\u00a0<\/p>\n<p>En cuanto a los tipos de activos comerciales, <strong>todos elevaron sus ventas en torno a un 5% durante el tercer trimestre <\/strong>del a\u00f1o, aunque siguen siendo<strong> los parques comerciales los que lideran el crecimiento acumulado anual <\/strong>con un 7,8%, seguidos por los Centros medianos y peque\u00f1os (+5%) y por los Centros Grandes y muy grandes (+3,8%).<\/p>\n<p><strong>Las afluencias siguieron aumentando en el tercer trimestre, aunque de forma m\u00e1s moderada (+1,9%)<\/strong>, para acumular un crecimiento en lo que va de a\u00f1o del 2,2%.<strong\/><\/p>\n<p>La <strong>tasa media de ocupaci\u00f3n del sector volvi\u00f3 a repuntar y sigue estando en niveles m\u00e1ximos con un 95,8%,<\/strong> impulsada por el crecimiento en la ocupaci\u00f3n de todos los tipos de activos.<\/p>\n","protected":false},"excerpt":{"rendered":"Los establecimientos de Hogar, Bricolaje y Electr\u00f3nica y los de Moda y Complementos lideran el crecimiento las ventas&hellip;\n","protected":false},"author":2,"featured_media":257046,"comment_status":"","ping_status":"","sticky":false,"template":"","format":"standard","meta":{"footnotes":""},"categories":[80],"tags":[82,95,94,25,24,23],"class_list":{"0":"post-257045","1":"post","2":"type-post","3":"status-publish","4":"format-standard","5":"has-post-thumbnail","7":"category-economia","8":"tag-business","9":"tag-economia","10":"tag-economy","11":"tag-es","12":"tag-espana","13":"tag-spain"},"share_on_mastodon":{"url":"https:\/\/pubeurope.com\/@es\/115616927123043764","error":""},"_links":{"self":[{"href":"https:\/\/www.europesays.com\/es\/wp-json\/wp\/v2\/posts\/257045","targetHints":{"allow":["GET"]}}],"collection":[{"href":"https:\/\/www.europesays.com\/es\/wp-json\/wp\/v2\/posts"}],"about":[{"href":"https:\/\/www.europesays.com\/es\/wp-json\/wp\/v2\/types\/post"}],"author":[{"embeddable":true,"href":"https:\/\/www.europesays.com\/es\/wp-json\/wp\/v2\/users\/2"}],"replies":[{"embeddable":true,"href":"https:\/\/www.europesays.com\/es\/wp-json\/wp\/v2\/comments?post=257045"}],"version-history":[{"count":0,"href":"https:\/\/www.europesays.com\/es\/wp-json\/wp\/v2\/posts\/257045\/revisions"}],"wp:featuredmedia":[{"embeddable":true,"href":"https:\/\/www.europesays.com\/es\/wp-json\/wp\/v2\/media\/257046"}],"wp:attachment":[{"href":"https:\/\/www.europesays.com\/es\/wp-json\/wp\/v2\/media?parent=257045"}],"wp:term":[{"taxonomy":"category","embeddable":true,"href":"https:\/\/www.europesays.com\/es\/wp-json\/wp\/v2\/categories?post=257045"},{"taxonomy":"post_tag","embeddable":true,"href":"https:\/\/www.europesays.com\/es\/wp-json\/wp\/v2\/tags?post=257045"}],"curies":[{"name":"wp","href":"https:\/\/api.w.org\/{rel}","templated":true}]}}