{"id":257049,"date":"2025-11-26T16:25:08","date_gmt":"2025-11-26T16:25:08","guid":{"rendered":"https:\/\/www.europesays.com\/es\/257049\/"},"modified":"2025-11-26T16:25:08","modified_gmt":"2025-11-26T16:25:08","slug":"estos-son-los-barrios-de-sevilla-que-tendran-parques-navidenos-con-atracciones-mercadillos-y-sorpresas","status":"publish","type":"post","link":"https:\/\/www.europesays.com\/es\/257049\/","title":{"rendered":"Estos son los barrios de Sevilla que tendr\u00e1n parques navide\u00f1os con atracciones, mercadillos y sorpresas"},"content":{"rendered":"<p style=\"\">Cada d\u00eda, la ciudad de <strong>Sevilla va cogiendo m\u00e1s ambiente navide\u00f1o<\/strong>. Decoraciones navide\u00f1as por las calles, escaparates adornados con pegatinas de los Reyes Magos y Papa Noel, puestos navide\u00f1os y diferentes belenes expuestos en las entradas de las casas. Sin embargo, <a href=\"https:\/\/www.abc.es\/sevilla\/ciudad\/encienden-luces-navidad-sevilla-2025-20251103142326-nts.html\" target=\"_blank\" data-voc-vtm-id=\"in-text-traffic\" title=\"el encendido de las luces de navidad el pr\u00f3ximo s\u00e1bado 29 de noviembre a las 18:30 horas\" data-mrf-link=\"www.abc.es\" rel=\"nofollow noopener\">el encendido de las luces de navidad el pr\u00f3ximo s\u00e1bado 29 de noviembre a las 18:30 horas<\/a> &#8230;  indicar\u00e1 el comienzo de esta \u00e9poca del a\u00f1o tan especial. <\/p>\n<p class=\"voc-p\" style=\"\">De esta manera, toda la ciudad y, en especial, los <strong>diferentes barrios sevillanos se han volcado para vivir el aut\u00e9ntico esp\u00edritu de la Navidad<\/strong>. Fruto de este \u00edmpetu y esta emoci\u00f3n por el nacimiento del ni\u00f1o Jes\u00fas, los barrios de Sevilla Este han organizado m\u00e1s de 150 actividades bajo el nombre de <strong>\u00abLa Navidad llega por el Este\u00bb<\/strong><\/p>\n<p class=\"voc-p\" style=\"\">M\u00e1s all\u00e1 de los villancicos, las zambombas, los heraldos, las cabalgatas y los talleres navide\u00f1os dirigidos a los m\u00e1s peque\u00f1os, cada barrio mostrar\u00e1 su propia identidad para ambientarse de distinta forma con <strong>sus propios parques navide\u00f1os tem\u00e1ticos<\/strong>.<\/p>\n<p class=\"voc-p\" style=\"\">Por ello, distintos espacios de la ciudad se convertir\u00e1n en aut\u00e9nticas plazas navide\u00f1as con<strong> atracciones<\/strong> infantiles, <strong>talleres<\/strong> dirigidos a los m\u00e1s peque\u00f1os, <strong>mercados navide\u00f1os<\/strong> e incluso las visitas de Papa Noel, el Heraldo Real o los propios Reyes Magos.<\/p>\n<p>\n\u00bfD\u00f3nde estar\u00e1n estos parques navide\u00f1os?\n<\/p>\n<p class=\"voc-p\" style=\"\">Para poder disfrutar de esta experiencia, <strong>los sevillanos tendr\u00e1n que visitar<\/strong> el Prado de San Sebasti\u00e1n, el parque Sur de Bermejales situado en la Avda. de Irlanda, la calle Flor de Papel en frente al instituto Margarita Salas, la Plaza Diputado Ram\u00f3n Rueda, la Explanada Gol Sur Estadio Ram\u00f3n S\u00e1nchez-Pizju\u00e1n, la Plaza de la Encarnaci\u00f3n y la Alameda de H\u00e9rcules.<\/p>\n<ul class=\"oc-d-c-list__list\">\n<li class=\"voc-d-c-list__item\">\n<p class=\"voc-d-c-list__paragraph\">Distrito Sur: Prado de San Sebasti\u00e1n<\/p>\n<\/li>\n<li class=\"voc-d-c-list__item\">\n<p class=\"voc-d-c-list__paragraph\">Distrito Bellavista-La Palmera: Parque Sur de Bermejales (Avda. de Irlanda)<\/p>\n<\/li>\n<li class=\"voc-d-c-list__item\">\n<p class=\"voc-d-c-list__paragraph\">Distrito Este &#8211; Alcosa \u2013 Torreblanca: Calle Flor de Papel (frente al IES Margarita Salas)<\/p>\n<\/li>\n<li class=\"voc-d-c-list__item\">\n<p class=\"voc-d-c-list__paragraph\">Distrito Norte: Plaza Diputado Ram\u00f3n Rueda<\/p>\n<\/li>\n<li class=\"voc-d-c-list__item\">\n<p class=\"voc-d-c-list__paragraph\">Distrito Nervi\u00f3n: Explanada Gol Sur Estadio Ram\u00f3n S\u00e1nchez-Pizju\u00e1n<\/p>\n<\/li>\n<li class=\"voc-d-c-list__item\">\n<p class=\"voc-d-c-list__paragraph\">Distrito Casco Antiguo: Plaza de la Encarnaci\u00f3n y Alameda de H\u00e9rcules<\/p>\n<\/li>\n<\/ul>\n<p>\nZambombas\n<\/p>\n<p class=\"voc-p\" style=\"\">A su vez, la fiesta, las risas y la buena m\u00fasica no podr\u00e1n faltar durante el adviento. De esta manera, Participaci\u00f3n Ciudadana ha programado<a href=\"https:\/\/www.abc.es\/queplan\/sevilla\/que-hacer\/sevilla-llenara-zambombas-gratuitas-navidad-fechas-horarios-20251124182203-nts.html\" target=\"_blank\" data-voc-vtm-id=\"in-text-traffic\" title=\" una serie de zambombas navide\u00f1as que llegar\u00e1n a todos los distritos de manera gratuita\" data-mrf-link=\"www.abc.es\" rel=\"nofollow noopener\"> una serie de zambombas navide\u00f1as que llegar\u00e1n a todos los distritos de manera gratuita<\/a>. Desde el martes 2 de diciembre hasta jueves 11 de diciembre se desarrollar\u00e1n diversas zambombas, exactamente 11. Dentro de estas destacan la <strong>zambomba de Alicia Gil<\/strong> en la parroquia de San Jacinto, la<strong> zambomba de Jeromo Segura<\/strong> en el Teatro Alameda o <strong>la zambomba de Triana<\/strong> en el Centro C\u00edvico Cerro del \u00c1guila. <\/p>\n<p class=\"voc-p\" style=\"\">Todas estas plazas y actividades supondr\u00e1n un plan en familia obligado para hacer este mes de diciembre, en el que tanto los m\u00e1s peque\u00f1os como los m\u00e1s mayores podr\u00e1n disfrutar en primera persona de la verdadera esencia sevillana en Navidad.<\/p>\n","protected":false},"excerpt":{"rendered":"Cada d\u00eda, la ciudad de Sevilla va cogiendo m\u00e1s ambiente navide\u00f1o. Decoraciones navide\u00f1as por las calles, escaparates adornados&hellip;\n","protected":false},"author":2,"featured_media":257050,"comment_status":"","ping_status":"","sticky":false,"template":"","format":"standard","meta":{"footnotes":""},"categories":[8],"tags":[20072,21743,17,18,25,24,13,14,11,19,20,30470,59532,9,10,15,16,34461,1171,19967,23,12,21,22],"class_list":{"0":"post-257049","1":"post","2":"type-post","3":"status-publish","4":"format-standard","5":"has-post-thumbnail","7":"category-espana","8":"tag-atracciones","9":"tag-barrios","10":"tag-breaking-news","11":"tag-breakingnews","12":"tag-es","13":"tag-espana","14":"tag-featured-news","15":"tag-featurednews","16":"tag-headlines","17":"tag-latest-news","18":"tag-latestnews","19":"tag-mercadillos","20":"tag-navidenos","21":"tag-news","22":"tag-noticias","23":"tag-noticias-destacadas","24":"tag-noticiasdestacadas","25":"tag-parques","26":"tag-sevilla","27":"tag-sorpresas","28":"tag-spain","29":"tag-titulares","30":"tag-ultimas-noticias","31":"tag-ultimasnoticias"},"share_on_mastodon":{"url":"https:\/\/pubeurope.com\/@es\/115616935067729932","error":""},"_links":{"self":[{"href":"https:\/\/www.europesays.com\/es\/wp-json\/wp\/v2\/posts\/257049","targetHints":{"allow":["GET"]}}],"collection":[{"href":"https:\/\/www.europesays.com\/es\/wp-json\/wp\/v2\/posts"}],"about":[{"href":"https:\/\/www.europesays.com\/es\/wp-json\/wp\/v2\/types\/post"}],"author":[{"embeddable":true,"href":"https:\/\/www.europesays.com\/es\/wp-json\/wp\/v2\/users\/2"}],"replies":[{"embeddable":true,"href":"https:\/\/www.europesays.com\/es\/wp-json\/wp\/v2\/comments?post=257049"}],"version-history":[{"count":0,"href":"https:\/\/www.europesays.com\/es\/wp-json\/wp\/v2\/posts\/257049\/revisions"}],"wp:featuredmedia":[{"embeddable":true,"href":"https:\/\/www.europesays.com\/es\/wp-json\/wp\/v2\/media\/257050"}],"wp:attachment":[{"href":"https:\/\/www.europesays.com\/es\/wp-json\/wp\/v2\/media?parent=257049"}],"wp:term":[{"taxonomy":"category","embeddable":true,"href":"https:\/\/www.europesays.com\/es\/wp-json\/wp\/v2\/categories?post=257049"},{"taxonomy":"post_tag","embeddable":true,"href":"https:\/\/www.europesays.com\/es\/wp-json\/wp\/v2\/tags?post=257049"}],"curies":[{"name":"wp","href":"https:\/\/api.w.org\/{rel}","templated":true}]}}