{"id":257053,"date":"2025-11-26T16:31:14","date_gmt":"2025-11-26T16:31:14","guid":{"rendered":"https:\/\/www.europesays.com\/es\/257053\/"},"modified":"2025-11-26T16:31:14","modified_gmt":"2025-11-26T16:31:14","slug":"la-rafa-nadal-academy-se-expande-a-sudamerica","status":"publish","type":"post","link":"https:\/\/www.europesays.com\/es\/257053\/","title":{"rendered":"La Rafa Nadal Academy se expande a Sudam\u00e9rica"},"content":{"rendered":"<p>Brasil acoger\u00e1 el primer<strong> <a href=\"https:\/\/www.ultimahora.es\/etiqueta\/Rafa+Nadal.html?utm_source=Inline-tag&amp;utm_medium=internal\" rel=\"nofollow noopener\" target=\"_blank\">Rafa Nadal<\/a> Tennis Center de Sudam\u00e9rica como parte del ambicioso proyecto All Resort Club Residence,<\/strong> impulsado por el Grupo All Wert en la ciudad de Porto Belo, en el estado de Santa Catarina. El nuevo complejo, cuya apertura est\u00e1 prevista para finales de 2028, se integrar\u00e1 en un innovador desarrollo residencial y hotelero que aspira a convertirse en uno de los destinos deportivos y de ocio m\u00e1s avanzados del pa\u00eds, <strong>con m\u00e1s de 12.000 futuros residentes, un campo de golf iluminado, una playa artificial con piscina de olas, varios campos de f\u00fatbol y tres hoteles.<\/strong><\/p>\n<p>El centro deportivo contar\u00e1 <strong>con 17 pistas de tenis -nueve exteriores, siete cubiertas y una central- que combinar\u00e1n superficies de tierra batida y pista r\u00e1pida<\/strong>, adem\u00e1s de ocho pistas de p\u00e1del, una cafeter\u00eda, una tienda deportiva y un gimnasio exclusivo para jugadores y visitantes. La instalaci\u00f3n ofrecer\u00e1 programas de entrenamiento basados en la metodolog\u00eda desarrollada por Rafa Nadal y su equipo t\u00e9cnico, dise\u00f1ada para jugadores de todas las edades y niveles. La expansi\u00f3n de la <a href=\"https:\/\/www.ultimahora.es\/etiqueta\/Rafa+Nadal+Academy.html?utm_source=Inline-tag&amp;utm_medium=internal\" rel=\"nofollow noopener\" target=\"_blank\">Rafa Nadal Academy<\/a> by Movistar sigue as\u00ed su crecimiento internacional, sumando Brasil a una red con presencia en<strong> Kuwait, Rep\u00fablica Dominicana, M\u00e9xico, Grecia, Marbella, Hong Kong y Egipto.<\/strong><\/p>\n<p>Nadal ha expresado su satisfacci\u00f3n por llevar por primera vez su proyecto formativo a Sudam\u00e9rica. \u00abNos alegra mucho que la expansi\u00f3n internacional de la academia llegue a Sudam\u00e9rica. En Brasil hay mucha pasi\u00f3n por el deporte y estoy convencido de que el proyecto ser\u00e1 un \u00e9xito\u00bb.<\/p>\n<p>Por su parte, Richard Schwambach, CEO del Grupo All Wert, ha subrayado que la llegada del centro representa un hito para el desarrollo del tenis en Brasil, alineado con la visi\u00f3n del resort, donde el deporte es un eje identitario que simboliza disciplina, perseverancia y cultura. \u00abEn All Resort, el deporte es una parte esencial de nuestra identidad, porque representa movimiento, disciplina y perseverancia; es una pr\u00e1ctica cultural que refleja valores, identidad y energ\u00eda\u00bb.<\/p>\n<p>La apertura coincide con un momento de crecimiento sostenido del tenis en el pa\u00eds, con un aumento estimado del 6% anual en su pr\u00e1ctica, apoyado por iniciativas de la Confederaci\u00f3n Brasile\u00f1a de Tenis y por la consolidaci\u00f3n de Santa Catarina como una de las regiones con mayor n\u00famero de jugadores, solo por detr\u00e1s de S\u00e3o Paulo. Con este nuevo centro, Porto Belo pasar\u00e1 a formar parte de la red internacional de la academia, que ya suma dos sedes principales -Manacor y Kuwait- y cinco Rafa Nadal Tennis Center en destinos de referencia tur\u00edstica.<\/p>\n","protected":false},"excerpt":{"rendered":"Brasil acoger\u00e1 el primer Rafa Nadal Tennis Center de Sudam\u00e9rica como parte del ambicioso proyecto All Resort Club&hellip;\n","protected":false},"author":2,"featured_media":257054,"comment_status":"","ping_status":"","sticky":false,"template":"","format":"standard","meta":{"footnotes":""},"categories":[274],"tags":[168,25,24,6894,28063,3439,23,167,327,326],"class_list":{"0":"post-257053","1":"post","2":"type-post","3":"status-publish","4":"format-standard","5":"has-post-thumbnail","7":"category-tenis","8":"tag-deportes","9":"tag-es","10":"tag-espana","11":"tag-rafa-nadal","12":"tag-rafa-nadal-academy","13":"tag-rafael-nadal","14":"tag-spain","15":"tag-sports","16":"tag-tenis","17":"tag-tennis"},"share_on_mastodon":{"url":"https:\/\/pubeurope.com\/@es\/115616958532903359","error":""},"_links":{"self":[{"href":"https:\/\/www.europesays.com\/es\/wp-json\/wp\/v2\/posts\/257053","targetHints":{"allow":["GET"]}}],"collection":[{"href":"https:\/\/www.europesays.com\/es\/wp-json\/wp\/v2\/posts"}],"about":[{"href":"https:\/\/www.europesays.com\/es\/wp-json\/wp\/v2\/types\/post"}],"author":[{"embeddable":true,"href":"https:\/\/www.europesays.com\/es\/wp-json\/wp\/v2\/users\/2"}],"replies":[{"embeddable":true,"href":"https:\/\/www.europesays.com\/es\/wp-json\/wp\/v2\/comments?post=257053"}],"version-history":[{"count":0,"href":"https:\/\/www.europesays.com\/es\/wp-json\/wp\/v2\/posts\/257053\/revisions"}],"wp:featuredmedia":[{"embeddable":true,"href":"https:\/\/www.europesays.com\/es\/wp-json\/wp\/v2\/media\/257054"}],"wp:attachment":[{"href":"https:\/\/www.europesays.com\/es\/wp-json\/wp\/v2\/media?parent=257053"}],"wp:term":[{"taxonomy":"category","embeddable":true,"href":"https:\/\/www.europesays.com\/es\/wp-json\/wp\/v2\/categories?post=257053"},{"taxonomy":"post_tag","embeddable":true,"href":"https:\/\/www.europesays.com\/es\/wp-json\/wp\/v2\/tags?post=257053"}],"curies":[{"name":"wp","href":"https:\/\/api.w.org\/{rel}","templated":true}]}}