{"id":257059,"date":"2025-11-26T16:36:14","date_gmt":"2025-11-26T16:36:14","guid":{"rendered":"https:\/\/www.europesays.com\/es\/257059\/"},"modified":"2025-11-26T16:36:14","modified_gmt":"2025-11-26T16:36:14","slug":"el-impactante-testimonio-de-tania-llasera-estuve-enamorada-de-un-hombre-que-no-solo-me-pego-me-hundio","status":"publish","type":"post","link":"https:\/\/www.europesays.com\/es\/257059\/","title":{"rendered":"El impactante testimonio de Tania Llasera: \u00abEstuve enamorada de un hombre que no solo me peg\u00f3, me hundi\u00f3\u00bb"},"content":{"rendered":"<p><img fetchpriority=\"high\" class=\"v-a-img\" src=\"https:\/\/www.europesays.com\/es\/wp-content\/uploads\/2025\/11\/tania-llasera-k8cH-U240358949418tOH-1200x840@El Correo.jpg\" loading=\"eager\" decoding=\"async\" alt=\"El impactante testimonio de Tania Llasera: \u00abEstuve enamorada de un hombre que no solo me peg\u00f3, me hundi\u00f3\u00bb\"  width=\"1200\" height=\"840\"\/><\/p>\n<p>La presentadora getxotarra ha desvelado la experiencia sufrida con un novio cuando ten\u00eda 18 a\u00f1os<\/p>\n<p class=\"v-mdl-ath__p v-mdl-ath__p--6\">\nMi\u00e9rcoles, 26 de noviembre 2025, 11:56<\/p>\n<p class=\"v-p\">En pleno 25 N, D\u00eda Internacional de la Eliminaci\u00f3n de la Violencia contra la Mujer, Tania Llasera comparti\u00f3 en Instagram un sobrecogedor testimonio. La presentadora getxotarra revel\u00f3 un episodio de su vida del que hasta ahora no hab\u00eda hablado pero que le marc\u00f3 profundamente. \u00abYo tuve un novio que me peg\u00f3\u00bb, comienza diciendo.<\/p>\n<p class=\"v-p\">En la actualidad la vizca\u00edna, de 46 a\u00f1os, est\u00e1 casada y tiene dos hijos. En la conocida red social ha relatado un maltrato que sufri\u00f3 cuando ten\u00eda 18. \u00abHace muchos, muchos a\u00f1os, yo sal\u00ed de casa. Me fui a otro pa\u00eds a estudiar. All\u00ed encontr\u00e9 a un chico que ten\u00eda el coraz\u00f3n roto por una chica anterior a m\u00ed y me la hizo pagar a m\u00ed\u00bb, contin\u00faa. <\/p>\n<p class=\"v-p\">\u00abNo solo no me dec\u00eda que no val\u00eda para nada, que no era inteligente, que para qu\u00e9 me iba a explicar las cosas, que no las iba a entender&#8230; yo enamorada hasta las trancas, sin raz\u00f3n aparente. El otro d\u00eda, de hecho, me encontr\u00e9 con las fotos de esa \u00e9poca y solo so fotos de \u00e9l, yo no salgo en ninguna. Es \u00e9l, \u00e9l, \u00e9l&#8230; era una obsesi\u00f3n para m\u00ed\u00bb.<\/p>\n<p class=\"v-p\">Tania asegura que esta persona le hizo sentir \u00abmuy peque\u00f1a\u00bb. \u00abNo solo me peg\u00f3, me hundi\u00f3\u00bb. \u00abPero m\u00e1s incluso que los pu\u00f1etazos fue toda la violencia psicol\u00f3gica que recib\u00ed. Estuve dos a\u00f1os con \u00e9l, un a\u00f1o y medio, trabaj\u00e9 todo el verano, ahorr\u00e9 para visitarle en su pa\u00eds y pasar un mes con \u00e9l. Pero me cost\u00f3 dos, casi tres a\u00f1os superar aquello\u00bb, relata.<\/p>\n<p class=\"v-p\">La presentadora vizca\u00edna tambi\u00e9n explica que en el momento no pens\u00f3 que hab\u00eda sufrido violencia. \u00abEn su momento no me pareci\u00f3 grave. Ahora lo pienso como mujer, como madre, y como una persona m\u00e1s entendida, y pienso en lo grave que fue\u00bb.<\/p>\n<p>Reporta un error<\/p>\n","protected":false},"excerpt":{"rendered":"La presentadora getxotarra ha desvelado la experiencia sufrida con un novio cuando ten\u00eda 18 a\u00f1os Mi\u00e9rcoles, 26 de&hellip;\n","protected":false},"author":2,"featured_media":257060,"comment_status":"","ping_status":"","sticky":false,"template":"","format":"standard","meta":{"footnotes":""},"categories":[174],"tags":[255,29284,146,147,25,24,256,366,52575,24227,64532,42580,1138,23,64531,42786],"class_list":{"0":"post-257059","1":"post","2":"type-post","3":"status-publish","4":"format-standard","5":"has-post-thumbnail","7":"category-famosos","8":"tag-celebrities","9":"tag-enamorada","10":"tag-entertainment","11":"tag-entretenimiento","12":"tag-es","13":"tag-espana","14":"tag-famosos","15":"tag-hombre","16":"tag-hundio","17":"tag-impactante","18":"tag-llasera","19":"tag-pego","20":"tag-solo","21":"tag-spain","22":"tag-tania","23":"tag-testimonio"},"share_on_mastodon":{"url":"https:\/\/pubeurope.com\/@es\/115616978831546914","error":""},"_links":{"self":[{"href":"https:\/\/www.europesays.com\/es\/wp-json\/wp\/v2\/posts\/257059","targetHints":{"allow":["GET"]}}],"collection":[{"href":"https:\/\/www.europesays.com\/es\/wp-json\/wp\/v2\/posts"}],"about":[{"href":"https:\/\/www.europesays.com\/es\/wp-json\/wp\/v2\/types\/post"}],"author":[{"embeddable":true,"href":"https:\/\/www.europesays.com\/es\/wp-json\/wp\/v2\/users\/2"}],"replies":[{"embeddable":true,"href":"https:\/\/www.europesays.com\/es\/wp-json\/wp\/v2\/comments?post=257059"}],"version-history":[{"count":0,"href":"https:\/\/www.europesays.com\/es\/wp-json\/wp\/v2\/posts\/257059\/revisions"}],"wp:featuredmedia":[{"embeddable":true,"href":"https:\/\/www.europesays.com\/es\/wp-json\/wp\/v2\/media\/257060"}],"wp:attachment":[{"href":"https:\/\/www.europesays.com\/es\/wp-json\/wp\/v2\/media?parent=257059"}],"wp:term":[{"taxonomy":"category","embeddable":true,"href":"https:\/\/www.europesays.com\/es\/wp-json\/wp\/v2\/categories?post=257059"},{"taxonomy":"post_tag","embeddable":true,"href":"https:\/\/www.europesays.com\/es\/wp-json\/wp\/v2\/tags?post=257059"}],"curies":[{"name":"wp","href":"https:\/\/api.w.org\/{rel}","templated":true}]}}