{"id":257071,"date":"2025-11-26T16:43:13","date_gmt":"2025-11-26T16:43:13","guid":{"rendered":"https:\/\/www.europesays.com\/es\/257071\/"},"modified":"2025-11-26T16:43:13","modified_gmt":"2025-11-26T16:43:13","slug":"los-casos-de-gripe-se-disparan-en-madrid-antes-de-lo-previsto-sociedad","status":"publish","type":"post","link":"https:\/\/www.europesays.com\/es\/257071\/","title":{"rendered":"Los casos de gripe se disparan en Madrid antes de lo previsto | Sociedad"},"content":{"rendered":"<p class=\"loc\">Madrid<\/p>\n<p>Los datos confirman la sensaci\u00f3n generalizada. La gripe ya est\u00e1 aqu\u00ed y ha llegado antes de lo previsto. Seg\u00fan el \u00faltimo &#8216;Informe epidemiol\u00f3gico semanal de la Comunidad de Madrid&#8217;, la tasa se sit\u00faa en 42,42 casos por cien mil habitantes, pr\u00e1cticamente el doble que la semana pasada, y muy por encima ya del umbral epid\u00e9mico que est\u00e1 en 22,38. En concreto se han detectado 2.973 casos, 1.305 m\u00e1s con respecto a la semana anterior.<\/p>\n<p>Por grupos los mas afectados son los menores de 0 a 4 a\u00f1os, cuya incidencia ha aumentado m\u00e1s de 4 veces en Atenci\u00f3n Primaria, y los de 80 a\u00f1os o m\u00e1s cuya incidencia en Atenci\u00f3n Hospitalaria se ha duplicado en la \u00faltima semana.<\/p>\n<p><img decoding=\"async\" src=\"https:\/\/www.europesays.com\/es\/wp-content\/uploads\/2025\/11\/HFGUL7FQ2ZFBZN6ABAFHLSQY5I.png\" alt=\"Estad\u00edstica de gripe en el Informe Epidemiol\u00f3gico Semanal de la Comunidad de Madrid\" width=\"650\" height=\"293\"  loading=\"lazy\"\/><\/p>\n<p>Estad\u00edstica de gripe en el Informe Epidemiol\u00f3gico Semanal de la<br \/>\nComunidad de Madrid<\/p>\n<p>Ampliar<img decoding=\"async\" src=\"https:\/\/www.europesays.com\/es\/wp-content\/uploads\/2025\/11\/1764175393_274_HFGUL7FQ2ZFBZN6ABAFHLSQY5I.png\" alt=\"Estad\u00edstica de gripe en el Informe Epidemiol\u00f3gico Semanal de la Comunidad de Madrid\" width=\"650\" height=\"293\" loading=\"lazy\"\/><\/p>\n<p>Estad\u00edstica de gripe en el Informe Epidemiol\u00f3gico Semanal de la<br \/>\nComunidad de Madrid<\/p>\n<p>Cerrar<\/p>\n<p>Adem\u00e1s, la curva estad\u00edstica ha empezado a crecer antes de lo habitual. El a\u00f1o pasado este nivel de gripe no se alcanz\u00f3 hasta finales de diciembre. Y aunque las cifras a\u00fan no son extremas (hace dos a\u00f1os se lleg\u00f3 a 177 casos por cien mil habitantes), de continuar esta tendencia el pico de casos podr\u00eda llegar de forma anticipada.<\/p>\n<p>Ese pico es el que preocupa a los sindicatos. Desde SATSE consideran que la Consejer\u00eda de Sanidad \u00abno ha contratado a las enfermeras que han de cuidar a los madrile\u00f1os\u00bb y reclaman \u00abun Plan de Invierno que, lamentablemente, cae en saco roto como todos los a\u00f1os\u00bb. Este sindicato pronostica que en los pr\u00f3ximos d\u00edas \u00abveremos c\u00f3mo las Urgencias y los hospitales se saturan con cientos de madrile\u00f1os reclamando una atenci\u00f3n sanitaria digna que no ser\u00e1 posible por la carencia extrema de enfermeras\u00bb.<\/p>\n<p>Desde la Consejer\u00eda de Sanidad, sin embargo, remarcan que \u00abel servicio est\u00e1 correctamente dimensionado y se va a producir un refuerzo de manera inminente con la presentaci\u00f3n del plan de invierno\u00bb. En el departamento que dirige F\u00e1tima Matute reconocen que la gripe \u00abya circula por la regi\u00f3n\u00bb, pero insisten en que \u00abno estamos ni much\u00edsimo menos en valores de alarma\u00bb recordando que la Direcci\u00f3n General de Salud P\u00fablica monitoriza constantemente la circulaci\u00f3n de la misma.<\/p>\n","protected":false},"excerpt":{"rendered":"Madrid Los datos confirman la sensaci\u00f3n generalizada. La gripe ya est\u00e1 aqu\u00ed y ha llegado antes de lo&hellip;\n","protected":false},"author":2,"featured_media":257072,"comment_status":"","ping_status":"","sticky":false,"template":"","format":"standard","meta":{"footnotes":""},"categories":[92],"tags":[25,24,165,166,23],"class_list":{"0":"post-257071","1":"post","2":"type-post","3":"status-publish","4":"format-standard","5":"has-post-thumbnail","7":"category-salud","8":"tag-es","9":"tag-espana","10":"tag-health","11":"tag-salud","12":"tag-spain"},"share_on_mastodon":{"url":"https:\/\/pubeurope.com\/@es\/115617006531066503","error":""},"_links":{"self":[{"href":"https:\/\/www.europesays.com\/es\/wp-json\/wp\/v2\/posts\/257071","targetHints":{"allow":["GET"]}}],"collection":[{"href":"https:\/\/www.europesays.com\/es\/wp-json\/wp\/v2\/posts"}],"about":[{"href":"https:\/\/www.europesays.com\/es\/wp-json\/wp\/v2\/types\/post"}],"author":[{"embeddable":true,"href":"https:\/\/www.europesays.com\/es\/wp-json\/wp\/v2\/users\/2"}],"replies":[{"embeddable":true,"href":"https:\/\/www.europesays.com\/es\/wp-json\/wp\/v2\/comments?post=257071"}],"version-history":[{"count":0,"href":"https:\/\/www.europesays.com\/es\/wp-json\/wp\/v2\/posts\/257071\/revisions"}],"wp:featuredmedia":[{"embeddable":true,"href":"https:\/\/www.europesays.com\/es\/wp-json\/wp\/v2\/media\/257072"}],"wp:attachment":[{"href":"https:\/\/www.europesays.com\/es\/wp-json\/wp\/v2\/media?parent=257071"}],"wp:term":[{"taxonomy":"category","embeddable":true,"href":"https:\/\/www.europesays.com\/es\/wp-json\/wp\/v2\/categories?post=257071"},{"taxonomy":"post_tag","embeddable":true,"href":"https:\/\/www.europesays.com\/es\/wp-json\/wp\/v2\/tags?post=257071"}],"curies":[{"name":"wp","href":"https:\/\/api.w.org\/{rel}","templated":true}]}}