{"id":257078,"date":"2025-11-26T16:47:11","date_gmt":"2025-11-26T16:47:11","guid":{"rendered":"https:\/\/www.europesays.com\/es\/257078\/"},"modified":"2025-11-26T16:47:11","modified_gmt":"2025-11-26T16:47:11","slug":"alto-tribunal-frances-confirma-nueva-condena-contra-expresidente-sarkozy","status":"publish","type":"post","link":"https:\/\/www.europesays.com\/es\/257078\/","title":{"rendered":"Alto tribunal franc\u00e9s confirma nueva condena contra expresidente Sarkozy"},"content":{"rendered":"<p>    <img src=\"https:\/\/www.europesays.com\/es\/wp-content\/uploads\/2025\/11\/2025-11-26T153A403A00Z-90509096.jpg\" width=\"1024\" height=\"682\" alt=\"\" loading=\"eager\" decoding=\"sync\" fetchpriority=\"high\"\/><\/p>\n<p>            afp_tickers        <\/p>\n<p>        Este contenido fue publicado en    <\/p>\n<p>        26 noviembre 2025 &#8211; 16:40\n<\/p>\n<p>La Corte de Casaci\u00f3n francesa confirm\u00f3 este mi\u00e9rcoles la condena contra el expresidente Nicolas Sarkozy por beneficiarse de financiaci\u00f3n ilegal durante su campa\u00f1a electoral de 2012, un caso diferente al que lo llev\u00f3 a prisi\u00f3n este a\u00f1o.<\/p>\n<p>Sarkozy, de 70 a\u00f1os, fue condenado en apelaci\u00f3n el 14 de febrero de 2024 a 12 meses de prisi\u00f3n, de los cuales seis meses de obligado cumplimiento, por beneficiarse como candidato a su reelecci\u00f3n de una financiaci\u00f3n pol\u00edtica ilegal.<\/p>\n<p>El exdirigente \u00abtoma nota del rechazo de su recurso, tal y como siempre ha hecho con las decisiones dictadas en su contra\u00bb, escribieron los abogados de Sarkozy en un comunicado enviado a AFP.<\/p>\n<p>Las investigaciones revelaron que se cre\u00f3 un sistema de doble facturaci\u00f3n para ocultar el aumento de los gastos de su fallida campa\u00f1a, que fueron casi el doble del l\u00edmite autorizado de 22,5 millones de euros (26 millones de d\u00f3lares).<\/p>\n<p>El sistema atribu\u00eda a su entonces partido conservador UMP una gran parte del costo de los m\u00edtines, bajo el pretexto de convenciones ficticias. Sarkozy siempre ha rechazado cualquier \u00abresponsabilidad penal\u00bb en este caso.<\/p>\n<p>\u00abAunque el tribunal de apelaci\u00f3n constat\u00f3 que \u00e9l nunca tuvo conocimiento personal del exceso de gastos de su campa\u00f1a en 2012 debido al desv\u00edo de fondos por parte de la empresa Bygmalion, el Tribunal de Casaci\u00f3n considera, no obstante, que su mera condici\u00f3n de candidato es suficiente para que sea penalmente responsable\u00bb, lamentaron sus abogados en el comunicado.<\/p>\n<p>\u00abSin embargo, cont\u00e1bamos con un precedente favorable sobre el tema de la Asamblea Plenaria del Tribunal de Casaci\u00f3n, que es la formaci\u00f3n m\u00e1s solemne de este tribunal. Por lo tanto, la soluci\u00f3n adoptada contra Nicolas Sarkozy es, una vez m\u00e1s, in\u00e9dita\u00bb, a\u00f1adieron.<\/p>\n<p>El tribunal de apelaci\u00f3n impuso una pena inferior al de primera instancia, que en 2021 lo sentenci\u00f3 a un a\u00f1o de prisi\u00f3n firme, y adem\u00e1s abri\u00f3 la puerta a que pueda cumplirlo en casa con una tobillera electr\u00f3nica.<\/p>\n<p>La condena por el llamado caso Bygmalion es la segunda firme contra el marido de la cantante Carla Bruni en Francia, tras el caso de las escuchas. En virtud de este \u00faltimo, ya port\u00f3 entre febrero y mayo una tobillera electr\u00f3nica.<\/p>\n<p>El presidente conservador entre 2007 y 2012 no ha terminado con sus problemas judiciales. Entre el 16 de marzo y el 3 de junio, se celebrar\u00e1 el juicio en apelaci\u00f3n por la presunta financiaci\u00f3n ilegal de su primera campa\u00f1a presidencial.<\/p>\n<p>En septiembre, la justicia lo conden\u00f3 a cinco a\u00f1os de prisi\u00f3n por permitir que allegados suyos se acercaran a la Libia de Muamar Gadafi, fallecido en 2011, para obtener fondos con los que financiar ilegalmente la campa\u00f1a que lo llev\u00f3 al poder en 2007.<\/p>\n<p>Pese a que Sarkozy pod\u00eda recurrir la sentencia, el tribunal orden\u00f3 la aplicaci\u00f3n inmediata de la pena, por lo que pas\u00f3 20 d\u00edas en la prisi\u00f3n parisina de la Sant\u00e9 entre octubre y noviembre antes de obtener la libertad condicional.<\/p>\n<p>El 10 de diciembre debe publicar un libro sobre su experiencia entre rejas, la primera de un exjefe de Estado franc\u00e9s desde el final de la Segunda Guerra Mundial.<\/p>\n<p>amd-tjc\/avl-sag\/mb<\/p>\n","protected":false},"excerpt":{"rendered":"afp_tickers Este contenido fue publicado en 26 noviembre 2025 &#8211; 16:40 La Corte de Casaci\u00f3n francesa confirm\u00f3 este&hellip;\n","protected":false},"author":2,"featured_media":257079,"comment_status":"","ping_status":"","sticky":false,"template":"","format":"standard","meta":{"footnotes":""},"categories":[42],"tags":[17,18,13,14,11,61,62,63,64,11895,19,20,7657,9,10,15,16,88,12090,90,12,21,22,65,66,67],"class_list":{"0":"post-257078","1":"post","2":"type-post","3":"status-publish","4":"format-standard","5":"has-post-thumbnail","7":"category-internacional","8":"tag-breaking-news","9":"tag-breakingnews","10":"tag-featured-news","11":"tag-featurednews","12":"tag-headlines","13":"tag-internacional","14":"tag-international","15":"tag-international-news","16":"tag-internationalnews","17":"tag-justice-and-rights","18":"tag-latest-news","19":"tag-latestnews","20":"tag-law-and-order","21":"tag-news","22":"tag-noticias","23":"tag-noticias-destacadas","24":"tag-noticiasdestacadas","25":"tag-politics","26":"tag-politics-general","27":"tag-ticker","28":"tag-titulares","29":"tag-ultimas-noticias","30":"tag-ultimasnoticias","31":"tag-world","32":"tag-world-news","33":"tag-worldnews"},"share_on_mastodon":{"url":"https:\/\/pubeurope.com\/@es\/115617022218396396","error":""},"_links":{"self":[{"href":"https:\/\/www.europesays.com\/es\/wp-json\/wp\/v2\/posts\/257078","targetHints":{"allow":["GET"]}}],"collection":[{"href":"https:\/\/www.europesays.com\/es\/wp-json\/wp\/v2\/posts"}],"about":[{"href":"https:\/\/www.europesays.com\/es\/wp-json\/wp\/v2\/types\/post"}],"author":[{"embeddable":true,"href":"https:\/\/www.europesays.com\/es\/wp-json\/wp\/v2\/users\/2"}],"replies":[{"embeddable":true,"href":"https:\/\/www.europesays.com\/es\/wp-json\/wp\/v2\/comments?post=257078"}],"version-history":[{"count":0,"href":"https:\/\/www.europesays.com\/es\/wp-json\/wp\/v2\/posts\/257078\/revisions"}],"wp:featuredmedia":[{"embeddable":true,"href":"https:\/\/www.europesays.com\/es\/wp-json\/wp\/v2\/media\/257079"}],"wp:attachment":[{"href":"https:\/\/www.europesays.com\/es\/wp-json\/wp\/v2\/media?parent=257078"}],"wp:term":[{"taxonomy":"category","embeddable":true,"href":"https:\/\/www.europesays.com\/es\/wp-json\/wp\/v2\/categories?post=257078"},{"taxonomy":"post_tag","embeddable":true,"href":"https:\/\/www.europesays.com\/es\/wp-json\/wp\/v2\/tags?post=257078"}],"curies":[{"name":"wp","href":"https:\/\/api.w.org\/{rel}","templated":true}]}}