{"id":257088,"date":"2025-11-26T16:58:11","date_gmt":"2025-11-26T16:58:11","guid":{"rendered":"https:\/\/www.europesays.com\/es\/257088\/"},"modified":"2025-11-26T16:58:11","modified_gmt":"2025-11-26T16:58:11","slug":"el-posible-once-del-atletico-ante-el-inter-de-milan-en-la-champions","status":"publish","type":"post","link":"https:\/\/www.europesays.com\/es\/257088\/","title":{"rendered":"El posible once del Atl\u00e9tico ante el Inter de Mil\u00e1n en la Champions"},"content":{"rendered":"<p data-gtm-element-container=\"modulo-texto-link\" class=\"paragraph\">El <strong>Atl\u00e9tico de Madrid <\/strong>recibe este mi\u00e9rcoles al<strong> Inter de Mil\u00e1n<\/strong> en el Metropolitano, partido correspondiente a la quinta jornada de la <strong>Champions <\/strong>al que el equipo rojiblanco llega con seis puntos, mientras que los italianos han hecho pleno y llevan 12 de 12.<\/p>\n<p>        Lee tambi\u00e9n<\/p>\n<p>    Chema G. Fuente<\/p>\n<p>             <img loading=\"lazy\" decoding=\"async\" data-full-src=\"https:\/\/www.mundodeportivo.com\/uploads\/2022\/01\/28\/61f3ace024498.jpeg\" alt=\"Horizontal\" width=\"334\" height=\"164\" src=\"https:\/\/www.europesays.com\/es\/wp-content\/uploads\/2025\/11\/61f3ace024498.r_d.1822-1369.jpeg\" class=\"lazy\"\/><\/p>\n<p data-gtm-element-container=\"modulo-texto-link\" class=\"paragraph\">Diego Simeone cuenta con las bajas seguras de<strong> Jan Obla<\/strong>k,\u00a0<strong>Marcos Llorente y Robin Le Normand<\/strong>, mientras que <strong>Nico Gonz\u00e1lez<\/strong> entr\u00f3 en la convocatoria despu\u00e9s de\u00a0que el martes no pudiese entrenar por encontrarse indispuesto. Y tambi\u00e9n habr\u00e1 que ver cu\u00e1l es el estado de <strong>Giuliano Simeone,<\/strong> que entren\u00f3 por primera vez con el grupo en la \u00faltima sesi\u00f3n antes de este encuentro, aunque s\u00f3lo estuvo 15 minutos sobre el terreno de juego, al igual que los futbolistas que fueron titulares el domingo en Getafe, adem\u00e1s de <strong>Griezmann<\/strong>, que salt\u00f3 al campo en el minuto 14 en lugar del lesionado Llorente.<\/p>\n<p data-gtm-element-container=\"modulo-texto-link\" class=\"paragraph\">As\u00ed, son varias las dudas que mantiene el <strong>Cholo <\/strong>para formar el once y las resolver\u00e1 a \u00faltima hora.<\/p>\n<p data-gtm-element-container=\"modulo-texto-link\" class=\"paragraph\">Con <strong>Musso <\/strong>en porter\u00eda, en defensa estar\u00e1n, <strong>Molina, Gim\u00e9nez, Lencglet y Hancko<\/strong> se perfilan como titulares, con<strong> Koke y Barrios<\/strong> en el doble pivote. <strong>Gallagher y Baena<\/strong> podr\u00edan ocupar los costados, a la espera de saber qu\u00e9 ocurre con <strong>Nico y Giuliano<\/strong>. Si los dos estuviesen disponibles, el ex del Villarreal secundar\u00eda a Juli\u00e1n en ataque.<\/p>\n<p>        Lee tambi\u00e9n<\/p>\n<p>    Chema G. Fuente<\/p>\n<p>             <img loading=\"lazy\" decoding=\"async\" data-full-src=\"https:\/\/www.mundodeportivo.com\/uploads\/2025\/05\/06\/681a80b6b6a14.jpeg\" alt=\"Horizontal\" width=\"334\" height=\"164\" src=\"https:\/\/www.europesays.com\/es\/wp-content\/uploads\/2025\/11\/681a80b6b6a14.r_d.2772-1848.jpeg\" class=\"lazy\"\/><\/p>\n<p data-gtm-element-container=\"modulo-texto-link\" class=\"paragraph\">En caso de no llegar, La Ara\u00f1a podr\u00eda estar acompa\u00f1ado arriba por <strong>Raspadori<\/strong>, que se gan\u00f3 minutos en el Coliseum, <strong>Griezmann o Sorloth<\/strong>. Como decimos, el preparador argentino apurar\u00e1 hasta \u00faltima hora para ver c\u00f3mo se encuentran sus hombres y tomar la decisi\u00f3n definitiva junto a su cuerpo t\u00e9cnico.<\/p>\n","protected":false},"excerpt":{"rendered":"El Atl\u00e9tico de Madrid recibe este mi\u00e9rcoles al Inter de Mil\u00e1n en el Metropolitano, partido correspondiente a la&hellip;\n","protected":false},"author":2,"featured_media":257089,"comment_status":"","ping_status":"","sticky":false,"template":"","format":"standard","meta":{"footnotes":""},"categories":[268],"tags":[168,25,24,280,282,281,23,167],"class_list":{"0":"post-257088","1":"post","2":"type-post","3":"status-publish","4":"format-standard","5":"has-post-thumbnail","7":"category-futbol","8":"tag-deportes","9":"tag-es","10":"tag-espana","11":"tag-football","12":"tag-futbol","13":"tag-soccer","14":"tag-spain","15":"tag-sports"},"share_on_mastodon":{"url":"https:\/\/pubeurope.com\/@es\/115617065248774614","error":""},"_links":{"self":[{"href":"https:\/\/www.europesays.com\/es\/wp-json\/wp\/v2\/posts\/257088","targetHints":{"allow":["GET"]}}],"collection":[{"href":"https:\/\/www.europesays.com\/es\/wp-json\/wp\/v2\/posts"}],"about":[{"href":"https:\/\/www.europesays.com\/es\/wp-json\/wp\/v2\/types\/post"}],"author":[{"embeddable":true,"href":"https:\/\/www.europesays.com\/es\/wp-json\/wp\/v2\/users\/2"}],"replies":[{"embeddable":true,"href":"https:\/\/www.europesays.com\/es\/wp-json\/wp\/v2\/comments?post=257088"}],"version-history":[{"count":0,"href":"https:\/\/www.europesays.com\/es\/wp-json\/wp\/v2\/posts\/257088\/revisions"}],"wp:featuredmedia":[{"embeddable":true,"href":"https:\/\/www.europesays.com\/es\/wp-json\/wp\/v2\/media\/257089"}],"wp:attachment":[{"href":"https:\/\/www.europesays.com\/es\/wp-json\/wp\/v2\/media?parent=257088"}],"wp:term":[{"taxonomy":"category","embeddable":true,"href":"https:\/\/www.europesays.com\/es\/wp-json\/wp\/v2\/categories?post=257088"},{"taxonomy":"post_tag","embeddable":true,"href":"https:\/\/www.europesays.com\/es\/wp-json\/wp\/v2\/tags?post=257088"}],"curies":[{"name":"wp","href":"https:\/\/api.w.org\/{rel}","templated":true}]}}