{"id":257094,"date":"2025-11-26T17:02:11","date_gmt":"2025-11-26T17:02:11","guid":{"rendered":"https:\/\/www.europesays.com\/es\/257094\/"},"modified":"2025-11-26T17:02:11","modified_gmt":"2025-11-26T17:02:11","slug":"delia-la-madre-de-gabriel-descubre-la-verdadera-identidad-de-andres","status":"publish","type":"post","link":"https:\/\/www.europesays.com\/es\/257094\/","title":{"rendered":"Delia, la madre de Gabriel, descubre la verdadera identidad de Andr\u00e9s"},"content":{"rendered":"<p>En el pr\u00f3ximo cap\u00edtulo de <b>Sue\u00f1os de libertad<\/b> &#8230;<\/p>\n<p><b>Luz<\/b> empezar\u00e1 a preocuparse por <b> Gema<\/b>. Teme que est\u00e9 peor y le pide que se cuide. El descanso es fundamental para <b><a title=\"su cardiopat\u00eda\" href=\"https:\/\/www.antena3.com\/series\/suenos-de-libertad\/gema-recibe-peor-noticias-padece-cardiopatia-podra-quedarse-embarazada_2025041067f7db3b160aba0001d3b0c0.html\" target=\"_blank\" rel=\"nofollow noopener\">su cardiopat\u00eda<\/a><\/b>.<\/p>\n<p><b>Andr\u00e9s<\/b> se llamar\u00e1 a su padre para tranquilizarle. Nadie sabe d\u00f3nde est\u00e1 <b><a title=\"tras su marcha inespereada\" href=\"https:\/\/www.antena3.com\/series\/suenos-de-libertad\/andres-marcha-casa-dar-explicaciones-llamada-detective-que-esta-investigando-gabriel_2025112469247c5e6c137a69877ad8bc.html\" target=\"_blank\" rel=\"nofollow noopener\">tras su marcha inespereada<\/a><\/b>. Le contar\u00e1 est\u00e1 con un amigo militar pasando unos d\u00edas.<\/p>\n<p>Tasio se encarga de acompa\u00f1ar a los <b><a title=\"directivos franceses\" href=\"https:\/\/www.antena3.com\/series\/suenos-de-libertad\/chicas-tienda-estrenan-nuevos-uniformes-mientras-directivos-franceses-llegan-fabrica_2025112669271f5e6e5e5012dccef0b2.html\" target=\"_blank\" rel=\"nofollow noopener\">directivos franceses<\/a><\/b> en su estancia en Toledo y tendr\u00e1 una discusi\u00f3n con Carmen.<\/p>\n<p><b>Cristina<\/b> descubrir\u00e1 que su ex, <b>Beltr\u00e1n, <\/b>ha roto con su prometida y se quedar\u00e1 muy soprendida. \u00bfSer\u00e1 que quiere volver con ella?<\/p>\n<p>Por otro lado, aumenta <b>la conexi\u00f3n<\/b> entre <b>Cloe<\/b> y <b>Marta<\/b> y <b>Delia <\/b>descubrir\u00e1 que <b>Andr\u00e9s <\/b>le est\u00e1 mintiendo. Sabe que no es un viejo amigo de su hijo <b>Gabriel<\/b> y le pedir\u00e1 que le cuente la verdad. Si no llamar\u00e1 a la polic\u00eda. <b>\u00bfLe contar\u00e1 el joven que en realidad es un De la Reina? <\/b><\/p>\n<p>No te pierdas todo lo que va a pasar y adel\u00e1ntate al pr\u00f3ximo cap\u00edtulo de Sue\u00f1os de libertad en <b><a title=\"atresplayer\" href=\"https:\/\/www.atresplayer.com\/antena3\/series\/suenos-de-libertad\/\" target=\"_blank\" rel=\"nofollow noopener\">atresplayer<\/a><\/b>.<\/p>\n","protected":false},"excerpt":{"rendered":"En el pr\u00f3ximo cap\u00edtulo de Sue\u00f1os de libertad &#8230; Luz empezar\u00e1 a preocuparse por Gema. Teme que est\u00e9&hellip;\n","protected":false},"author":2,"featured_media":257095,"comment_status":"","ping_status":"","sticky":false,"template":"","format":"standard","meta":{"footnotes":""},"categories":[171],"tags":[146,147,25,24,23,214],"class_list":{"0":"post-257094","1":"post","2":"type-post","3":"status-publish","4":"format-standard","5":"has-post-thumbnail","7":"category-tv","8":"tag-entertainment","9":"tag-entretenimiento","10":"tag-es","11":"tag-espana","12":"tag-spain","13":"tag-tv"},"share_on_mastodon":{"url":"https:\/\/pubeurope.com\/@es\/115617080774406322","error":""},"_links":{"self":[{"href":"https:\/\/www.europesays.com\/es\/wp-json\/wp\/v2\/posts\/257094","targetHints":{"allow":["GET"]}}],"collection":[{"href":"https:\/\/www.europesays.com\/es\/wp-json\/wp\/v2\/posts"}],"about":[{"href":"https:\/\/www.europesays.com\/es\/wp-json\/wp\/v2\/types\/post"}],"author":[{"embeddable":true,"href":"https:\/\/www.europesays.com\/es\/wp-json\/wp\/v2\/users\/2"}],"replies":[{"embeddable":true,"href":"https:\/\/www.europesays.com\/es\/wp-json\/wp\/v2\/comments?post=257094"}],"version-history":[{"count":0,"href":"https:\/\/www.europesays.com\/es\/wp-json\/wp\/v2\/posts\/257094\/revisions"}],"wp:featuredmedia":[{"embeddable":true,"href":"https:\/\/www.europesays.com\/es\/wp-json\/wp\/v2\/media\/257095"}],"wp:attachment":[{"href":"https:\/\/www.europesays.com\/es\/wp-json\/wp\/v2\/media?parent=257094"}],"wp:term":[{"taxonomy":"category","embeddable":true,"href":"https:\/\/www.europesays.com\/es\/wp-json\/wp\/v2\/categories?post=257094"},{"taxonomy":"post_tag","embeddable":true,"href":"https:\/\/www.europesays.com\/es\/wp-json\/wp\/v2\/tags?post=257094"}],"curies":[{"name":"wp","href":"https:\/\/api.w.org\/{rel}","templated":true}]}}