{"id":257096,"date":"2025-11-26T17:03:11","date_gmt":"2025-11-26T17:03:11","guid":{"rendered":"https:\/\/www.europesays.com\/es\/257096\/"},"modified":"2025-11-26T17:03:11","modified_gmt":"2025-11-26T17:03:11","slug":"las-petunias-se-mean-de-risa-lit-con-el-rap-de-antonio-resines","status":"publish","type":"post","link":"https:\/\/www.europesays.com\/es\/257096\/","title":{"rendered":"Las Petunias se mean de risa lit con el rap de Antonio Resines"},"content":{"rendered":"<p>Las Petunias, que el a\u00f1o pasado se hicieron un hueco con su disco \u2018Creo que soy de porcelana\u2019, publican esta semana un EP llamado \u2018Ah\u00ed te pudras, maldita\u2019. Habla de la infancia y del cambio, y viene presentado por un tema llamado \u2018Historias de mi madre\u2019 en cuyo v\u00eddeo vemos a sus madres haciendo de ellas mismas, y ahora tambi\u00e9n por otro titulado \u2018Tirant lo Blanc\u2019. Adem\u00e1s, han publicado un split excelente este mismo oto\u00f1o junto a Amor L\u00edquido, \u2018<a href=\"https:\/\/jenesaispop.com\/2025\/09\/08\/506771\/amor-liquido-critica\/\" rel=\"nofollow noopener\" target=\"_blank\">No ser\u00e9 una estrella<\/a>\u2018. <\/p>\n<p>A su paso por MEISTER OF THE WEEK, nuestra secci\u00f3n comisariada por <a href=\"https:\/\/es.jagermeister.com\/exploracion\" rel=\"nofollow noopener\" target=\"_blank\">J\u00e4germusic<\/a> centrada en artistas noveles, Las Petunias han escogido hablar de algo tan inesperado como conocido por todos: el rap de Antonio Resines en los Goya. S\u00ed, aquella actuaci\u00f3n que en 2012 se viraliz\u00f3 incluso antes de que existieran ciertas redes sociales. Le acompa\u00f1aron El Langui, Juan Diego, Javier Guti\u00e9rrez y Tito Valverde.<\/p>\n<p><strong>\u00bfPor qu\u00e9 hab\u00e9is escogido hablar del rap de Antonio Resines en los Goya?<\/strong><br \/>No hay una vez que pongamos ese v\u00eddeo y no nos riamos y siempre lo vemos un par de veces m\u00e1s. Tenemos muchos recuerdos asociados a \u00e9l. En nuestra primera gira pasamos muchas horas las tres solas en un coche, de ah\u00ed la canci\u00f3n \u2018Audi 4 latas\u2019, y ten\u00edamos que encontrar cosas que hacer para no aburrirnos. Una de nuestras actividades favoritas es revisar v\u00eddeos del cl\u00e1sico internet y cada una va ense\u00f1ando sus v\u00eddeos nicho favoritos. As\u00ed fue como revisitamos esa actuaci\u00f3n y casi tenemos un accidente por lo mucho que nos est\u00e1bamos riendo. Recordamos las gotas de pis en las bragas todav\u00eda. <\/p>\n<p><strong>Hac\u00eda vuestra mayor \u00abobsesi\u00f3n como banda\u00bb, no s\u00e9\u2026 \u00bfel cat\u00e1logo de Elefant? \u00bfNo os une ning\u00fan otro grupo, sello, discograf\u00eda m\u00e1s que esto? \u00bfTanto difer\u00eds estil\u00edsticamente en gustos? LOL<\/strong><br \/>Hombre, por supuesto que hay miles de bandas y artistas que nos unen, pero podemos llevarnos el trabajo a casa. Nosotras somos amigas fuera de esto, y tambi\u00e9n tenemos que hablar otras cosas aparte de m\u00fasica porque si no, nos volvemos locas. Sobre todo cuando estamos grabando, de escuchar m\u00fasica casi 24h al d\u00eda, necesitamos esos peque\u00f1os momentos de desconexi\u00f3n que dedicamos a podcasts o libros, \u00bfpero qu\u00e9 mejor que Resines haciendo su mejor actuaci\u00f3n hasta la fecha? Somos intelectuales al final del d\u00eda. <\/p>\n<p><strong>\u00bfQu\u00e9 parte os gusta m\u00e1s? \u00bfCuando dice algo ininteligible o cuando se entiende media frase?<\/strong><br \/>Cuando dice \u201cUNA FO\u201d (las primeras \u201cpalabras\u201d que consigue pronunciar)<\/p>\n<p><strong>El actor apela en verdad a cuando gan\u00f3 un Goya en 1998 por interpretar a un carnicero castrado en \u2018La buena estrella\u2019. \u00bfOs dio curiosidad y visteis la pel\u00edcula o la promo no le sirvi\u00f3 para nada?<\/strong><br \/>Al principio pens\u00e1bamos que tambi\u00e9n se lo hab\u00eda inventado y que era mentira\u2026 Tardamos un tiempo en darnos cuenta, as\u00ed que nunca la hemos llegado a ver, pero deber\u00edamos quedar para hacerlo.<\/p>\n<p><strong>\u00bfAlguna cara favorita entre las que se ven entre el p\u00fablico, durante el rap en general?<\/strong><br \/>Jos\u00e9 Coronado pone una cara de querer morirse de verg\u00fcenza en alg\u00fan punto del rap y le damos gracias todos los d\u00edas. <\/p>\n<blockquote>\n<p>\n\u00abTodo este rollo cutre-core que rodea la actuaci\u00f3n es lo que la hace tan genuinamente graciosa\u00bb\n<\/p>\n<\/blockquote>\n<p><strong>\u00bfCu\u00e1l ser\u00eda vuestro 2\u00ba rapero favorito en este elenco de raperos que incluye a El Langui y Javier Guti\u00e9rrez, entre otros?<\/strong><br \/>Creemos que El Langui guarda muy bien la compostura cuando invita a toda la sala a cantar y nadie le sigue el rollo. Alguna vez nos hemos sentido identificadas (risas), as\u00ed que \u00e9l es el top 2 sin duda. Sobre todo por su ingenio y a la hora de salvar la actuaci\u00f3n de Resines cuando dice algo como \u201cestaba cantando en ingl\u00e9s\u201d, lo cual nos hace a\u00fan m\u00e1s gracia. <\/p>\n<p><strong>Todos los raperos del v\u00eddeo son hombres aunque en 2012 ya existe Nicki Minaj, adem\u00e1s de otras pioneras como Missy Elliott, \u00bfa qu\u00e9 actriz os habr\u00eda gustado ver rapear ah\u00ed?<\/strong><br \/>Clar\u00edsima respuesta. Yolanda Ramos y Malena Alterio. Nadie podr\u00eda hacerlo como ellas. <\/p>\n<p><strong>\u00bfQu\u00e9 os parece la base del tema rap, en lo estrictamente musical?<\/strong><br \/>Pues tiene un aire a que la han sacado directamente desde youtube que nos flipa. Todo este rollo cutre-core que rodea la actuaci\u00f3n es lo que la hace tan genuinamente graciosa. Esa base seguramente la habr\u00e1 hecho un adolescente en su cuarto una noche de 2010 y simplemente por eso mola. Es pegadiza, es resultona, retumban los bajos\u2026 \u00bfse puede pedir algo m\u00e1s?<\/p>\n<blockquote>\n<p>\n\u00abEn una industria donde hay hombres que cometen todo tipo de abusos sin recibir ning\u00fan tipo de castigo o \u201ccancelaci\u00f3n\u201d qu\u00e9 importa si la gente piensa que somos malas, la vara de medir est\u00e1 tan trastornada que no tiene sentido tomarse en serio ciertos comentarios negativos\u00bb\n<\/p>\n<\/blockquote>\n<p><strong>Antonio Resines ha salido enfadado a veces porque le pregunten por el rap, y otras veces acept\u00e1ndolo como hito de su carrera. \u00bfOs veis aceptando con humor y naturalidad as\u00ed alg\u00fan momento \u00abbacklash\u00bb que pod\u00e1is tener? \u00bfOs afectan las cr\u00edticas?<\/strong><br \/>Por supuesto. Parte de este trabajo es asumir las cagadas y aprender a fallar, sobre todo por ser sinceras con nosotras mismas y con el p\u00fablico. En todas las entrevistas que hacemos contamos cosas embarazosas y no nos importa. Nuestra honestidad es un arma de doble filo pero es nuestra.<br \/>En una industria donde hay hombres que cometen todo tipo de abusos sin recibir ning\u00fan tipo de castigo o \u201ccancelaci\u00f3n\u201d qu\u00e9 importa si la gente piensa que somos malas, la vara de medir est\u00e1 tan trastornada que no tiene sentido tomarse en serio ciertos comentarios negativos est\u00fapidos y machistas, habr\u00eda que poner el foco colectivamente en criticar a ciertas personas y dejar a las bandas de chavalas en paz. <\/p>\n<p><strong>Si vosotras hicierais un rap, \u00bfa qu\u00e9 canci\u00f3n os gustar\u00eda que se pareciera?<\/strong><br \/>Quiz\u00e1 algo estilo Doechii, pero no ser\u00edamos capaces de ejecutar nada que conlleve tener swag. Acabar\u00edamos haciendo algo tan swagless como nuestro querido Resines.<\/p>\n","protected":false},"excerpt":{"rendered":"Las Petunias, que el a\u00f1o pasado se hicieron un hueco con su disco \u2018Creo que soy de porcelana\u2019,&hellip;\n","protected":false},"author":2,"featured_media":257097,"comment_status":"","ping_status":"","sticky":false,"template":"","format":"standard","meta":{"footnotes":""},"categories":[170],"tags":[146,147,25,24,51678,184,185,23],"class_list":{"0":"post-257096","1":"post","2":"type-post","3":"status-publish","4":"format-standard","5":"has-post-thumbnail","7":"category-musica","8":"tag-entertainment","9":"tag-entretenimiento","10":"tag-es","11":"tag-espana","12":"tag-las-petunias","13":"tag-music","14":"tag-musica","15":"tag-spain"},"share_on_mastodon":{"url":"https:\/\/pubeurope.com\/@es\/115617084667246079","error":""},"_links":{"self":[{"href":"https:\/\/www.europesays.com\/es\/wp-json\/wp\/v2\/posts\/257096","targetHints":{"allow":["GET"]}}],"collection":[{"href":"https:\/\/www.europesays.com\/es\/wp-json\/wp\/v2\/posts"}],"about":[{"href":"https:\/\/www.europesays.com\/es\/wp-json\/wp\/v2\/types\/post"}],"author":[{"embeddable":true,"href":"https:\/\/www.europesays.com\/es\/wp-json\/wp\/v2\/users\/2"}],"replies":[{"embeddable":true,"href":"https:\/\/www.europesays.com\/es\/wp-json\/wp\/v2\/comments?post=257096"}],"version-history":[{"count":0,"href":"https:\/\/www.europesays.com\/es\/wp-json\/wp\/v2\/posts\/257096\/revisions"}],"wp:featuredmedia":[{"embeddable":true,"href":"https:\/\/www.europesays.com\/es\/wp-json\/wp\/v2\/media\/257097"}],"wp:attachment":[{"href":"https:\/\/www.europesays.com\/es\/wp-json\/wp\/v2\/media?parent=257096"}],"wp:term":[{"taxonomy":"category","embeddable":true,"href":"https:\/\/www.europesays.com\/es\/wp-json\/wp\/v2\/categories?post=257096"},{"taxonomy":"post_tag","embeddable":true,"href":"https:\/\/www.europesays.com\/es\/wp-json\/wp\/v2\/tags?post=257096"}],"curies":[{"name":"wp","href":"https:\/\/api.w.org\/{rel}","templated":true}]}}