{"id":257098,"date":"2025-11-26T17:04:16","date_gmt":"2025-11-26T17:04:16","guid":{"rendered":"https:\/\/www.europesays.com\/es\/257098\/"},"modified":"2025-11-26T17:04:16","modified_gmt":"2025-11-26T17:04:16","slug":"la-pelicula-singular-se-estrena-este-viernes-en-cines","status":"publish","type":"post","link":"https:\/\/www.europesays.com\/es\/257098\/","title":{"rendered":"La pel\u00edcula &#8216;Singular&#8217; se estrena este viernes en cines"},"content":{"rendered":"<p>\n        Tras su estreno mundial en la Secci\u00f3n Oficial del Festival de Sitges, &#8216;<strong>Singular<\/strong>&#8216; llega a <strong>cines este viernes 28 de noviembre. <\/strong>Dirigida por\u00a0<strong>Alberto Gastesi, <\/strong>y protagonizado por<strong> la actriz vitoriana Patricia L\u00f3pez Arn\u00e1iz y Javier Rey,<\/strong> este thriller de ciencia ficci\u00f3n incluye entre sus escenarios distintas <a href=\"https:\/\/www.noticiasdealava.eus\/cultura\/2024\/06\/13\/legutio-escenario-rodaje-singular-patricia-rodaje-en-legutio-con-patricia-lopez-arnaiz-y-javier-rey-8353967.html\" title=\"localizaciones alavesas\" target=\"_blank\" class=\"link copy\" rel=\"nofollow noopener\">localizaciones alavesas<\/a>.\n<\/p>\n<p class=\"article-body__text \">\n        Concretamente, el director rod\u00f3 parte de las escenas en los alrededores de Legutio,<strong>\u00a0en las orillas del embalse de Urrunaga.<\/strong>\n<\/p>\n<p>            <a href=\"https:\/\/www.noticiasdealava.eus\/cultura\/2024\/06\/13\/legutio-escenario-rodaje-singular-patricia-rodaje-en-legutio-con-patricia-lopez-arnaiz-y-javier-rey-8353967.html\" title=\"Legutio, escenario para el rodaje de \u2018Singular\u2019, con Patricia L\u00f3pez Arnaiz\" class=\"new__media\" rel=\"nofollow noopener\" target=\"_blank\"><\/p>\n<p>                <img alt=\"Legutio, escenario para el rodaje de \u2018Singular\u2019, con Patricia L\u00f3pez Arnaiz\" data-src=\"https:\/\/www.europesays.com\/es\/wp-content\/uploads\/2025\/11\/0b008123-0f68-43a1-b3c2-c18f5cd8add3_16-9-aspect-ratio_default_0.jpg\" class=\"lozad\"\/><\/p>\n<p>        <\/a><\/p>\n<p>        <a href=\"https:\/\/www.noticiasdealava.eus\/cultura\/2024\/06\/13\/legutio-escenario-rodaje-singular-patricia-rodaje-en-legutio-con-patricia-lopez-arnaiz-y-javier-rey-8353967.html\" title=\"Legutio, escenario para el rodaje de \u2018Singular\u2019, con Patricia L\u00f3pez Arnaiz\" class=\"new__headline\" rel=\"nofollow noopener\" target=\"_blank\"><br \/>\n            Legutio, escenario para el rodaje de \u2018Singular\u2019, con Patricia L\u00f3pez Arnaiz<br \/>\n        <\/a><\/p>\n<p class=\"article-body__text \">\n        Se trata de un<strong> thriller psicol\u00f3gico con tintes de ciencia ficci\u00f3n que explora los l\u00edmites de la inteligencia artificial y el duelo humano.<\/strong>\n<\/p>\n<p>    <a href=\"https:\/\/www.noticiasdealava.eus\/fotos\/general\/2024\/06\/13\/imagenes-legutio-escenario-rodaje-singular-8354003.html\" rel=\"nofollow noopener\" target=\"_blank\"><\/p>\n<p>    <img loading=\"lazy\" decoding=\"async\" class=\"lazy-place\" src=\"data:image\/svg+xml,%3Csvg xmlns=&quot;http:\/\/www.w3.org\/2000\/svg&quot; viewBox=&quot;0 0 880 495&quot;%3E%3C\/svg%3E\" height=\"495\" width=\"880\" alt=\"\" style=\"width:100%; height:auto; max-width:100%;\"\/><\/p>\n<p>    <\/a><\/p>\n<p>    <a href=\"https:\/\/www.noticiasdealava.eus\/fotos\/general\/2024\/06\/13\/imagenes-legutio-escenario-rodaje-singular-8354003.html\" class=\"article-photo__multimedia\" rel=\"nofollow noopener\" target=\"_blank\"><\/p>\n<p>        30<br \/>\n    <\/a><\/p>\n<p class=\"article-photo__footer\">\n        En im\u00e1genes: Legutio, escenario para el rodaje de \u2018Singular\u2019, con Patricia L\u00f3pez Arnaiz<br \/>\n                    Josu Chavarri\n            <\/p>\n<p>  <strong>Sinopsis<\/strong><\/p>\n<p class=\"article-body__text \">\n        Doce a\u00f1os despu\u00e9s de la muerte de su hijo,\u00a0<strong>Diana y Mart\u00edn deciden<\/strong><a href=\"https:\/\/www.noticiasdealava.eus\/cultura\/2025\/10\/21\/patricia-lopez-arnaiz-javier-rey-10244745.html\" title=\"reencontrarse durante un fin de semana en su antigua casa del lago.\" class=\"link copy\" rel=\"nofollow noopener\" target=\"_blank\"> reencontrarse durante un fin de semana en su antigua casa del lago.<\/a>\u00a0Ella es especialista en Inteligencia Artificial, \u00e9l abandon\u00f3 la profesi\u00f3n para vivir retirado de la civilizaci\u00f3n. Cuando un enigm\u00e1tico joven con un misterioso parecido con el difunto hijo aparece en la casa, salen a la luz antiguos secretos y nuevas sospechas.\u00a0<strong>Del pasado de la familia podr\u00eda depender la existencia de un futuro.<\/strong><\/p>\n","protected":false},"excerpt":{"rendered":"Tras su estreno mundial en la Secci\u00f3n Oficial del Festival de Sitges, &#8216;Singular&#8216; llega a cines este viernes&hellip;\n","protected":false},"author":2,"featured_media":257099,"comment_status":"","ping_status":"","sticky":false,"template":"","format":"standard","meta":{"footnotes":""},"categories":[169],"tags":[1339,6456,3935,177,146,147,25,24,176,31151,175,863,42236,1257,10751,7206,23],"class_list":{"0":"post-257098","1":"post","2":"type-post","3":"status-publish","4":"format-standard","5":"has-post-thumbnail","7":"category-cine","8":"tag-actor","9":"tag-actriz","10":"tag-alava","11":"tag-cine","12":"tag-entertainment","13":"tag-entretenimiento","14":"tag-es","15":"tag-espana","16":"tag-film","17":"tag-javier-rey","18":"tag-movies","19":"tag-parte","20":"tag-patricia-lopez-arnaiz","21":"tag-pelicula","22":"tag-protagonizada","23":"tag-rodaje","24":"tag-spain"},"share_on_mastodon":{"url":"https:\/\/pubeurope.com\/@es\/115617088520033300","error":""},"_links":{"self":[{"href":"https:\/\/www.europesays.com\/es\/wp-json\/wp\/v2\/posts\/257098","targetHints":{"allow":["GET"]}}],"collection":[{"href":"https:\/\/www.europesays.com\/es\/wp-json\/wp\/v2\/posts"}],"about":[{"href":"https:\/\/www.europesays.com\/es\/wp-json\/wp\/v2\/types\/post"}],"author":[{"embeddable":true,"href":"https:\/\/www.europesays.com\/es\/wp-json\/wp\/v2\/users\/2"}],"replies":[{"embeddable":true,"href":"https:\/\/www.europesays.com\/es\/wp-json\/wp\/v2\/comments?post=257098"}],"version-history":[{"count":0,"href":"https:\/\/www.europesays.com\/es\/wp-json\/wp\/v2\/posts\/257098\/revisions"}],"wp:featuredmedia":[{"embeddable":true,"href":"https:\/\/www.europesays.com\/es\/wp-json\/wp\/v2\/media\/257099"}],"wp:attachment":[{"href":"https:\/\/www.europesays.com\/es\/wp-json\/wp\/v2\/media?parent=257098"}],"wp:term":[{"taxonomy":"category","embeddable":true,"href":"https:\/\/www.europesays.com\/es\/wp-json\/wp\/v2\/categories?post=257098"},{"taxonomy":"post_tag","embeddable":true,"href":"https:\/\/www.europesays.com\/es\/wp-json\/wp\/v2\/tags?post=257098"}],"curies":[{"name":"wp","href":"https:\/\/api.w.org\/{rel}","templated":true}]}}