{"id":257105,"date":"2025-11-26T17:08:14","date_gmt":"2025-11-26T17:08:14","guid":{"rendered":"https:\/\/www.europesays.com\/es\/257105\/"},"modified":"2025-11-26T17:08:14","modified_gmt":"2025-11-26T17:08:14","slug":"los-poco-f8-pro-y-poco-f8-ultra-ya-son-oficiales-con-sonido-bose-y-potencia-a-raudales-smartphones-smartlife","status":"publish","type":"post","link":"https:\/\/www.europesays.com\/es\/257105\/","title":{"rendered":"Los POCO F8 Pro y POCO F8 Ultra ya son oficiales, con sonido Bose y potencia a raudales | Smartphones | Smartlife"},"content":{"rendered":"<p class=\"\"> POCO acaba de anunciar sus nuevos tel\u00e9fonos, y con los <b>POCO F8 Pro y POCO F8 Ultra<\/b> marca un antes y un despu\u00e9s dentro de la firma. Dos buques insignia que sorprenden por integrar sonido firmado por Bose, adem\u00e1s de unas caracter\u00edsticas de altura.<\/p>\n<p class=\"\">De esta manera, la tecnolog\u00eda <b>Sound by Bose<\/b> desembarca en la serie POCO F8 para prometer una calidad ac\u00fastica a la altura. Pero veamos con detalle lo que esconden los nuevos tel\u00e9fonos de POCO.<\/p>\n<p>As\u00ed es el POCO F8 Ultra<\/p>\n<p class=\"\"><b>El POCO F8 Ultra llega para posicionarse como el m\u00f3vil m\u00e1s completo que la marca ha creado. <\/b>Este modelo inaugura su entrada real en el territorio flagship premium, y lo hace estrenando un dise\u00f1o con un marco de aluminio, bordes redondeados, trasera en material nanotecnol\u00f3gico con acabado textil en la versi\u00f3n Denim Blue y protecci\u00f3n POCO Shield Glass.<\/p>\n<p><img decoding=\"auto\" class=\"_re lazyload a_m-h\" height=\"311\"  width=\"414\"  src=\"https:\/\/www.europesays.com\/es\/wp-content\/uploads\/2025\/11\/53QAFUE5WNH7TPFU2D3J6PWVSY.jpg\" loading=\"lazy\"\/>Nuevos POCO F8 Pro y POCO F8 UltraPOCO<\/p>\n<p class=\"\">Adem\u00e1s, cuenta con <b>certificaci\u00f3n IP68,<\/b> garantizando resistencia al polvo y al agua. Y potencia no te va a faltar, gracias a su<b> arquitectura de doble procesador, incluyendo el Snapdragon 8 Elite Gen 5, que ya de por s\u00ed marca diferencias.<\/b><\/p>\n<p class=\"\">El procesador, fabricado en 3 nm, ofrece una potencia equiparable a equipos de escritorio, y el sistema de refrigeraci\u00f3n IceLoop 3D de doble canal mantiene esa fuerza estable incluso en sesiones de juego largas. Seg\u00fan la marca, este hardware permite superar los 3.9 millones de puntos en AnTuTu, coloc\u00e1ndose entre los m\u00f3viles Android m\u00e1s potentes del momento.<\/p>\n<p><img decoding=\"auto\" class=\"_re lazyload a_m-h\" height=\"311\"  width=\"414\"  src=\"https:\/\/www.europesays.com\/es\/wp-content\/uploads\/2025\/11\/JQOVSSD66VCFPKKFSG7N5TIXI4.jpg\" loading=\"lazy\"\/>Nuevos POCO F8 Pro y POCO F8 UltraPOCO<\/p>\n<p class=\"\"><b>El rendimiento se redondea con RAM LPDDR5X y almacenamiento UFS 4.1 de alta velocidad, <\/b>con configuraciones que llegan hasta los 16 GB de RAM y 512 GB de memoria interna, tal como aparece en la ficha t\u00e9cnica oficial .<\/p>\n<p class=\"\">Y ojo con la pantalla del POCO F8 Ultra, ya que estrena la tecnolog\u00eda HyperRGB, que utiliza subp\u00edxeles completos RGB y presume de una <b>eficiencia superior a los paneles OLED <\/b>convencionales. Su diagonal es de 6,9 pulgadas con resoluci\u00f3n 2516\u00d71200, brillo pico de hasta 3500 nits y refresco de 120 Hz, adem\u00e1s de atenuaci\u00f3n DC durante todo el d\u00eda para evitar parpadeos y descansar la vista.<\/p>\n<p class=\"\">Antes te hemos hablado de la alianza con Bose, que combina con un apartado multimedia completo, al ofrecer graves m\u00e1s potentes, voces m\u00e1s claras y un sonido m\u00e1s espacial. Adem\u00e1s, ofrece dos perfiles de audio creados junto a los ingenieros de Bose: \u201cDynamic\u201d y \u201cBalanced\u201d.<\/p>\n<p><img decoding=\"auto\" class=\"_re lazyload a_m-h\" height=\"249\"  width=\"414\"  src=\"https:\/\/www.europesays.com\/es\/wp-content\/uploads\/2025\/11\/6KD5HTHHXNAPNBQZ7Z5BQUMHIU.jpg\" loading=\"lazy\"\/>Nuevos POCO F8 Pro y POCO F8 UltraPOCO<\/p>\n<p class=\"\">Pasando al apartado fotogr\u00e1fico,<b> el POCO F8 Ultra monta un sensor principal de 50 MP de 1\/1.31 pulgadas con OIS, tecnolog\u00eda Light Fusion 950 y una \u00f3ptica premium de siete elementos con recubrimiento m\u00faltiple<\/b>. Acompa\u00f1a un teleobjetivo perisc\u00f3pico de 50 MP capaz de ofrecer zoom \u00f3ptico 5x, zoom en sensor 10x y un zoom m\u00e1ximo de 20x, adem\u00e1s de un ultra gran angular de 50 MP.<\/p>\n<p class=\"\">Todo se apoya en modos avanzados como AI Super Resolution, Game HDR y v\u00eddeo din\u00e1mico a 1440p, y en funcionalidades creativas como los nuevos filtros \u201cpel\u00edcula positiva\u201d y \u201cpel\u00edcula negativa\u201d. As\u00ed que est\u00e1 claro que va a ofrecer un apartado fotogr\u00e1fico soberbio.<\/p>\n<p class=\"\">El POCO F8 Ultra incluye <b>la bater\u00eda m\u00e1s grande jam\u00e1s usada en la serie<\/b>: 6500 mAh. La carga r\u00e1pida sube a 100 W, con carga inal\u00e1mbrica de 50 W y carga inversa.<\/p>\n<p>Precios del POCO F8 Ultra<\/p>\n<ul>\n<li>12 + 256 GB: 829,99 \u20ac<\/li>\n<li>16 + 512 GB: 899,99 \u20ac<\/li>\n<\/ul>\n<p>As\u00ed es el POCO F8 Pro<\/p>\n<p class=\"\">Mientras el Ultra se lanza de lleno al mundo flagship, <b>el POCO F8 Pro es el modelo que equilibra potencia, dise\u00f1o premium y un precio mucho m\u00e1s accesible.<\/b> Para empezar, el POCO F8 Pro presume del primer dise\u00f1o de la marca construido con una trasera de vidrio fresado de una sola pieza. <\/p>\n<p><img decoding=\"auto\" class=\"_re lazyload a_m-h\" height=\"239\"  width=\"414\"  src=\"https:\/\/www.europesays.com\/es\/wp-content\/uploads\/2025\/11\/FQ5EUDJE4ZEIFA74EPA5YGG2OM.jpg\" loading=\"lazy\"\/>Nuevos POCO F8 Pro y POCO F8 UltraPOCO<\/p>\n<p class=\"\"><b>Un dise\u00f1o que se esculpe a partir de un bloque de vidrio de 2 mm que pasa por 41 procesos de tallado CNC<\/b> .El resultado es un acabado elegante con contraste mate\u2013brillante y un m\u00f3dulo de c\u00e1mara perfectamente integrado. Tambi\u00e9n es IP68, un detalle a tener en cuenta.<\/p>\n<p class=\"\">Respecto al apartado multimedia,<b> el POCO F8 Pro comparte tecnolog\u00eda con el modelo Ultra, aunque en formato m\u00e1s compacto.<\/b> La pantalla ofrece brillo m\u00e1ximo de 3500 nits, refresco de 120 Hz, 68.000 millones de colores y una reducci\u00f3n del consumo del 22,3% frente al modelo anterior. Y tampoco falta el sonido firmado por Bose..<\/p>\n<p class=\"\">En cuanto a potencia, presume de un<b> procesador Snapdragon 8 Elite y 12 GB de memoria RAM, as\u00ed que vas a disfrutar de un rendimiento a la altura<\/b>. Y con 256 o 512 GB de almacenamiento, el espacio no ser\u00e1 un problema.<\/p>\n<p><img decoding=\"auto\" class=\"_re lazyload a_m-h\" height=\"311\"  width=\"414\"  src=\"https:\/\/www.europesays.com\/es\/wp-content\/uploads\/2025\/11\/DSDUE2LDPZDUZHYMMPWG75HOVI.jpg\" loading=\"lazy\"\/>Nuevos POCO F8 Pro y POCO F8 UltraPOCO<\/p>\n<p class=\"\">Respecto a la c\u00e1mara, <b>este POCO F8 Pro e<\/b>s el primer modelo \u201cPro\u201d de la marca con un teleobjetivo dedicado. La c\u00e1mara consta de un sensor principal de 50 MP Light Fusion 800 con OIS, un teleobjetivo de 50 MP con zoom \u00f3ptico 2.5x y zoom sin p\u00e9rdidas 5x, y un ultra gran angular de 8 MP.<\/p>\n<p class=\"\"> Por \u00faltimo, el POCO F8 Pro monta una bater\u00eda de 6.210 mAh con carga r\u00e1pida de 100 W, m\u00e1s que suficiente para el d\u00eda a d\u00eda.<\/p>\n<p>Precios del POCO F8 Pro<\/p>\n<ul>\n<li>12 + 256 GB: 649,99 euros<\/li>\n<li>12 + 512 GB: 699,99 euros<\/li>\n<\/ul>\n","protected":false},"excerpt":{"rendered":"POCO acaba de anunciar sus nuevos tel\u00e9fonos, y con los POCO F8 Pro y POCO F8 Ultra marca&hellip;\n","protected":false},"author":2,"featured_media":257106,"comment_status":"","ping_status":"","sticky":false,"template":"","format":"standard","meta":{"footnotes":""},"categories":[81],"tags":[119,123,124,2308,25,24,659,117,121,122,23,118,120,2307,2766],"class_list":{"0":"post-257105","1":"post","2":"type-post","3":"status-publish","4":"format-standard","5":"has-post-thumbnail","7":"category-ciencia-y-tecnologia","8":"tag-ciencia","9":"tag-ciencia-y-tecnologia","10":"tag-cienciaytecnologia","11":"tag-empresas","12":"tag-es","13":"tag-espana","14":"tag-poco","15":"tag-science","16":"tag-science-and-technology","17":"tag-scienceandtechnology","18":"tag-spain","19":"tag-technology","20":"tag-tecnologia","21":"tag-telefonia","22":"tag-xiaomi"},"share_on_mastodon":{"url":"https:\/\/pubeurope.com\/@es\/115617104768939907","error":""},"_links":{"self":[{"href":"https:\/\/www.europesays.com\/es\/wp-json\/wp\/v2\/posts\/257105","targetHints":{"allow":["GET"]}}],"collection":[{"href":"https:\/\/www.europesays.com\/es\/wp-json\/wp\/v2\/posts"}],"about":[{"href":"https:\/\/www.europesays.com\/es\/wp-json\/wp\/v2\/types\/post"}],"author":[{"embeddable":true,"href":"https:\/\/www.europesays.com\/es\/wp-json\/wp\/v2\/users\/2"}],"replies":[{"embeddable":true,"href":"https:\/\/www.europesays.com\/es\/wp-json\/wp\/v2\/comments?post=257105"}],"version-history":[{"count":0,"href":"https:\/\/www.europesays.com\/es\/wp-json\/wp\/v2\/posts\/257105\/revisions"}],"wp:featuredmedia":[{"embeddable":true,"href":"https:\/\/www.europesays.com\/es\/wp-json\/wp\/v2\/media\/257106"}],"wp:attachment":[{"href":"https:\/\/www.europesays.com\/es\/wp-json\/wp\/v2\/media?parent=257105"}],"wp:term":[{"taxonomy":"category","embeddable":true,"href":"https:\/\/www.europesays.com\/es\/wp-json\/wp\/v2\/categories?post=257105"},{"taxonomy":"post_tag","embeddable":true,"href":"https:\/\/www.europesays.com\/es\/wp-json\/wp\/v2\/tags?post=257105"}],"curies":[{"name":"wp","href":"https:\/\/api.w.org\/{rel}","templated":true}]}}