{"id":257107,"date":"2025-11-26T17:09:10","date_gmt":"2025-11-26T17:09:10","guid":{"rendered":"https:\/\/www.europesays.com\/es\/257107\/"},"modified":"2025-11-26T17:09:10","modified_gmt":"2025-11-26T17:09:10","slug":"marta-alvarez-deja-la-presidencia-de-el-corte-ingles-tras-renovar-su-mandato-en-julio-y-le-sustituye-su-hermana-economia","status":"publish","type":"post","link":"https:\/\/www.europesays.com\/es\/257107\/","title":{"rendered":"Marta \u00c1lvarez deja la presidencia de El Corte Ingl\u00e9s tras renovar su mandato en julio y le sustituye su hermana | Econom\u00eda"},"content":{"rendered":"<p class=\"\">Marta \u00c1lvarez deja la presidencia de El Corte Ingl\u00e9s. El consejo de administraci\u00f3n del grupo de grandes almacenes ha aprobado hoy su renuncia al puesto, as\u00ed como el nombramiento de la persona que le sustituir\u00e1 en el puesto. Esta no es otra que su hermana Cristina, tal y como ha informado la empresa en un comunicado.<\/p>\n<p class=\"\">En el mismo, El Corte Ingl\u00e9s detalla que Marta \u00c1lvarez ha decidido dejar el puesto por \u201cdecisi\u00f3n personal y voluntaria\u201d. Eso s\u00ed, la que ha sido presidenta del grupo desde 2019 no abandona el consejo de administraci\u00f3n, en el que continuar\u00e1 ocupando un puesto. Tambi\u00e9n seguir\u00e1 como miembro de la comisi\u00f3n de seguimiento, y dirigir\u00e1 el \u00e1rea de marcas propias, moda y hogar.<\/p>\n<p class=\"\">En menos de un mes, el grupo de distribuci\u00f3n, que roza los 15.000 millones de euros de facturaci\u00f3n anual, ha comunicado el cese, <a href=\"https:\/\/elpais.com\/economia\/2025-10-29\/el-corte-ingles-cesa-a-su-consejero-delegado-tras-un-ano-en-el-puesto-y-en-pleno-arranque-del-nuevo-plan-estrategico.html\" target=\"_self\" rel=\"nofollow noopener\" title=\"https:\/\/elpais.com\/economia\/2025-10-29\/el-corte-ingles-cesa-a-su-consejero-delegado-tras-un-ano-en-el-puesto-y-en-pleno-arranque-del-nuevo-plan-estrategico.html\">primero, de su consejero delegado, Gast\u00f3n Bottazzini<\/a>, y ahora el relevo en su presidencia. Todo ello apenas tres meses despu\u00e9s de aprobar, en la junta de accionistas de julio pasado, <a href=\"https:\/\/elpais.com\/economia\/2025-07-24\/el-corte-ingles-invertira-3000-millones-de-euros-en-su-nuevo-plan-estrategico-hasta-2030.html\" target=\"_self\" rel=\"nofollow noopener\" title=\"https:\/\/elpais.com\/economia\/2025-07-24\/el-corte-ingles-invertira-3000-millones-de-euros-en-su-nuevo-plan-estrategico-hasta-2030.html\">su nuevo plan estrat\u00e9gico 2025-2030<\/a>. En esa misma junta, Marta \u00c1lvarez renov\u00f3 su mandato por cinco a\u00f1os m\u00e1s. El mismo solo ha durado cuatro meses.<\/p>\n<p class=\"\">Cristina \u00c1lvarez, por su parte, ser\u00e1 presidenta con car\u00e1cter no ejecutivo, puesto al que acceder\u00e1 a partir del 15 de enero pr\u00f3ximo, algo que la empresa define como un marco \u201cordenado, estable y de continuidad\u201d. Su designaci\u00f3n ha sido aprobada por unanimidad por parte del consejo de administraci\u00f3n del grupo.<\/p>\n<p class=\"\">\u201cCon el esfuerzo de todos hemos conseguido grandes resultados, que han permitido a la compa\u00f1\u00eda encarar el futuro con garant\u00edas, siempre con el cliente en el centro, y apoy\u00e1ndonos en el trabajo diario del conjunto de las personas que formamos parte de nuestra empresa\u201d, dice Marta \u00c1lvarez en el comunicado remitido por El Corte Ingl\u00e9s.<\/p>\n<p class=\"\">En el mismo, dice que la empresa cuenta \u201ccon un nuevo equipo directivo preparado para lograr los objetivos marcados en el plan Estrat\u00e9gico 2025-2030\u2033. Esta a\u00f1ade que \u201cllega el momento de abrir una nueva etapa en la presidencia\u201d.<\/p>\n<p class=\"\">Marta \u00c1lvarez lleg\u00f3 al puesto en julio de 2019, sustituyendo en el mismo a Jes\u00fas Nu\u00f1o de la Rosa. Lo hizo un a\u00f1o despu\u00e9s de zanjar la batalla que tanto ella como su hermana Cristina, hijas del hist\u00f3rico presidente Isidoro \u00c1lvarez, libraron con su primo y ex presidente del grupo, Dimas Gimeno. Su nombramiento hace seis a\u00f1os se entendi\u00f3 como el punto final a esa guerra interna y la apertura de un periodo de mayor estabilidad.<\/p>\n<p class=\"\">As\u00ed ha sido desde la presidencia, aunque los cambios ejecutivos han sido constantes en los \u00faltimos seis a\u00f1os. Bajo el mandato de Marta \u00c1lvarez, El Corte Ingl\u00e9s ha tenido tres consejeros delegados distintos y una comisi\u00f3n ejecutiva al frente del d\u00eda a d\u00eda de la empresa. Los primeros fueron V\u00edctor del Pozo, el propio Jes\u00fas Nu\u00f1o de la Rosa, que volvi\u00f3 a esa posici\u00f3n ejecutiva tras su paso por la presidencia; y Gast\u00f3n Bottazzini, que apenas conserv\u00f3 su puesto poco m\u00e1s de un a\u00f1o.<\/p>\n<p class=\"\">El mencionado plan estrat\u00e9gico, presentado en la junta del pasado mes de julio, <a href=\"https:\/\/cincodias.elpais.com\/companias\/2025-10-30\/el-corte-ingles-ha-pagado-58-millones-en-indemnizaciones-a-consejeros-y-altos-directivos-desde-2019.html\" target=\"_self\" rel=\"nofollow noopener\" title=\"https:\/\/cincodias.elpais.com\/companias\/2025-10-30\/el-corte-ingles-ha-pagado-58-millones-en-indemnizaciones-a-consejeros-y-altos-directivos-desde-2019.html\">y que prev\u00e9 inversiones de 3.000 millones de euros hasta 2030<\/a>, se desarrollar\u00e1 ahora sin el consejero delegado que lo dise\u00f1\u00f3, el propio Bottazzini, ni la presidenta que lo refrend\u00f3. Por contra, ser\u00e1 desarrollado por una nueva presidenta y por un primer ejecutivo, Santiago Bau, con rango de director general.<\/p>\n<p class=\"\">\u201cCristina cuenta con todo mi apoyo desde el consejo y la comisi\u00f3n de seguimiento, para continuar trabajando por esta empresa, a la que he dedicado pr\u00e1cticamente toda mi vida profesional\u201d, dice Marta \u00c1lvarez. Ambas hermanas ostentan el 18,4% del capital de El Corte Ingl\u00e9s a trav\u00e9s de la sociedad Cartera de Valores IASA, en la que comparten accionariado con su t\u00edo, C\u00e9sar \u00c1lvarez, hermano del hist\u00f3rico presidente y padre de las primeras, Isidoro \u00c1lvarez.<\/p>\n","protected":false},"excerpt":{"rendered":"Marta \u00c1lvarez deja la presidencia de El Corte Ingl\u00e9s. El consejo de administraci\u00f3n del grupo de grandes almacenes&hellip;\n","protected":false},"author":2,"featured_media":257108,"comment_status":"","ping_status":"","sticky":false,"template":"","format":"standard","meta":{"footnotes":""},"categories":[80],"tags":[82,3903,3213,11085,95,94,13043,25,24,25340,56491,1023,23],"class_list":{"0":"post-257107","1":"post","2":"type-post","3":"status-publish","4":"format-standard","5":"has-post-thumbnail","7":"category-economia","8":"tag-business","9":"tag-comercio","10":"tag-consumo","11":"tag-distribucion","12":"tag-economia","13":"tag-economy","14":"tag-el-corte-ingles","15":"tag-es","16":"tag-espana","17":"tag-grandes-almacenes","18":"tag-marta-alvarez-guil","19":"tag-moda","20":"tag-spain"},"share_on_mastodon":{"url":"https:\/\/pubeurope.com\/@es\/115617108210009198","error":""},"_links":{"self":[{"href":"https:\/\/www.europesays.com\/es\/wp-json\/wp\/v2\/posts\/257107","targetHints":{"allow":["GET"]}}],"collection":[{"href":"https:\/\/www.europesays.com\/es\/wp-json\/wp\/v2\/posts"}],"about":[{"href":"https:\/\/www.europesays.com\/es\/wp-json\/wp\/v2\/types\/post"}],"author":[{"embeddable":true,"href":"https:\/\/www.europesays.com\/es\/wp-json\/wp\/v2\/users\/2"}],"replies":[{"embeddable":true,"href":"https:\/\/www.europesays.com\/es\/wp-json\/wp\/v2\/comments?post=257107"}],"version-history":[{"count":0,"href":"https:\/\/www.europesays.com\/es\/wp-json\/wp\/v2\/posts\/257107\/revisions"}],"wp:featuredmedia":[{"embeddable":true,"href":"https:\/\/www.europesays.com\/es\/wp-json\/wp\/v2\/media\/257108"}],"wp:attachment":[{"href":"https:\/\/www.europesays.com\/es\/wp-json\/wp\/v2\/media?parent=257107"}],"wp:term":[{"taxonomy":"category","embeddable":true,"href":"https:\/\/www.europesays.com\/es\/wp-json\/wp\/v2\/categories?post=257107"},{"taxonomy":"post_tag","embeddable":true,"href":"https:\/\/www.europesays.com\/es\/wp-json\/wp\/v2\/tags?post=257107"}],"curies":[{"name":"wp","href":"https:\/\/api.w.org\/{rel}","templated":true}]}}