{"id":257111,"date":"2025-11-26T17:11:10","date_gmt":"2025-11-26T17:11:10","guid":{"rendered":"https:\/\/www.europesays.com\/es\/257111\/"},"modified":"2025-11-26T17:11:10","modified_gmt":"2025-11-26T17:11:10","slug":"bronca-entre-pedro-sanchez-y-la-oposicion-por-la-condena-al-fiscal-general-espanol","status":"publish","type":"post","link":"https:\/\/www.europesays.com\/es\/257111\/","title":{"rendered":"Bronca entre Pedro S\u00e1nchez y la oposici\u00f3n por la condena al fiscal general espa\u00f1ol"},"content":{"rendered":"<p>    <img src=\"https:\/\/www.europesays.com\/es\/wp-content\/uploads\/2025\/11\/2025-11-26T153A183A37Z-90508482.jpg\" width=\"1024\" height=\"682\" alt=\"\" loading=\"eager\" decoding=\"sync\" fetchpriority=\"high\"\/><\/p>\n<p>            afp_tickers        <\/p>\n<p>        Este contenido fue publicado en    <\/p>\n<p>        26 noviembre 2025 &#8211; 16:18\n<\/p>\n<p>El presidente del Gobierno espa\u00f1ol, Pedro S\u00e1nchez, y el l\u00edder de la oposici\u00f3n intercambiaron recriminaciones este mi\u00e9rcoles en el Congreso de los Diputados en torno a la reciente condena al fiscal general, nombrado en 2022 a propuesta del Ejecutivo de izquierda.<\/p>\n<p>\u00abEstamos convencidos de que el tiempo pondr\u00e1 las cosas en su sitio\u00bb, afirm\u00f3 S\u00e1nchez, quien insisti\u00f3 en la inocencia de \u00c1lvaro Garc\u00eda Ortiz, condenado el jueves pasado por el Tribunal Supremo a dos a\u00f1os de inhabilitaci\u00f3n para ejercer cargo p\u00fablico por haber filtrado informaci\u00f3n del novio de una figura de la oposici\u00f3n de derecha sospechoso de fraude fiscal.<\/p>\n<p>El dirigente socialista sostuvo que su Gobierno siempre se posicionar\u00e1 \u00abdel lado de la verdad\u00bb, recordando que varios periodistas aseguraron durante el juicio que Garc\u00eda Ortiz no era la fuente de las informaciones que publicaron y la \u00abmentira\u00bb que admiti\u00f3 haber dicho un testigo de la acusaci\u00f3n.<\/p>\n<p>Alberto N\u00fa\u00f1ez Feij\u00f3o, l\u00edder del Partido Popular (PP, derecha), el principal de oposici\u00f3n, acus\u00f3 a S\u00e1nchez de ser \u00abcada vez (\u2026) m\u00e1s peligroso para la democracia espa\u00f1ola\u00bb, y enumer\u00f3 otras causas judiciales que afectan a personas de su entorno, como su esposa, su hermano y dos antiguos cercanos colaboradores.<\/p>\n<p>\u00abLo que verdaderamente le inquieta es que se vuelvan a abrir las puertas de la prisi\u00f3n para que entre alguno de los suyos\u00bb, le lanz\u00f3 Feij\u00f3o.\u00a0<\/p>\n<p>El Gobierno propuso el martes a una veterana fiscal especializada en violencia de g\u00e9nero para reemplazar a Garc\u00eda Ortiz, un anuncio que fue recibido con \u00abprudencia\u00bb por la oposici\u00f3n.<\/p>\n<p>Teresa Peramato es \u00abuna mujer de dilatada trayectoria, reconocida, independiente, rigurosa y, por cierto, feminista\u00bb, dijo S\u00e1nchez ante los diputados.<\/p>\n<p>Nombrado en 2022 a propuesta del gobierno de S\u00e1nchez, \u00c1lvaro Garc\u00eda Ortiz se sent\u00f3 en el banquillo en el Tribunal Supremo a principios de noviembre.<\/p>\n<p>Adem\u00e1s de la inhabilitaci\u00f3n, Garc\u00eda Ortiz, que siempre neg\u00f3 ser el responsable de la filtraci\u00f3n, tambi\u00e9n fue condenado a indemnizar con 10.000 euros al empresario Alberto Gonz\u00e1lez Amador, pareja de la presidenta conservadora de la regi\u00f3n de Madrid, Isabel D\u00edaz Ayuso.<\/p>\n<p>La condena es un golpe dif\u00edcil para S\u00e1nchez y su Ejecutivo, que de manera reiterada defendieron la inocencia del fiscal general condenado por violaci\u00f3n del secreto judicial.<\/p>\n<p>rbj\/mdm\/du\/rs\/avl<\/p>\n","protected":false},"excerpt":{"rendered":"afp_tickers Este contenido fue publicado en 26 noviembre 2025 &#8211; 16:18 El presidente del Gobierno espa\u00f1ol, Pedro S\u00e1nchez,&hellip;\n","protected":false},"author":2,"featured_media":257112,"comment_status":"","ping_status":"","sticky":false,"template":"","format":"standard","meta":{"footnotes":""},"categories":[8],"tags":[17,18,25,24,13,14,4437,11,11894,11895,19,20,7657,9,10,15,16,28415,88,23,90,12,21,22],"class_list":{"0":"post-257111","1":"post","2":"type-post","3":"status-publish","4":"format-standard","5":"has-post-thumbnail","7":"category-espana","8":"tag-breaking-news","9":"tag-breakingnews","10":"tag-es","11":"tag-espana","12":"tag-featured-news","13":"tag-featurednews","14":"tag-government","15":"tag-headlines","16":"tag-judiciary-system-of-justice","17":"tag-justice-and-rights","18":"tag-latest-news","19":"tag-latestnews","20":"tag-law-and-order","21":"tag-news","22":"tag-noticias","23":"tag-noticias-destacadas","24":"tag-noticiasdestacadas","25":"tag-parliament","26":"tag-politics","27":"tag-spain","28":"tag-ticker","29":"tag-titulares","30":"tag-ultimas-noticias","31":"tag-ultimasnoticias"},"share_on_mastodon":{"url":"https:\/\/pubeurope.com\/@es\/115617116132510369","error":""},"_links":{"self":[{"href":"https:\/\/www.europesays.com\/es\/wp-json\/wp\/v2\/posts\/257111","targetHints":{"allow":["GET"]}}],"collection":[{"href":"https:\/\/www.europesays.com\/es\/wp-json\/wp\/v2\/posts"}],"about":[{"href":"https:\/\/www.europesays.com\/es\/wp-json\/wp\/v2\/types\/post"}],"author":[{"embeddable":true,"href":"https:\/\/www.europesays.com\/es\/wp-json\/wp\/v2\/users\/2"}],"replies":[{"embeddable":true,"href":"https:\/\/www.europesays.com\/es\/wp-json\/wp\/v2\/comments?post=257111"}],"version-history":[{"count":0,"href":"https:\/\/www.europesays.com\/es\/wp-json\/wp\/v2\/posts\/257111\/revisions"}],"wp:featuredmedia":[{"embeddable":true,"href":"https:\/\/www.europesays.com\/es\/wp-json\/wp\/v2\/media\/257112"}],"wp:attachment":[{"href":"https:\/\/www.europesays.com\/es\/wp-json\/wp\/v2\/media?parent=257111"}],"wp:term":[{"taxonomy":"category","embeddable":true,"href":"https:\/\/www.europesays.com\/es\/wp-json\/wp\/v2\/categories?post=257111"},{"taxonomy":"post_tag","embeddable":true,"href":"https:\/\/www.europesays.com\/es\/wp-json\/wp\/v2\/tags?post=257111"}],"curies":[{"name":"wp","href":"https:\/\/api.w.org\/{rel}","templated":true}]}}