{"id":257113,"date":"2025-11-26T17:12:35","date_gmt":"2025-11-26T17:12:35","guid":{"rendered":"https:\/\/www.europesays.com\/es\/257113\/"},"modified":"2025-11-26T17:12:35","modified_gmt":"2025-11-26T17:12:35","slug":"la-audiencia-nacional-reclama-todos-los-pagos-en-metalico-del-psoe-de-los-ultimos-siete-anos","status":"publish","type":"post","link":"https:\/\/www.europesays.com\/es\/257113\/","title":{"rendered":"La Audiencia Nacional reclama todos los \u201cpagos en met\u00e1lico\u201d del PSOE de los \u00faltimos siete a\u00f1os"},"content":{"rendered":"<p class=\"article-text\">\n        El juez de la <a href=\"https:\/\/www.eldiario.es\/temas\/audiencia-nacional\/\" target=\"_blank\" data-mrf-recirculation=\"links-noticia\" class=\"link\" rel=\"nofollow noopener\">Audiencia Nacional<\/a> Ismael Moreno da diez d\u00edas al PSOE para que aporte todos los pagos en met\u00e1lico efectuados por el partido entre 2017 hasta el 2024, seg\u00fan una providencia a la que ha tenido acceso elDiario.es. Se trata de todas las liquidaciones de gastos que cargos p\u00fablicos y trabajadores pasaron al partido por comidas, hoteles, gasolina o kilometraje en los \u00faltimos siete a\u00f1os. Tambi\u00e9n reclama a la formaci\u00f3n que facilite los \u201cdocumentos en los que se soportan los mismos\u201d. Esto es, las facturas o tickets presentados para justificar cada uno de esos gastos.\n    <\/p>\n<p>    <a href=\"https:\/\/www.eldiario.es\/politica\/audiencia-nacional-acepta-investigar-pagos-metalico-psoe-abalos-koldo-garcia_1_12746937.html\" data-mrf-recirculation=\"saber-mas\" data-dl-event=\"saber-mas\" rel=\"nofollow noopener\" target=\"_blank\"><\/p>\n<p class=\"know-more__title\">La Audiencia Nacional acepta investigar los pagos en met\u00e1lico del PSOE a \u00c1balos y Koldo Garc\u00eda<\/p>\n<p>            <img decoding=\"async\" class=\"lazy\" loading=\"lazy\" data-src=\"https:\/\/static.eldiario.es\/clip\/b26f8714-4442-42c9-8508-4454e0ddcdcc_16-9-aspect-ratio_default_0_x1418y260.jpg\" src=\"data:image\/svg+xml,%3Csvg xmlns=\" http:=\"\" viewbox=\"0 0 880 495\" alt=\"La Audiencia Nacional acepta investigar los pagos en met\u00e1lico del PSOE a \u00c1balos y Koldo Garc\u00eda\"\/><\/p>\n<p>                        <\/a><\/p>\n<p class=\"article-text\">\n        En otro auto, el magistrado ordena a la Unidad Central Operativa (UCO) de la Guardia Civil que realice un informe sobre los \u201cdocumentos\u201d y \u201cmensajes, tanto escritos como de voz\u201d que constan en la causa y que puedan tener relaci\u00f3n con esos pagos. Para ello, solicita al instructor de la causa abierta en el Tribunal Supremo contra Jos\u00e9 Luis \u00c1balos y Santos Cerd\u00e1n que autorice a los agentes a tener \u201cacceso\u201d al contenido de esas evidencias digitales, entre las que est\u00e1n los audios y mensajes intervenidos a Koldo Garc\u00eda.\n    <\/p>\n<p class=\"article-text\">\n        El magistrado adopta estas decisiones a instancias del fiscal del caso, Luis Pastor Motta, que considera que la documentaci\u00f3n ofrecida por el partido \u201cno es esclarecedora\u201d y que es necesaria una investigaci\u00f3n para \u201cdespejar las inc\u00f3gnitas existentes\u201d y que el PSOE aporte tanto los pagos de esos siete a\u00f1os como sus justificantes para \u201cdeterminar el modo y el motivo de los pagos en met\u00e1lico\u201d. La tesis del fiscal Pastor Motta es que los descuadres en los abonos en met\u00e1lico por parte del PSOE podr\u00edan deberse a un \u201cblanqueo de capitales\u201d, un \u201cposible desfalco cometido contra el partido\u201d u \u201cotras eventuales irregularidades\u201d.\n    <\/p>\n<p>    Cantidad ingente de documentaci\u00f3n <\/p>\n<p class=\"article-text\">\n        Estas diligencias se producen en el marco de la pieza separada que la Audiencia Nacional abri\u00f3 a principios de noviembre sobre los pagos en met\u00e1lico del PSOE al exministro de Transportes y ex secretario de Organizaci\u00f3n del PSOE Jos\u00e9 Luis \u00c1balos y su asesor Koldo Garc\u00eda.\u00a0Con este nuevo requerimiento, la causa adquiere otra dimensi\u00f3n al reclamar una ingente cantidad de gastos que, hasta el momento, no estaban bajo sospecha. Todo ello, adem\u00e1s, en un caso abierto originariamente para investigar una presunta organizaci\u00f3n criminal que supuestamente cobr\u00f3 comisiones por la venta de mascarillas durante la pandemia.\n    <\/p>\n<p class=\"article-text\">\n        El magistrado de la Audiencia Nacional empez\u00f3 a indagar en las liquidaciones del PSOE\u00a0<a href=\"https:\/\/www.eldiario.es\/politica\/juez-supremo-plantea-hipotesis-psoe-ayudara-abalos-koldo-blanquear-comisiones_1_12731132.html\" target=\"_blank\" data-mrf-recirculation=\"links-noticia\" class=\"link\" rel=\"nofollow noopener\">tras recibir un auto del magistrado del Tribunal Supremo Leopoldo Puente<\/a>, en el que este planteaba la posibilidad de que el exministro y quien fuera su mano derecha utilizaran los gastos que pasaban al PSOE para blanquear el dinero de las mordidas que supuestamente cobraron de empresarios con intereses en el Ministerio de Transportes.\u00a0\n    <\/p>\n<p class=\"article-text\">\n        Puente construy\u00f3 esa hip\u00f3tesis tras constatar los escasos controles existentes sobre unos reintegros que el PSOE abon\u00f3 mayoritariamente en efectivo hasta 2020. Y puso el foco, especialmente, en el hecho de que el partido no comprobara si los pagos realizados por quien obten\u00eda la devoluci\u00f3n hab\u00edan sido realizados en met\u00e1lico o con tarjeta.\u00a0\n    <\/p>\n<p class=\"article-text\">\n        El juez del Supremo deriv\u00f3 las sospechas sobre el blanqueo con tickets a la Audiencia Nacional tras haber interrogado, como testigos, al exgerente del PSOE Mariano Moreno y a una empleada de la Secretar\u00eda de Organizaci\u00f3n, Celia Rodr\u00edguez. La citaci\u00f3n de ambos se produjo despu\u00e9s de que un informe de la UCO hallara un descuadre de miles de euros en los pagos en efectivo al exdirigente socialista y a quien fuera su mano derecha.\u00a0\n    <\/p>\n<p class=\"article-text\">\n        El exgerente y la trabajadora se limitaron a explicar que ni \u00c1balos ni Koldo Garc\u00eda hab\u00edan cobrado en efectivo m\u00e1s dinero de lo que hab\u00eda comunicado el PSOE: 19.859,07 y 11.291,33 euros, respectivamente. Y que los 127.738,98 restantes correspond\u00edan a liquidaciones del \u201cequipo de Organizaci\u00f3n\u201d del partido.\u00a0\n    <\/p>\n<p>    <a href=\"https:\/\/www.eldiario.es\/politica\/juez-puente-sospecha-abalos-koldo-garcia-pudieron-blanquear-4-comisiones-pasando-gastos-psoe_1_12732767.html\" data-mrf-recirculation=\"saber-mas-abajo\" data-dl-event=\"saber-mas-abajo\" rel=\"nofollow noopener\" target=\"_blank\"><\/p>\n<p class=\"know-more__title\">El juez Puente sospecha que \u00c1balos y Koldo Garc\u00eda pudieron blanquear menos del 4% de las comisiones pasando gastos al PSOE\n<\/p>\n<p>            <img decoding=\"async\" class=\"lazy\" loading=\"lazy\" data-src=\"https:\/\/static.eldiario.es\/clip\/b8dab5bc-928c-4185-b2e2-0678589ecc40_16-9-aspect-ratio_default_0.jpg\" src=\"data:image\/svg+xml,%3Csvg xmlns=\" http:=\"\" viewbox=\"0 0 880 495\" alt=\"El juez Puente sospecha que \u00c1balos y Koldo Garc\u00eda pudieron blanquear menos del 4% de las comisiones pasando gastos al PSOE\"\/><\/p>\n<p>                        <\/a><\/p>\n<p class=\"article-text\">\n        El magistrado hizo hincapi\u00e9 en el hecho de que ninguno de los testigos fuera capaz de explicar por qu\u00e9 esos fondos eran \u201creclamados\u201d por Koldo Garc\u00eda, quien figuraba como asesor de \u00c1balos en Transportes y no en el PSOE. Ni tampoco por qu\u00e9 su mujer, Patricia \u00dariz, que era secretaria de \u00c1balos en el Ministerio y no en el partido, recog\u00eda unas cantidades sobre las que no hay \u201cconstancia alguna\u201d de que fueran distribuidas posteriormente por Koldo Garc\u00eda en favor de las personas del equipo de la Secretar\u00eda de Organizaci\u00f3n, tal y como reconoci\u00f3 el exgerente.\u00a0\n    <\/p>\n","protected":false},"excerpt":{"rendered":"El juez de la Audiencia Nacional Ismael Moreno da diez d\u00edas al PSOE para que aporte todos los&hellip;\n","protected":false},"author":2,"featured_media":257114,"comment_status":"","ping_status":"","sticky":false,"template":"","format":"standard","meta":{"footnotes":""},"categories":[5],"tags":[988,4294,17,18,25,24,13,14,11,19,20,51007,813,9,10,15,16,46883,1699,17585,5294,23,12,21,22,4421],"class_list":{"0":"post-257113","1":"post","2":"type-post","3":"status-publish","4":"format-standard","5":"has-post-thumbnail","7":"category-titulares","8":"tag-anos","9":"tag-audiencia","10":"tag-breaking-news","11":"tag-breakingnews","12":"tag-es","13":"tag-espana","14":"tag-featured-news","15":"tag-featurednews","16":"tag-headlines","17":"tag-latest-news","18":"tag-latestnews","19":"tag-metalico","20":"tag-nacional","21":"tag-news","22":"tag-noticias","23":"tag-noticias-destacadas","24":"tag-noticiasdestacadas","25":"tag-pagos","26":"tag-psoe","27":"tag-reclama","28":"tag-siete","29":"tag-spain","30":"tag-titulares","31":"tag-ultimas-noticias","32":"tag-ultimasnoticias","33":"tag-ultimos"},"share_on_mastodon":{"url":"https:\/\/pubeurope.com\/@es\/115617119807621225","error":""},"_links":{"self":[{"href":"https:\/\/www.europesays.com\/es\/wp-json\/wp\/v2\/posts\/257113","targetHints":{"allow":["GET"]}}],"collection":[{"href":"https:\/\/www.europesays.com\/es\/wp-json\/wp\/v2\/posts"}],"about":[{"href":"https:\/\/www.europesays.com\/es\/wp-json\/wp\/v2\/types\/post"}],"author":[{"embeddable":true,"href":"https:\/\/www.europesays.com\/es\/wp-json\/wp\/v2\/users\/2"}],"replies":[{"embeddable":true,"href":"https:\/\/www.europesays.com\/es\/wp-json\/wp\/v2\/comments?post=257113"}],"version-history":[{"count":0,"href":"https:\/\/www.europesays.com\/es\/wp-json\/wp\/v2\/posts\/257113\/revisions"}],"wp:featuredmedia":[{"embeddable":true,"href":"https:\/\/www.europesays.com\/es\/wp-json\/wp\/v2\/media\/257114"}],"wp:attachment":[{"href":"https:\/\/www.europesays.com\/es\/wp-json\/wp\/v2\/media?parent=257113"}],"wp:term":[{"taxonomy":"category","embeddable":true,"href":"https:\/\/www.europesays.com\/es\/wp-json\/wp\/v2\/categories?post=257113"},{"taxonomy":"post_tag","embeddable":true,"href":"https:\/\/www.europesays.com\/es\/wp-json\/wp\/v2\/tags?post=257113"}],"curies":[{"name":"wp","href":"https:\/\/api.w.org\/{rel}","templated":true}]}}