{"id":257117,"date":"2025-11-26T17:20:09","date_gmt":"2025-11-26T17:20:09","guid":{"rendered":"https:\/\/www.europesays.com\/es\/257117\/"},"modified":"2025-11-26T17:20:09","modified_gmt":"2025-11-26T17:20:09","slug":"raquel-carrera-valencia-basket-causa-baja-indefinida","status":"publish","type":"post","link":"https:\/\/www.europesays.com\/es\/257117\/","title":{"rendered":"Raquel Carrera (Valencia Basket) causa baja indefinida"},"content":{"rendered":"<p class=\"paragraph\">La jugadora del Valencia Basket <b>Raquel Carrera ser\u00e1 baja indefinida<\/b> despu\u00e9s de resentirse en los \u00faltimos d\u00edas de las molestias en la rodilla izquierda que arrastra desde el pasado Eurobasket, torneo celebrado el pasado mes de junio<a href=\"https:\/\/www.heraldo.es\/noticias\/deportes\/baloncesto\/2025\/07\/02\/palabras-mariona-ortiz-cruel-desenlace-europeo-1836556.html\" title=\"Las emotivas palabras de Mariona Ortiz tras el cruel desenlace en el Europeo: &quot;No he sido capaz de ver las im\u00e1genes&quot;\" rel=\"nofollow noopener\" target=\"_blank\"> en el que Espa\u00f1a logr\u00f3 la plata tras caer en la final ante B\u00e9lgica. <\/a>La jugadora interior ya termin\u00f3 tocada el campeonato continental.<\/p>\n<p class=\"paragraph\">El club levantino inform\u00f3 este mi\u00e9rcoles de que <b>la p\u00edvot gallega sufre \u00abuna persistencia de esas molestias\u00bb\u00a0<\/b>desde su reincorporaci\u00f3n al equipo en verano, tras su paso por la selecci\u00f3n espa\u00f1ola, una situaci\u00f3n que ha limitado su disponibilidad pese a que hab\u00eda podido competir hasta ahora.<\/p>\n<p class=\"paragraph\">El Valencia Basket a\u00f1adi\u00f3 que \u00abRaquel Carrera <b>ser\u00e1 sometida en los pr\u00f3ximos d\u00edas a nuevas pruebas <\/b>para determinar el alcance exacto del problema y fijar un tiempo de recuperaci\u00f3n\u00bb, sin ofrecer por el momento un plazo concreto para su regreso.\u00a0<\/p>\n<p>Fuera de la convocatoria de la selecci\u00f3n espa\u00f1ola<\/p>\n<p class=\"paragraph\">La p\u00edvot ya no estuvo presente a principios del mes de noviembre, <b>en los dos encuentros amistosos de la selecci\u00f3n espa\u00f1ola <\/b>contra Francia e Italia. Entonces no form\u00f3 parte de la convocatoria del seleccionador, Miguel M\u00e9ndez, debido a sus molestias en la rodilla izquierda.\u00a0<\/p>\n<p class=\"paragraph\">La ausencia de Raquel Carrera supone un gran contratiempo para el Valencia Basket. El equipo levantino <b>ocupa actualmente la segunda posici\u00f3n <\/b>de la Liga Femenina, igualado a seis victorias con el Casademont Zaragoza, el Girona y el IDK Euskotren, tras la celebraci\u00f3n de las siete primeras jornadas.\u00a0El conjunto que dirige Rub\u00e9n Burgos se medir\u00e1 el pr\u00f3ximo domingo con el Estepona.\u00a0<\/p>\n<p class=\"paragraph\">En la Euroliga, el Valencia Basket hace ya tiempo que <b>garantiz\u00f3 su presencia en la segunda fase de la competici\u00f3n, <\/b>despu\u00e9s de haber finalizado la primera ronda en la segunda posici\u00f3n del Grupo C por detr\u00e1s \u00fanicamente del Fenerbahce.\u00a0 \u00a0\u00a0<\/p>\n","protected":false},"excerpt":{"rendered":"La jugadora del Valencia Basket Raquel Carrera ser\u00e1 baja indefinida despu\u00e9s de resentirse en los \u00faltimos d\u00edas de&hellip;\n","protected":false},"author":2,"featured_media":257118,"comment_status":"","ping_status":"","sticky":false,"template":"","format":"standard","meta":{"footnotes":""},"categories":[269],"tags":[299,1918,298,4860,168,25,24,11870,11917,23,167,235],"class_list":{"0":"post-257117","1":"post","2":"type-post","3":"status-publish","4":"format-standard","5":"has-post-thumbnail","7":"category-baloncesto","8":"tag-baloncesto","9":"tag-basket","10":"tag-basketball","11":"tag-carrera","12":"tag-deportes","13":"tag-es","14":"tag-espana","15":"tag-indefinida","16":"tag-raquel","17":"tag-spain","18":"tag-sports","19":"tag-valencia"},"share_on_mastodon":{"url":"https:\/\/pubeurope.com\/@es\/115617151436888081","error":""},"_links":{"self":[{"href":"https:\/\/www.europesays.com\/es\/wp-json\/wp\/v2\/posts\/257117","targetHints":{"allow":["GET"]}}],"collection":[{"href":"https:\/\/www.europesays.com\/es\/wp-json\/wp\/v2\/posts"}],"about":[{"href":"https:\/\/www.europesays.com\/es\/wp-json\/wp\/v2\/types\/post"}],"author":[{"embeddable":true,"href":"https:\/\/www.europesays.com\/es\/wp-json\/wp\/v2\/users\/2"}],"replies":[{"embeddable":true,"href":"https:\/\/www.europesays.com\/es\/wp-json\/wp\/v2\/comments?post=257117"}],"version-history":[{"count":0,"href":"https:\/\/www.europesays.com\/es\/wp-json\/wp\/v2\/posts\/257117\/revisions"}],"wp:featuredmedia":[{"embeddable":true,"href":"https:\/\/www.europesays.com\/es\/wp-json\/wp\/v2\/media\/257118"}],"wp:attachment":[{"href":"https:\/\/www.europesays.com\/es\/wp-json\/wp\/v2\/media?parent=257117"}],"wp:term":[{"taxonomy":"category","embeddable":true,"href":"https:\/\/www.europesays.com\/es\/wp-json\/wp\/v2\/categories?post=257117"},{"taxonomy":"post_tag","embeddable":true,"href":"https:\/\/www.europesays.com\/es\/wp-json\/wp\/v2\/tags?post=257117"}],"curies":[{"name":"wp","href":"https:\/\/api.w.org\/{rel}","templated":true}]}}