{"id":257119,"date":"2025-11-26T17:21:08","date_gmt":"2025-11-26T17:21:08","guid":{"rendered":"https:\/\/www.europesays.com\/es\/257119\/"},"modified":"2025-11-26T17:21:08","modified_gmt":"2025-11-26T17:21:08","slug":"el-juvenil-del-atletico-vuela-en-europa","status":"publish","type":"post","link":"https:\/\/www.europesays.com\/es\/257119\/","title":{"rendered":"El Juvenil del Atl\u00e9tico vuela en Europa"},"content":{"rendered":"<p data-mrf-recirculation=\"Links P\u00e1rrafos\" class=\"ue-c-article__paragraph paragraph ue-c-article--first-letter-highlighted\">Suma y sigue. As\u00ed marcha el Juvenil del Atl\u00e9tico en la Youth League. <strong>Los de \u00c1ngel Donato volvieron a dejar claro el potencial que atesoran en un partido que tuvo de todo.<\/strong> Un triunfo que lleg\u00f3 esta vez sin el sufrimiento que acompa\u00f1\u00f3 a los rojiblancos en otros encuentros de la competici\u00f3n pero con un par de sustos que pudieron costar caro a los colchoneros. Goleada y mirar de cerca al top 6.<\/p>\n<p data-mrf-recirculation=\"Links P\u00e1rrafos\" class=\"ue-c-article__paragraph paragraph\">Arranc\u00f3 la cosa con mucho viento a favor de los de Donato. U<strong>na gran acci\u00f3n rojiblanca protagonizada por Jes\u00fas Barrios acab\u00f3 con el meta Galliera en vestuarios expulsado<\/strong>. Tras un bonito sombrero del jerezano el guardameta italiano tuvo que sacar la mano a pasear fuera del \u00e1rea dejando a su equipo con 10 desde el minuto 5. Minutos despu\u00e9s llegar\u00eda el primer tanto de Atl\u00e9tico con el mismo protagonista. Barrios sigue haci\u00e9ndose un nombre en Europa.<\/p>\n<p data-mrf-recirculation=\"Links P\u00e1rrafos\" class=\"ue-c-article__paragraph paragraph\">Con todo a favor vino un momento de relax que pudo costar caro a los de Donato. <strong>Un penalti de Dom\u00ednguez sobre Iddrissou pudo cambiar el rumbo del partido.<\/strong> Dani Rubio estuvo inmenso para detener el lanzamiento al delantero interista. No contentos con ello, los colchoneros volvieron a complicarse la vida con otro penalti cuando se esfumaba la primera mitad.<strong> De nuevo Iddrissou como protagonista. En esta ocasi\u00f3n no le tembl\u00f3 el pulso y bati\u00f3 a Dani antes de marcharse a vestuarios.<\/strong> Tocaba volver a empezar.<\/p>\n<p data-mrf-recirculation=\"Links P\u00e1rrafos\" class=\"ue-c-article__paragraph paragraph\">Y de eso, de saber volver a empezar, ha dado muestras durante toda la Youth. Dos cambios al descanso y dos cambios que volvieron a ser clave. <strong>Dani Mu\u00f1oz entr\u00f3 al c\u00e9sped con la intenci\u00f3n de cambiar por completo el rumbo del partido<\/strong>. Poco a poco se fue inclinando el campo hacia la porter\u00eda italiana hasta que en el minuto 60 Tamargo volv\u00eda a poner por delante a los rojiblancos. Minutos despu\u00e9s, en el 67 era el turno de Cubo. Dos golazos que sentenciaban el choque. Faltaba por llegar el gol de un Sergio Estaban que no suele faltar a su cita con Europa. El Atl\u00e9tico vuela y suma su cuarto triunfo seguido.\u00a0<\/p>\n<p>Ficha t\u00e9cnica Atl\u00e9tico 4-1 Inter Milan<\/p>\n<p data-mrf-recirculation=\"Links P\u00e1rrafos\" class=\"ue-c-article__paragraph paragraph\"><strong>Atl\u00e9tico: <\/strong>Rubio, Romeo Hueso, Dom\u00ednguez, Torrellas (73&#8242; Fragoso), Diego Sancho (46&#8242; Dani Mu\u00f1oz), Javi Tena (46&#8242; David), Tamargo, Jes\u00fas Barrios, Rub\u00e9n G\u00f3mez (74&#8242; Gross), Vinatea (62&#8242; Cubo) y Sergio Esteban<\/p>\n<p data-mrf-recirculation=\"Links P\u00e1rrafos\" class=\"ue-c-article__paragraph paragraph\"><strong>Entrenador: <\/strong>\u00c1ngel Donato<\/p>\n<p data-mrf-recirculation=\"Links P\u00e1rrafos\" class=\"ue-c-article__paragraph paragraph\"><strong>Inter: <\/strong>Galliera, Ballo, Breda, Peletti, Marello, Zarate (72&#8242; Vukoje), Cerpelletti (63&#8242; La Torre), Putsen (7&#8242; Adomavicius), Mancuso (72&#8242; Humanes), Iddrissou y Mosconi (63&#8242; El Mahboubi)<\/p>\n<p data-mrf-recirculation=\"Links P\u00e1rrafos\" class=\"ue-c-article__paragraph paragraph\"><strong>Entrenador: <\/strong>Benito Carbone<\/p>\n<p data-mrf-recirculation=\"Links P\u00e1rrafos\" class=\"ue-c-article__paragraph paragraph\"><strong>Goles: <\/strong>1-0 15&#8242; Jes\u00fas Barrios, 45&#8242; Iddrissou, de penalti, 60&#8242; Tamargo, 67&#8242; Cubo 90&#8242; Sergio Esteban<\/p>\n<p data-mrf-recirculation=\"Links P\u00e1rrafos\" class=\"ue-c-article__paragraph paragraph\"><strong>\u00c1rbitro: <\/strong>Szabolcs Kovacs (rumano).\u00a0Amonest\u00f3 a Galliera (Roja) 5&#8242;, Javi Tena 19&#8242;, Mosconi  41&#8242;, Dani Rubio 44&#8242;, Cerpelletti 62&#8242;, Dom\u00ednguez 83&#8242;, Humanes 86&#8242;, Daniel Mu\u00f1oz 87&#8242;, Barrios 88&#8242;<\/p>\n","protected":false},"excerpt":{"rendered":"Suma y sigue. As\u00ed marcha el Juvenil del Atl\u00e9tico en la Youth League. Los de \u00c1ngel Donato volvieron&hellip;\n","protected":false},"author":2,"featured_media":257120,"comment_status":"","ping_status":"","sticky":false,"template":"","format":"standard","meta":{"footnotes":""},"categories":[268],"tags":[168,25,24,280,282,281,23,167],"class_list":{"0":"post-257119","1":"post","2":"type-post","3":"status-publish","4":"format-standard","5":"has-post-thumbnail","7":"category-futbol","8":"tag-deportes","9":"tag-es","10":"tag-espana","11":"tag-football","12":"tag-futbol","13":"tag-soccer","14":"tag-spain","15":"tag-sports"},"share_on_mastodon":{"url":"https:\/\/pubeurope.com\/@es\/115617155410654009","error":""},"_links":{"self":[{"href":"https:\/\/www.europesays.com\/es\/wp-json\/wp\/v2\/posts\/257119","targetHints":{"allow":["GET"]}}],"collection":[{"href":"https:\/\/www.europesays.com\/es\/wp-json\/wp\/v2\/posts"}],"about":[{"href":"https:\/\/www.europesays.com\/es\/wp-json\/wp\/v2\/types\/post"}],"author":[{"embeddable":true,"href":"https:\/\/www.europesays.com\/es\/wp-json\/wp\/v2\/users\/2"}],"replies":[{"embeddable":true,"href":"https:\/\/www.europesays.com\/es\/wp-json\/wp\/v2\/comments?post=257119"}],"version-history":[{"count":0,"href":"https:\/\/www.europesays.com\/es\/wp-json\/wp\/v2\/posts\/257119\/revisions"}],"wp:featuredmedia":[{"embeddable":true,"href":"https:\/\/www.europesays.com\/es\/wp-json\/wp\/v2\/media\/257120"}],"wp:attachment":[{"href":"https:\/\/www.europesays.com\/es\/wp-json\/wp\/v2\/media?parent=257119"}],"wp:term":[{"taxonomy":"category","embeddable":true,"href":"https:\/\/www.europesays.com\/es\/wp-json\/wp\/v2\/categories?post=257119"},{"taxonomy":"post_tag","embeddable":true,"href":"https:\/\/www.europesays.com\/es\/wp-json\/wp\/v2\/tags?post=257119"}],"curies":[{"name":"wp","href":"https:\/\/api.w.org\/{rel}","templated":true}]}}