{"id":257123,"date":"2025-11-26T17:23:21","date_gmt":"2025-11-26T17:23:21","guid":{"rendered":"https:\/\/www.europesays.com\/es\/257123\/"},"modified":"2025-11-26T17:23:21","modified_gmt":"2025-11-26T17:23:21","slug":"casa-gs-barella-arquitectura","status":"publish","type":"post","link":"https:\/\/www.europesays.com\/es\/257123\/","title":{"rendered":"Casa G&#038;S \/ Barella Arquitectura"},"content":{"rendered":"<p><a class=\"js-image-size__link \" href=\"https:\/\/www.archdaily.cl\/cl\/1036345\/casa-g-and-s-barella-arquitectura\/69256a10bacdcd0001160eb8-casa-g-and-s-barella-arquitectura-foto\" rel=\"attachment nofollow noopener\" style=\"width: 100%; height: 100%;\" target=\"_blank\"><img decoding=\"async\" alt=\"Casa G&amp;S \/ Barella Arquitectura - Imagen 1 de 37\" data-nr-picture-id=\"69256a10bacdcd0001160eb8\" fetchpriority=\"high\" height=\"416\" itemprop=\"image\" loading=\"eager\" longdesc=\"https:\/\/www.archdaily.cl\/cl\/1036345\/casa-g-and-s-barella-arquitectura\/69256a10bacdcd0001160eb8-casa-g-and-s-barella-arquitectura-foto\" src=\"https:\/\/www.europesays.com\/es\/wp-content\/uploads\/2025\/11\/1764177793_719_01.jpg\" style=\"min-height: var(--featured-height, auto); aspect-ratio: auto 640 \/ 416\" width=\"640\"\/><\/a>\u00a9 Rogert Berta<\/p>\n<p class=\"thumbs afd-desktop-e clearfix\"><a class=\"thumbs__link\" data-nr-picture-id=\"69256a11bacdcd0001160ebe\" href=\"https:\/\/www.archdaily.cl\/cl\/1036345\/casa-g-and-s-barella-arquitectura\/69256a11bacdcd0001160ebe-casa-g-and-s-barella-arquitectura-foto\" rel=\"attachment nofollow noopener\" target=\"_blank\"><img loading=\"lazy\" decoding=\"async\" alt=\"Casa G&amp;S \/ Barella Arquitectura - Imagen 2 de 37\" class=\"thumbs__img b-lazy\" data-nr-picture-id=\"69256a11bacdcd0001160ebe\" data-pin-nopin=\"true\" src=\"https:\/\/www.europesays.com\/es\/wp-content\/uploads\/2025\/11\/07.jpg\" height=\"125\" longdesc=\"https:\/\/www.archdaily.cl\/cl\/1036345\/casa-g-and-s-barella-arquitectura\/69256a11bacdcd0001160ebe-casa-g-and-s-barella-arquitectura-foto\" title=\"\u00a9 Rogert Berta\" width=\"125\"\/><\/a><a class=\"thumbs__link\" data-nr-picture-id=\"69256a10bacdcd0001160eba\" href=\"https:\/\/www.archdaily.cl\/cl\/1036345\/casa-g-and-s-barella-arquitectura\/69256a10bacdcd0001160eba-casa-g-and-s-barella-arquitectura-foto\" rel=\"attachment nofollow noopener\" target=\"_blank\"><img loading=\"lazy\" decoding=\"async\" alt=\"Casa G&amp;S \/ Barella Arquitectura - Fotograf\u00eda exterior, Ladrillo\" class=\"thumbs__img b-lazy\" data-nr-picture-id=\"69256a10bacdcd0001160eba\" data-pin-nopin=\"true\" src=\"https:\/\/www.europesays.com\/es\/wp-content\/uploads\/2025\/11\/03.jpg\" height=\"125\" longdesc=\"https:\/\/www.archdaily.cl\/cl\/1036345\/casa-g-and-s-barella-arquitectura\/69256a10bacdcd0001160eba-casa-g-and-s-barella-arquitectura-foto\" title=\"\u00a9 Rogert Berta\" width=\"125\"\/><\/a><a class=\"thumbs__link\" data-nr-picture-id=\"69256a13bacdcd0001160ecf\" href=\"https:\/\/www.archdaily.cl\/cl\/1036345\/casa-g-and-s-barella-arquitectura\/69256a13bacdcd0001160ecf-casa-g-and-s-barella-arquitectura-foto\" rel=\"attachment nofollow noopener\" target=\"_blank\"><img loading=\"lazy\" decoding=\"async\" alt=\"Casa G&amp;S \/ Barella Arquitectura - Fotograf\u00eda exterior, Ladrillo\" class=\"thumbs__img b-lazy\" data-nr-picture-id=\"69256a13bacdcd0001160ecf\" data-pin-nopin=\"true\" src=\"https:\/\/www.europesays.com\/es\/wp-content\/uploads\/2025\/11\/25.jpg\" height=\"125\" longdesc=\"https:\/\/www.archdaily.cl\/cl\/1036345\/casa-g-and-s-barella-arquitectura\/69256a13bacdcd0001160ecf-casa-g-and-s-barella-arquitectura-foto\" title=\"\u00a9 Rogert Berta\" width=\"125\"\/><\/a><a class=\"thumbs__link\" data-nr-picture-id=\"69256a10bacdcd0001160ebb\" href=\"https:\/\/www.archdaily.cl\/cl\/1036345\/casa-g-and-s-barella-arquitectura\/69256a10bacdcd0001160ebb-casa-g-and-s-barella-arquitectura-foto\" rel=\"attachment nofollow noopener\" target=\"_blank\"><img loading=\"lazy\" decoding=\"async\" alt=\"Casa G&amp;S \/ Barella Arquitectura - Imagen 5 de 37\" class=\"thumbs__img b-lazy\" data-nr-picture-id=\"69256a10bacdcd0001160ebb\" data-pin-nopin=\"true\" src=\"https:\/\/www.europesays.com\/es\/wp-content\/uploads\/2025\/11\/04.jpg\" height=\"125\" longdesc=\"https:\/\/www.archdaily.cl\/cl\/1036345\/casa-g-and-s-barella-arquitectura\/69256a10bacdcd0001160ebb-casa-g-and-s-barella-arquitectura-foto\" title=\"\u00a9 Rogert Berta\" width=\"125\"\/><\/a><a class=\"gallery-link afd-desktop-e\" href=\"https:\/\/www.archdaily.cl\/cl\/1036345\/casa-g-and-s-barella-arquitectura\/69256a10bacdcd0001160eb8-casa-g-and-s-barella-arquitectura-foto\" rel=\"nofollow noopener\" target=\"_blank\"><img decoding=\"async\" alt=\"Casa G&amp;S \/ Barella Arquitectura - M\u00e1s Im\u00e1genes\" class=\"thumbs__img b-lazy\" src=\"https:\/\/www.europesays.com\/es\/wp-content\/uploads\/2025\/11\/1764177793_719_01.jpg\" itemprop=\"image\" bad-src=\"data:image\/gif;base64,R0lGODlhAQABAIAAAAUEBAAAACwAAAAAAQABAAACAkQBADs=\"\/>+ 32<\/a><\/p>\n<p>    Compartir<\/p>\n<p>Compartir<\/p>\n<ul class=\"afd-share__networks clearfix\">\n<li class=\"afd-share__social\"><a aria-label=\"Facebook\" class=\"afd-share__button\" data-insights-category=\"share\" data-insights-label=\"facebook_sharing_options\" data-insights-value=\"1036345\" data-social=\"facebook\" href=\"https:\/\/www.facebook.com\/sharer\/sharer.php?u=https:\/\/www.archdaily.cl\/cl\/1036345\/casa-g-and-s-barella-arquitectura\" rel=\"nofollow noopener\" target=\"_blank\"><\/a>\n<p>Facebook<\/p>\n<\/li>\n<li class=\"afd-share__social\"><a aria-label=\"Twitter\" class=\"afd-share__button\" data-insights-category=\"share\" data-insights-label=\"twitter_sharing_options\" data-insights-value=\"1036345\" data-social=\"twitter\" href=\"https:\/\/twitter.com\/intent\/tweet?text=Casa%20G%26S%20%2F%20Barella%20Arquitectura&amp;url=https:\/\/www.archdaily.cl\/cl\/1036345\/casa-g-and-s-barella-arquitectura&amp;via=parq\" rel=\"nofollow noopener\" target=\"_blank\"><\/a>\n<p>Twitter<\/p>\n<\/li>\n<li class=\"afd-share__social\"><a class=\"afd-share__button\" data-insights-category=\"share\" data-insights-label=\"email_sharing_options\" data-insights-value=\"1036345\" data-social=\"email\" href=\"mailto:?subject=Casa G&amp;S \/ Barella Arquitectura&amp;body=https:\/\/www.archdaily.cl\/cl\/1036345\/casa-g-and-s-barella-arquitectura\"><\/a>\n<p>Mail<\/p>\n<\/li>\n<li class=\"afd-share__social\"><a aria-label=\"Pinterest\" class=\"afd-share__button\" data-insights-category=\"share\" data-insights-label=\"pinterest_sharing_options\" data-insights-value=\"1036345\" data-social=\"pinterest\" href=\"https:\/\/pinterest.com\/pin\/create\/button\/?url=https%3A%2F%2Fwww.archdaily.cl%2Fcl%2F1036345%2Fcasa-g-and-s-barella-arquitectura&amp;media=https%3A%2F%2Fimages.adsttc.com%2Fmedia%2Fimages%2F6925%2F6a10%2Fbacd%2Fcd00%2F0116%2F0eb8%2Flarge_jpg%2F01.jpg%3F1764059762&amp;description=Casa%20G%26S%20%2F%20Barella%20Arquitectura\" rel=\"nofollow noopener\" target=\"_blank\"><\/a>\n<p>Pinterest<\/p>\n<\/li>\n<li class=\"afd-share__social\"><a aria-label=\"Whatsapp\" class=\"afd-share__button\" data-action=\"share\/whatsapp\/share\" data-insights-category=\"share\" data-insights-label=\"whatsapp_sharing_options\" data-insights-value=\"1036345\" data-social=\"whatsapp\" href=\"whatsapp:\/\/send?text=Casa+G%26S+%2F+Barella+Arquitectura+%7C+https%3A%2F%2Fwww.archdaily.cl%2Fcl%2F1036345%2Fcasa-g-and-s-barella-arquitectura%3Futm_source%3DWhatsapp%26utm_medium%3DIM%26utm_campaign%3Dshare-button\" rel=\"nofollow\"><\/a>\n<p>Whatsapp<\/p>\n<\/li>\n<\/ul>\n<p>O<\/p>\n<p>https:\/\/www.archdaily.cl\/cl\/1036345\/casa-g-and-s-barella-arquitectura<\/p>\n<p>  Portapapeles<\/p>\n<p>              \u00abCOPY\u00bb<\/p>\n<p>Copiar<\/p>\n<ul class=\"afd-char-list afd-specs__item-container js-char-list\" wp_automatic_readability=\"0.44642857142857\">\n<li class=\"afd-specs__item\">\n<\/li>\n<li class=\"afd-specs__item\">\n  \u00c1rea<br \/>\n  \u00c1rea del proyecto de arquitectura <\/p>\n<p>\u00c1rea:\u00a0<br \/>\n        <a href=\"https:\/\/www.archdaily.cl\/search\/cl\/projects\/min_area\/358\/max_area\/537?ad_name=project-specs&amp;ad_medium=single\" rel=\"nofollow noopener\" target=\"_blank\">448<\/a> m\u00b2<\/li>\n<li class=\"afd-specs__item\">\n<p>  A\u00f1o<br \/>\n  A\u00f1o del Proyecto de arquitectura<\/p>\n<p>            A\u00f1o:\u00a0<\/p>\n<p>                    <a href=\"https:\/\/www.archdaily.cl\/search\/cl\/projects\/year\/2025?ad_name=project-specs&amp;ad_medium=single\" rel=\"nofollow noopener\" target=\"_blank\"><br \/>\n          2025<br \/>\n        <\/a><\/p>\n<\/li>\n<li class=\"afd-specs__item\">\n<p>  Fot\u00f3grafos<\/p>\n<\/li>\n<li class=\"afd-specs__item\" wp_automatic_readability=\"4\">\n<p>  Proveedores<br \/>\n  Marcas y productos usados en este proyecto de arquitectura<\/p>\n<p>Proveedores: \u00a0Aluminios del Interior , Ferrocons, Feyro , Maestre Iluminaci\u00f3n, Nanzer Climatizaci\u00f3n Integral <\/p>\n<\/li>\n<\/ul>\n<p><a class=\"js-image-size__link lazy-anchor\" href=\"https:\/\/www.archdaily.cl\/cl\/1036345\/casa-g-and-s-barella-arquitectura\/69256a10bacdcd0001160eba-casa-g-and-s-barella-arquitectura-foto\" rel=\"nofollow noopener\" target=\"_blank\"><img decoding=\"async\" alt=\"Casa G&amp;S \/ Barella Arquitectura - Fotograf\u00eda exterior, Ladrillo\" data-nr-picture-id=\"69256a10bacdcd0001160eba\" height=\"427\" itemprop=\"image\" loading=\"lazy\" longdesc=\"https:\/\/www.archdaily.cl\/cl\/1036345\/casa-g-and-s-barella-arquitectura\/69256a10bacdcd0001160eba-casa-g-and-s-barella-arquitectura-foto\" src=\"https:\/\/www.europesays.com\/es\/wp-content\/uploads\/2025\/11\/1764177796_681_03.jpg\" width=\"640\"\/>\u00a9 Rogert Berta<\/a><\/p>\n<p>Descripci\u00f3n enviada por el equipo del proyecto. El programa atiende al uso de una familia que viv\u00eda en un departamento en Buenos Aires y que en la pandemia decide venir a vivir a <a href=\"https:\/\/www.archdaily.cl\/cl\/tag\/cordoba\" rel=\"nofollow noopener\" target=\"_blank\">C\u00f3rdoba<\/a>. El terreno est\u00e1 ubicado en la periferia, en un barrio cerrado, al sur oeste de ciudad cuenta con una superficie de 1500 m2, una leve pendiente negativa y frente con orientaci\u00f3n norte. La casa se plantea bajo una clara distribuci\u00f3n funcional que se manifiesta en la composici\u00f3n volum\u00e9trica. Un bloque de servicios otro social y otro privado, estos se distribuyen formando una \u00abU\u00bb que envuelve un patio por el cual se ingresa.<\/p>\n<p><a class=\"js-image-size__link lazy-anchor\" href=\"https:\/\/www.archdaily.cl\/cl\/1036345\/casa-g-and-s-barella-arquitectura\/69256a13bacdcd0001160ed5-casa-g-and-s-barella-arquitectura-croquis-01\" rel=\"nofollow noopener\" target=\"_blank\"><img decoding=\"async\" alt=\"Casa G&amp;S \/ Barella Arquitectura - Imagen 35 de 37\" data-nr-picture-id=\"69256a13bacdcd0001160ed5\" height=\"427\" itemprop=\"image\" loading=\"lazy\" longdesc=\"https:\/\/www.archdaily.cl\/cl\/1036345\/casa-g-and-s-barella-arquitectura\/69256a13bacdcd0001160ed5-casa-g-and-s-barella-arquitectura-croquis-01\" src=\"https:\/\/www.europesays.com\/es\/wp-content\/uploads\/2025\/11\/Casa-GYS-Croquis-1.jpg\" width=\"640\"\/>Croquis 01<\/a><a class=\"js-image-size__link lazy-anchor\" href=\"https:\/\/www.archdaily.cl\/cl\/1036345\/casa-g-and-s-barella-arquitectura\/69256a13bacdcd0001160ed6-casa-g-and-s-barella-arquitectura-croquis-02\" rel=\"nofollow noopener\" target=\"_blank\"><img decoding=\"async\" alt=\"Casa G&amp;S \/ Barella Arquitectura - Imagen 36 de 37\" data-nr-picture-id=\"69256a13bacdcd0001160ed6\" height=\"427\" itemprop=\"image\" loading=\"lazy\" longdesc=\"https:\/\/www.archdaily.cl\/cl\/1036345\/casa-g-and-s-barella-arquitectura\/69256a13bacdcd0001160ed6-casa-g-and-s-barella-arquitectura-croquis-02\" src=\"https:\/\/www.europesays.com\/es\/wp-content\/uploads\/2025\/11\/Casa-GYS-Croquis-2.jpg\" width=\"640\"\/>Croquis 02<\/a><\/p>\n<p>Este esquema nos permite una relaci\u00f3n adecuada entre la funci\u00f3n y la orientaci\u00f3n de cada uno de los espacios. El bloque de dormitorios orientados hacia el este, con sol de la ma\u00f1ana, el bloque de servicio hacia el oeste y el espacio social con doble frente. Este espacio social, estar &#8211; comedor &#8211; cocina se relaciona hacia el norte, a treves de un ventanal de doble altura, con el patio del ingreso, permitiendo as\u00ed el mejor asoleamiento, y hacia la sur queda completamente integrado con la galer\u00eda. Tener una conexi\u00f3n fuerte y directa con el exterior, con el verde, es parte de nuestra cultura, por lo que siempre es una premisa en nuestros proyectos.<\/p>\n<p><a class=\"js-image-size__link lazy-anchor\" href=\"https:\/\/www.archdaily.cl\/cl\/1036345\/casa-g-and-s-barella-arquitectura\/69256a11bacdcd0001160ebf-casa-g-and-s-barella-arquitectura-foto\" rel=\"nofollow noopener\" target=\"_blank\"><img decoding=\"async\" alt=\"Casa G&amp;S \/ Barella Arquitectura - Fotograf\u00eda exterior, Ladrillo, Jard\u00edn, Patio interior\" data-nr-picture-id=\"69256a11bacdcd0001160ebf\" height=\"427\" itemprop=\"image\" loading=\"lazy\" longdesc=\"https:\/\/www.archdaily.cl\/cl\/1036345\/casa-g-and-s-barella-arquitectura\/69256a11bacdcd0001160ebf-casa-g-and-s-barella-arquitectura-foto\" src=\"https:\/\/www.europesays.com\/es\/wp-content\/uploads\/2025\/11\/08.jpg\" width=\"640\"\/>\u00a9 Rogert Berta<\/a><\/p>\n<p>Trabajamos mucho estos espacios intermedios (galer\u00edas), que son los espacios de sombra, los espacios frescos, donde los l\u00edmites entre el interior y el exterior se pierden, se difuminan y empieza a fluir el adentro y el afuera.<\/p>\n<p><a class=\"js-image-size__link lazy-anchor\" href=\"https:\/\/www.archdaily.cl\/cl\/1036345\/casa-g-and-s-barella-arquitectura\/69256a13bacdcd0001160ed9-casa-g-and-s-barella-arquitectura-planta-baja\" rel=\"nofollow noopener\" target=\"_blank\"><img decoding=\"async\" alt=\"Casa G&amp;S \/ Barella Arquitectura - Imagen 23 de 37\" data-nr-picture-id=\"69256a13bacdcd0001160ed9\" height=\"427\" itemprop=\"image\" loading=\"lazy\" longdesc=\"https:\/\/www.archdaily.cl\/cl\/1036345\/casa-g-and-s-barella-arquitectura\/69256a13bacdcd0001160ed9-casa-g-and-s-barella-arquitectura-planta-baja\" src=\"https:\/\/www.europesays.com\/es\/wp-content\/uploads\/2025\/11\/Casa-GYS-Planta-baja.jpg\" width=\"640\"\/>Planta Baja<\/a><a class=\"js-image-size__link lazy-anchor\" href=\"https:\/\/www.archdaily.cl\/cl\/1036345\/casa-g-and-s-barella-arquitectura\/69256a13bacdcd0001160ed0-casa-g-and-s-barella-arquitectura-axonometria-01\" rel=\"nofollow noopener\" target=\"_blank\"><img decoding=\"async\" alt=\"Casa G&amp;S \/ Barella Arquitectura - Imagen 33 de 37\" data-nr-picture-id=\"69256a13bacdcd0001160ed0\" height=\"427\" itemprop=\"image\" loading=\"lazy\" longdesc=\"https:\/\/www.archdaily.cl\/cl\/1036345\/casa-g-and-s-barella-arquitectura\/69256a13bacdcd0001160ed0-casa-g-and-s-barella-arquitectura-axonometria-01\" src=\"https:\/\/www.europesays.com\/es\/wp-content\/uploads\/2025\/11\/Casa-GYS-Axo.jpg\" width=\"640\"\/>Axonometria 01<\/a><a class=\"js-image-size__link lazy-anchor\" href=\"https:\/\/www.archdaily.cl\/cl\/1036345\/casa-g-and-s-barella-arquitectura\/69256a13bacdcd0001160ed8-casa-g-and-s-barella-arquitectura-planta-alta\" rel=\"nofollow noopener\" target=\"_blank\"><img decoding=\"async\" alt=\"Casa G&amp;S \/ Barella Arquitectura - Imagen 24 de 37\" data-nr-picture-id=\"69256a13bacdcd0001160ed8\" height=\"427\" itemprop=\"image\" loading=\"lazy\" longdesc=\"https:\/\/www.archdaily.cl\/cl\/1036345\/casa-g-and-s-barella-arquitectura\/69256a13bacdcd0001160ed8-casa-g-and-s-barella-arquitectura-planta-alta\" src=\"https:\/\/www.europesays.com\/es\/wp-content\/uploads\/2025\/11\/Casa-GYS-Planta-alta.jpg\" width=\"640\"\/>Planta Alta<\/a><\/p>\n<p>Un tema que es recurrente y con el cual trabajamos mucho es <strong>el concepto de umbral, entendi\u00e9ndolo como la transici\u00f3n, el paso de un lugar a otro. En este proyecto el umbral del ingreso principal de la casa, lo extendemos creando una \u00abpromenade\u00bb que delimita lo p\u00fablico de lo privado e invita a la reflexi\u00f3n y a la presencia.<\/strong> En la b\u00fasqueda de una espacialidad continua y fluida, se consider\u00f3 la experiencia del recorrido hacia la vivienda, donde tambi\u00e9n incorporamos el agua como elemento simb\u00f3lico y vital. El objetivo es que el acto de entrar represente un proceso consciente, asignando un momento particular tanto a las bienvenidas como a las despedidas, considerados eventos significativos en la experiencia del habitar.<\/p>\n<p><a class=\"js-image-size__link lazy-anchor\" href=\"https:\/\/www.archdaily.cl\/cl\/1036345\/casa-g-and-s-barella-arquitectura\/69256a10bacdcd0001160eb5-casa-g-and-s-barella-arquitectura-foto\" rel=\"nofollow noopener\" target=\"_blank\"><img decoding=\"async\" alt=\"Casa G&amp;S \/ Barella Arquitectura - Fotograf\u00eda exterior, Ladrillo, Jard\u00edn, Patio interior\" data-nr-picture-id=\"69256a10bacdcd0001160eb5\" height=\"427\" itemprop=\"image\" loading=\"lazy\" longdesc=\"https:\/\/www.archdaily.cl\/cl\/1036345\/casa-g-and-s-barella-arquitectura\/69256a10bacdcd0001160eb5-casa-g-and-s-barella-arquitectura-foto\" src=\"https:\/\/www.europesays.com\/es\/wp-content\/uploads\/2025\/11\/20b.jpg\" width=\"640\"\/>\u00a9 Rogert Berta<\/a><script async src=\"https:\/\/platform.twitter.com\/widgets.js\" charset=\"utf-8\"><\/script><\/p>\n","protected":false},"excerpt":{"rendered":"\u00a9 Rogert Berta + 32 Compartir Compartir Facebook Twitter Mail Pinterest Whatsapp O https:\/\/www.archdaily.cl\/cl\/1036345\/casa-g-and-s-barella-arquitectura Portapapeles \u00abCOPY\u00bb Copiar \u00c1rea&hellip;\n","protected":false},"author":2,"featured_media":257124,"comment_status":"","ping_status":"","sticky":false,"template":"","format":"standard","meta":{"footnotes":""},"categories":[173],"tags":[801,802,229,233,231,230,3738,2760,232,234,146,147,25,24,23],"class_list":{"0":"post-257123","1":"post","2":"type-post","3":"status-publish","4":"format-standard","5":"has-post-thumbnail","7":"category-arte-y-diseno","8":"tag-arquitectura","9":"tag-arquitectura-residencial","10":"tag-arte","11":"tag-arte-y-diseno","12":"tag-arts","13":"tag-arts-and-design","14":"tag-casas","15":"tag-cordoba","16":"tag-design","17":"tag-diseno","18":"tag-entertainment","19":"tag-entretenimiento","20":"tag-es","21":"tag-espana","22":"tag-spain"},"share_on_mastodon":{"url":"https:\/\/pubeurope.com\/@es\/115617164242874860","error":""},"_links":{"self":[{"href":"https:\/\/www.europesays.com\/es\/wp-json\/wp\/v2\/posts\/257123","targetHints":{"allow":["GET"]}}],"collection":[{"href":"https:\/\/www.europesays.com\/es\/wp-json\/wp\/v2\/posts"}],"about":[{"href":"https:\/\/www.europesays.com\/es\/wp-json\/wp\/v2\/types\/post"}],"author":[{"embeddable":true,"href":"https:\/\/www.europesays.com\/es\/wp-json\/wp\/v2\/users\/2"}],"replies":[{"embeddable":true,"href":"https:\/\/www.europesays.com\/es\/wp-json\/wp\/v2\/comments?post=257123"}],"version-history":[{"count":0,"href":"https:\/\/www.europesays.com\/es\/wp-json\/wp\/v2\/posts\/257123\/revisions"}],"wp:featuredmedia":[{"embeddable":true,"href":"https:\/\/www.europesays.com\/es\/wp-json\/wp\/v2\/media\/257124"}],"wp:attachment":[{"href":"https:\/\/www.europesays.com\/es\/wp-json\/wp\/v2\/media?parent=257123"}],"wp:term":[{"taxonomy":"category","embeddable":true,"href":"https:\/\/www.europesays.com\/es\/wp-json\/wp\/v2\/categories?post=257123"},{"taxonomy":"post_tag","embeddable":true,"href":"https:\/\/www.europesays.com\/es\/wp-json\/wp\/v2\/tags?post=257123"}],"curies":[{"name":"wp","href":"https:\/\/api.w.org\/{rel}","templated":true}]}}