{"id":257125,"date":"2025-11-26T17:25:09","date_gmt":"2025-11-26T17:25:09","guid":{"rendered":"https:\/\/www.europesays.com\/es\/257125\/"},"modified":"2025-11-26T17:25:09","modified_gmt":"2025-11-26T17:25:09","slug":"capitulo-de-hoy-de-suenos-de-libertad-26-de-noviembre-andres-empieza-a-descubrir-los-motivos-de-gabriel-para-antena-3","status":"publish","type":"post","link":"https:\/\/www.europesays.com\/es\/257125\/","title":{"rendered":"Cap\u00edtulo de hoy de Sue\u00f1os de libertad: 26 de noviembre: Andr\u00e9s empieza a descubrir los motivos de Gabriel para &#8211; Antena 3"},"content":{"rendered":"<ol>\n<li><a href=\"https:\/\/news.google.com\/rss\/articles\/CBMi-wFBVV95cUxNLUJENndJbEtabDMwMlVlYnVpOWQ1Yk9zbHJkb0Y5UjJkSVJCSmJFM3ZQWF85emtVRUVzMTFyWW9CZVFQYTlaS1RDYi1oeTRPNzFIR0FLSTNOU2NVMGM5YlZGcmYtbDdGSUlsWVVoQ2xYdHc1ZTh3TWdicHVRam42dms2MWt6VWVOc0ZRRXh0TXlEN0llcFJvcDFhOXYwal9yTXcwcGZxQ1ZwWEYxcUlmQnhCS2RqUkZmZkZVQjBXODF1M01PMG5HSmNxZEwzNzNNSmpoVnIxbmV3Y1BPbUJ5UkZVRFdGRVR2VnVFYkNIcEtTdmJ5WHVHZjU2WdIB-wFBVV95cUxOZTZ3RmJ1emhPb2cyX05UMkFtY24zM2VvR0gxVFM3ZzlwMVB0akFLbVVSU0tLaDF3S3hfY2xtMlNtaGNvb2ltRldVS1FENHRPOGU4cm5seUVkWU9GNmtOVkUwM0wtWDU4V2NiQU9JZE5hRWdGOWs0QV9KTVJEYUkwdGtCUGU1NVNLTk1SMm5MTnlpM3JzenBMalFob01WZUYyRE9kYTJxMjBPanhSWmd6cFI1dDU2b1BOM1l5RmRMbE1DUWdxY2JrVmMwd1pUTVJHZHp1a0ptQWNJOUJRRDdlaHByWndCODc0VTZYM0I5bmJpeWh4UTl0ZmFvRQ?oc=5\" target=\"_blank\" rel=\"nofollow noopener\">Cap\u00edtulo de hoy de Sue\u00f1os de libertad: 26 de noviembre: Andr\u00e9s empieza a descubrir los motivos de Gabriel para<\/a>&nbsp;&nbsp;Antena 3<\/li>\n<li><a href=\"https:\/\/news.google.com\/rss\/articles\/CBMiygFBVV95cUxPNUpuUDZ1ekdzbEFJRDZuSlFrcVFfQk9odUNnU09EYVRoUWZkUFBJR19QUWprbndyS1M3c2U2THlOUml6a2xobWRBNWM1WFR4QnRNN1hvSUdHN1I4T2dZV1o4YTdNQjZjTDZqNWt4NHhTV1BtQkhlSjhvc0lucVVTeUtkclJidnozTE9oeFRJZ3RIcXdmcVZsZXNORndGWVVsUlhBM1RBWnhONmV4Q0FnOS1YZTAwTDNrWnc3VFBMTHphUWpicmVXbUNR0gHPAUFVX3lxTE5WTUdSei02YkhWS0praS1VYzY4OTB6TTJramdoU1VoMXNoR2NXQXdqbm1XdXZ5OFlucEY2Wjh2b2dveFVxQWN2QlVoUmYzRWdkVGFpVzFobl9oU3NCUk50Q2wweUkzRWhQR0lZaXBZRmhQcE9jWFU3VFp4bmRnX0piY0tQbE5IaUJ6VEE0cklDOU85ajhKNS1fRUhFMmtXN3RVUks5NXBrSjZDaEpvUEk2aTQ1NnNMQXYwUnpFd1RkWklrUEJuQWJuZ3RoWUdtRQ?oc=5\" target=\"_blank\" rel=\"nofollow noopener\">Avance del cap\u00edtulo 446 de &#8216;Sue\u00f1os de libertad&#8217; del jueves, 27 de noviembre: Digna pasa el testigo a Manuela<\/a>&nbsp;&nbsp;El Confidencial<\/li>\n<li><a href=\"https:\/\/news.google.com\/rss\/articles\/CBMiwAFBVV95cUxQQUN0eThTZmFKS1U3b1dTTldIRUdmUHJyRE91LXk5MHQ2U1ktd2FyaGM4N1dtdVNoeDAzaU9xb0hPWjB5Zkt6X1RLcXo1bW9obU84TXhrYUJBYWJRdDhKeU9EaU1jRHNkLVF0WVM3a2FSV3hNS0Z6ZHUxQmFGTWRPRGhCZHJaX0lVTHg2MHdFZ1g5bm5GR2UxRGxMTDZsazA3c3RLeHREa2llYjFVaXpjcldJRWF5LXpBU3Y2S0gyalY?oc=5\" target=\"_blank\" rel=\"nofollow noopener\">Pelayo cava su propia tumba en el cap\u00edtulo de este mi\u00e9rcoles 26 de noviembre en &#8216;Sue\u00f1os de libertad&#8217;<\/a>&nbsp;&nbsp;Lecturas<\/li>\n<li><a href=\"https:\/\/news.google.com\/rss\/articles\/CBMixAFBVV95cUxNSEY1T3draUMyUHNZdUttYWtaQzhXR00wR0ZyRFR0RE8wNGxrZWx3NkpiZFphZnItWGlTUjc2VURhV2oySmFzRHpPa29vTzZyRHB3Z0tyck50RTNPekxaanZmOHlkbzk4cTBOai0zUXJhTDQ5SWs3dHFJZG9sVGd2SEsxUnpQZkFETmRyZXZsZ0Vway00MzFDVVk5b21ENVlrYnZELW1QQlhPNk1TUnBpdmFDbEIweUpYTDZfUG1PZHAtdzBu?oc=5\" target=\"_blank\" rel=\"nofollow noopener\">Un momento de intimidad entre Marta y Cloe en el avance del cap\u00edtulo 446 de jueves 27 noviembre de &#8216;Sue\u00f1os de libertad&#8217;, la serie diaria de Antena 3<\/a>&nbsp;&nbsp;Diez Minutos<\/li>\n<li><a href=\"https:\/\/news.google.com\/rss\/articles\/CBMiwwFBVV95cUxPZUFmeFNPUkh6eGFqLXhpWUxVT0E2c0hfRlRjWEVCN016N0JHNUhJR1E1bnFsdGFBeHhZWG1tOFF2RC16bkh3N3NZQTZZRmJYZmpvZHhZX05UN2tWZi05b3pON0NHc2NMTXlUVzdQVzJuZjlyNmFJNzdlWjJBMkw5QndWblBuZzNKQkhLakZYZzFFMlMtVHBRTDhrZzhoeEs1TzY3MFkwTUJSVTB5aEVUXzJ6ZXNUNEhjRXJSUnhEMThaRTDSAcgBQVVfeXFMTXd6T0lhbk1zTnpudVBxZHVWbWpNWTFxQ0tITTRYMWJyWTdZOVUyejk4LUJwcGRaWXladGdMSTNzUEoxWnAzV2pjSnQzUy0wc25CYWRmNm1NeWIxbmpfUy0zUEVROVlmNnZ2a0RpLW04cFVUWWlscWprMWs5aW9feEFVOVZoVlNtSkYwZ2xpWlk5bUVKVWszS1FNR1JEZkREb0xOa3FvZ2EzUy1IM3VLWDZRVDlRUFRRdm9WazZpT3hqM3p2b3o4UU0?oc=5\" target=\"_blank\" rel=\"nofollow noopener\">Avance del cap\u00edtulo de \u2018Sue\u00f1os de libertad\u2019 de hoy: Andr\u00e9s comienza a desvelar secretos sobre G&#8230;<\/a>&nbsp;&nbsp;OkDiario<\/li>\n<\/ol>\n","protected":false},"excerpt":{"rendered":"Cap\u00edtulo de hoy de Sue\u00f1os de libertad: 26 de noviembre: Andr\u00e9s empieza a descubrir los motivos de Gabriel&hellip;\n","protected":false},"author":2,"featured_media":248356,"comment_status":"","ping_status":"","sticky":false,"template":"","format":"standard","meta":{"footnotes":""},"categories":[171],"tags":[146,147,25,24,23,214],"class_list":{"0":"post-257125","1":"post","2":"type-post","3":"status-publish","4":"format-standard","5":"has-post-thumbnail","7":"category-tv","8":"tag-entertainment","9":"tag-entretenimiento","10":"tag-es","11":"tag-espana","12":"tag-spain","13":"tag-tv"},"share_on_mastodon":{"url":"","error":""},"_links":{"self":[{"href":"https:\/\/www.europesays.com\/es\/wp-json\/wp\/v2\/posts\/257125","targetHints":{"allow":["GET"]}}],"collection":[{"href":"https:\/\/www.europesays.com\/es\/wp-json\/wp\/v2\/posts"}],"about":[{"href":"https:\/\/www.europesays.com\/es\/wp-json\/wp\/v2\/types\/post"}],"author":[{"embeddable":true,"href":"https:\/\/www.europesays.com\/es\/wp-json\/wp\/v2\/users\/2"}],"replies":[{"embeddable":true,"href":"https:\/\/www.europesays.com\/es\/wp-json\/wp\/v2\/comments?post=257125"}],"version-history":[{"count":0,"href":"https:\/\/www.europesays.com\/es\/wp-json\/wp\/v2\/posts\/257125\/revisions"}],"wp:featuredmedia":[{"embeddable":true,"href":"https:\/\/www.europesays.com\/es\/wp-json\/wp\/v2\/media\/248356"}],"wp:attachment":[{"href":"https:\/\/www.europesays.com\/es\/wp-json\/wp\/v2\/media?parent=257125"}],"wp:term":[{"taxonomy":"category","embeddable":true,"href":"https:\/\/www.europesays.com\/es\/wp-json\/wp\/v2\/categories?post=257125"},{"taxonomy":"post_tag","embeddable":true,"href":"https:\/\/www.europesays.com\/es\/wp-json\/wp\/v2\/tags?post=257125"}],"curies":[{"name":"wp","href":"https:\/\/api.w.org\/{rel}","templated":true}]}}