{"id":257126,"date":"2025-11-26T17:26:10","date_gmt":"2025-11-26T17:26:10","guid":{"rendered":"https:\/\/www.europesays.com\/es\/257126\/"},"modified":"2025-11-26T17:26:10","modified_gmt":"2025-11-26T17:26:10","slug":"nuevo-disco-orquestal-de-visions-of-atlantis-titulado-armada-an-orchestral-voyage","status":"publish","type":"post","link":"https:\/\/www.europesays.com\/es\/257126\/","title":{"rendered":"Nuevo disco orquestal de VISIONS OF ATLANTIS, titulado \u201cArmada \u2013 An Orchestral Voyage\u201d"},"content":{"rendered":"<p>\u00a0<\/p>\n<p>\u00a0<\/p>\n<p><strong>Nuevo disco orquestal de VISIONS OF ATLANTIS, titulado \u201cArmada \u2013 An Orchestral Voyage\u201d<\/strong><br \/>\n<img fetchpriority=\"high\" decoding=\"async\" src=\"https:\/\/www.europesays.com\/es\/wp-content\/uploads\/2025\/11\/visions_of_atlantis2025_1_500x267.jpg\" alt=\"VOA\" width=\"500\" height=\"267\"\/><\/p>\n<p style=\"text-align: left;\" align=\"center\"><a href=\"https:\/\/www.visionsofatlantis.at\/\" target=\"_blank\" rel=\"noopener nofollow\"><strong>VISIONS OF ATLANTIS<\/strong><\/a> editar\u00e1n el 6 de febrero a trav\u00e9s de Napalm Records un nuevo disco instrumental y orquestal titulado \u201cArmada \u2013 An Orchestral Voyage\u201d.<\/p>\n<p align=\"center\">Estos son los temas que incluye:<\/p>\n<ol>\n<li>\u00a0To Those Who Choose to Fight<\/li>\n<li>\u00a0The Land of the Free<\/li>\n<li>Monsters<\/li>\n<li>Tonight I\u2019m Alive<\/li>\n<li>Armada<\/li>\n<li>The Dead of the Sea<\/li>\n<li>Ashes to the Sea<\/li>\n<li>Hellfire<\/li>\n<li>Collide<\/li>\n<li>Magic of the Night<\/li>\n<li>Underwater<\/li>\n<li>Where the Sky and Ocean Blend<\/li>\n<\/ol>\n<p style=\"text-align: left;\" align=\"center\">El material ha sido producido por el cantante de la banda Michele Guaitoli, las orquestas han sido realizadas por Lukas Knoebl y la flauta solista y los silbidos han sido obra de Sandro Friedrich.<\/p>\n<p style=\"text-align: left;\" align=\"center\">La mezcla y el masterizado ha corrido a cargo de Michele Guaitoli.<\/p>\n<p style=\"text-align: left;\" align=\"center\">A continuaci\u00f3n ten\u00e9is el tema \u201cAshes To The Sea\u201d. Comenta la cantante Cl\u00e9mentine Delauney sobre el tema: \u201cEstamos encantados de presentar el trabajo inmersivo con \u201cArmada \u2013 An Orchestral Voyage\u201d. Este primer tema \u201cAshes To The Sea\u201d es muy querido para m\u00ed por el mensaje original que tiene. En esta versi\u00f3n, las palabras quedan en silencio dejando espacio para que las emociones y las vibraciones envuelvan al oyente, que es libre para imaginar y sentir con las cuerdas y los preciosos arreglos orquestales.\u201d<\/p>\n<p style=\"text-align: left;\" align=\"center\">Respecto al disco a\u00f1ade: \u201cCon este nuevo disco instrumental queremos de verdad ensalzar el n\u00facleo del sonido de VISIONS OF ATLANTIS; m\u00fasica sinf\u00f3nica. Cuando editamos \u201cA Pirate Symphony\u201d la respuesta por parte de nuestros fans fue entusiasta. Con \u201cAn Orchestral Voyage\u201d no nos limitamos a repetirnos con una f\u00f3rmula ganadora, quisimos ir m\u00e1s lejos y ofrecer el ep\u00edtome de una pieza sinf\u00f3nica. Todav\u00eda enraizada en un enfoque orquesta instrumental, todas las melod\u00edas solistas han sido interpretadas a la perfecci\u00f3n y con todo detalle por instrumentos de verdad como violines, flautas e incluso un duduk. Este disco convierte nuestro \u00faltimo trabajo \u201cArmada\u201d en el vuaje m\u00e1s \u00e9pico, la banda sonora definitiva para cualquier aventura. Para disfrutarlo por s\u00ed mismo o junto a tu libro favorito, escapadas o noches de juegos.\u201d<\/p>\n<p style=\"text-align: left;\" align=\"center\">El lanzamiento estar\u00e1 disponible en los siguientes formatos:<\/p>\n<ul>\n<li>Vinilo salpicado en doble carpeta \u2013 combo con juego de rol exclusivo d20 con logo de VoA en bolsa de terciopelo, 5x impresiones de los personajes del juego VoA (tama\u00f1o A5), aventura VoA con manual para el juego Aureus Aestus de Wyrd Edizioni (descarga en PDF) \u2013 limitado a 150 copias<\/li>\n<li>CD Digsleeve \u2013 combo con juego de rol exclusivo d20 con logo de VoA en bolsa de terciopelo, 5x impresiones de los personajes del juego VoA (tama\u00f1o A5), aventura<\/li>\n<li>VoA con manual para el juego Aureus Aestus de Wyrd Edizioni (descarga en PDF) \u2013 limitado a 150 copias<\/li>\n<li>Vinilo naranja en carpeta doble limitado a 300 copias<\/li>\n<li>Vinilo salpicado fuego en carpeta doble limitado a 300 copias\u2013 strictly<\/li>\n<li>CD Digsleeve<\/li>\n<li>Formato digital<\/li>\n<\/ul>\n<p align=\"center\">Pod\u00e9is reservarlo en este <a href=\"https:\/\/lnk.to\/VOA-ArmadaAnOrchestralVoyage\/napalmrecords?utm_source=Napalm+Bulletin&amp;utm_campaign=ad8a2bad26-EMAIL_CAMPAIGN_2021_08_30_09_32_COPY_01&amp;utm_medium=email&amp;utm_term=0_2efae601e2-ad8a2bad26-16162199&amp;mc_cid=ad8a2bad26&amp;mc_eid=55067c7bab\" rel=\"nofollow noopener\" target=\"_blank\">enlace<\/a>.<\/p>\n<p><img loading=\"lazy\" decoding=\"async\" src=\"https:\/\/www.europesays.com\/es\/wp-content\/uploads\/2025\/11\/VOAtlantisArmadaOruuestal.jpg\" alt=\"VOA\" width=\"500\" height=\"500\"\/><\/p>\n<p style=\"text-align: left;\" align=\"center\">El 4 de julio sacaron a trav\u00e9s de Napalm Records un directo titulado \u201cArmada Live Over Europe\u201d.<\/p>\n<p style=\"text-align: left;\" align=\"center\">Todos los detalles en esta <a href=\"https:\/\/www.rafabasa.com\/2025\/03\/11\/visions-of-atlantis-anuncian-disco-en-directo\/\" rel=\"nofollow noopener\" target=\"_blank\">noticia<\/a>.<\/p>\n<p style=\"text-align: left;\" align=\"center\"><a href=\"https:\/\/www.facebook.com\/visionsofatlantisofficial\" target=\"_blank\" rel=\"noopener nofollow\"><strong>VISIONS OF ATLANTIS<\/strong><\/a> publicaron su nuevo \u00e1lbum de estudio \u201cPirates II \u2013 Armada\u201d el 5 de julio de 2024 a trav\u00e9s de Napalm Records.<\/p>\n<p style=\"text-align: left;\" align=\"center\">Todos los detalles en esta <a href=\"https:\/\/www.rafabasa.com\/2024\/03\/20\/visions-of-atlantis-anuncia-nuevo-album-pirates-ii-armada-y-estrenan-video\/\" target=\"_blank\" rel=\"noopener nofollow\">noticia<\/a> y los v\u00eddeos aparecidos en <a href=\"https:\/\/www.rafabasa.com\/2024\/07\/02\/nuevo-video-de-visions-of-atlantis-para-el-tema-tonight-im-alive\/\" target=\"_blank\" rel=\"noopener nofollow\">esta<\/a>.<\/p>\n<p>\u00a0<\/p>\n<p>\u00a0<\/p>\n<p>\u00a0<\/p>\n","protected":false},"excerpt":{"rendered":"\u00a0 \u00a0 Nuevo disco orquestal de VISIONS OF ATLANTIS, titulado \u201cArmada \u2013 An Orchestral Voyage\u201d VISIONS OF ATLANTIS&hellip;\n","protected":false},"author":2,"featured_media":257127,"comment_status":"","ping_status":"","sticky":false,"template":"","format":"standard","meta":{"footnotes":""},"categories":[170],"tags":[146,147,25,24,184,185,23,64543],"class_list":{"0":"post-257126","1":"post","2":"type-post","3":"status-publish","4":"format-standard","5":"has-post-thumbnail","7":"category-musica","8":"tag-entertainment","9":"tag-entretenimiento","10":"tag-es","11":"tag-espana","12":"tag-music","13":"tag-musica","14":"tag-spain","15":"tag-visions-of-atlantis"},"share_on_mastodon":{"url":"https:\/\/pubeurope.com\/@es\/115617175441150001","error":""},"_links":{"self":[{"href":"https:\/\/www.europesays.com\/es\/wp-json\/wp\/v2\/posts\/257126","targetHints":{"allow":["GET"]}}],"collection":[{"href":"https:\/\/www.europesays.com\/es\/wp-json\/wp\/v2\/posts"}],"about":[{"href":"https:\/\/www.europesays.com\/es\/wp-json\/wp\/v2\/types\/post"}],"author":[{"embeddable":true,"href":"https:\/\/www.europesays.com\/es\/wp-json\/wp\/v2\/users\/2"}],"replies":[{"embeddable":true,"href":"https:\/\/www.europesays.com\/es\/wp-json\/wp\/v2\/comments?post=257126"}],"version-history":[{"count":0,"href":"https:\/\/www.europesays.com\/es\/wp-json\/wp\/v2\/posts\/257126\/revisions"}],"wp:featuredmedia":[{"embeddable":true,"href":"https:\/\/www.europesays.com\/es\/wp-json\/wp\/v2\/media\/257127"}],"wp:attachment":[{"href":"https:\/\/www.europesays.com\/es\/wp-json\/wp\/v2\/media?parent=257126"}],"wp:term":[{"taxonomy":"category","embeddable":true,"href":"https:\/\/www.europesays.com\/es\/wp-json\/wp\/v2\/categories?post=257126"},{"taxonomy":"post_tag","embeddable":true,"href":"https:\/\/www.europesays.com\/es\/wp-json\/wp\/v2\/tags?post=257126"}],"curies":[{"name":"wp","href":"https:\/\/api.w.org\/{rel}","templated":true}]}}