{"id":257132,"date":"2025-11-26T17:29:11","date_gmt":"2025-11-26T17:29:11","guid":{"rendered":"https:\/\/www.europesays.com\/es\/257132\/"},"modified":"2025-11-26T17:29:11","modified_gmt":"2025-11-26T17:29:11","slug":"un-marcador-sanguineo-abre-nuevas-vias-para-la-deteccion-temprana-del-alzheimer","status":"publish","type":"post","link":"https:\/\/www.europesays.com\/es\/257132\/","title":{"rendered":"Un marcador sangu\u00edneo abre nuevas v\u00edas para la detecci\u00f3n temprana del alzh\u00e9imer"},"content":{"rendered":"<p>                                    <img decoding=\"async\" loading=\"lazy\" src=\"https:\/\/www.europesays.com\/es\/wp-content\/uploads\/2025\/09\/67bee546d3754.jpeg\" alt=\"Llu\u00eds Serrano\" width=\"40\" height=\"40\" data-full-src=\"https:\/\/www.europesays.com\/es\/wp-content\/uploads\/2025\/09\/67bee546d3754.jpeg\"\/><\/p>\n<p class=\"paragraph\">Un equipo cient\u00edfico del Instituto de Investigaci\u00f3n Biom\u00e9dica de M\u00e1laga (Ibima Plataforma Bionand) y la Universidad de M\u00e1laga ha conseguido un importante avance en la detecci\u00f3n precoz del alzh\u00e9imer. Los investigadores han logrado identificar <b>nuevos marcadores en la sangre que reflejan<\/b> el estado del hipocampo, una regi\u00f3n cerebral fundamental para la memoria, lo que podr\u00eda revolucionar el diagn\u00f3stico temprano de esta enfermedad neurodegenerativa.<\/p>\n<p class=\"paragraph\">Seg\u00fan ha informado Ibima en un comunicado, estos cient\u00edficos han descubierto que <b>ciertos complejos moleculares presentes en el hipocampo<\/b> pueden ser detectados en las c\u00e9lulas blancas sangu\u00edneas. Estos complejos est\u00e1n formados por prote\u00ednas receptoras vinculadas a procesos esenciales para la salud cerebral, como la neurog\u00e9nesis y la plasticidad cerebral durante el aprendizaje.<\/p>\n<p class=\"paragraph\">Los resultados, obtenidos inicialmente en modelos animales, muestran una prometedora conexi\u00f3n entre el sistema nervioso central y el sistema inmunol\u00f3gico, algo que <b>hasta ahora no se hab\u00eda demostrado con<\/b> tanta claridad. El siguiente paso ser\u00e1 validar estos hallazgos en estudios con personas, para confirmar su aplicabilidad cl\u00ednica en combinaci\u00f3n con otras t\u00e9cnicas diagn\u00f3sticas.<\/p>\n<p>Diagn\u00f3stico menos invasivo y m\u00e1s accesible<\/p>\n<p class=\"paragraph\">El alzh\u00e9imer se caracteriza por una p\u00e9rdida progresiva de neuronas que afecta gravemente a la memoria y otras funciones cognitivas. Actualmente, las pruebas diagn\u00f3sticas m\u00e1s fiables como <b>el an\u00e1lisis del l\u00edquido cefalorraqu\u00eddeo o las<\/b> t\u00e9cnicas de neuroimagen (PET) presentan importantes limitaciones: son invasivas, costosas o poco accesibles, adem\u00e1s de detectar la enfermedad cuando ya est\u00e1 considerablemente avanzada.<\/p>\n<p class=\"paragraph\">La innovaci\u00f3n propuesta por los investigadores malague\u00f1os radica en la posibilidad de realizar <b>un simple an\u00e1lisis de sangre mediante una<\/b> t\u00e9cnica denominada PLA (ensayo de ligaci\u00f3n por proximidad). Esta herramienta permitir\u00eda identificar a personas en riesgo antes de la manifestaci\u00f3n de los primeros s\u00edntomas, abriendo la puerta a intervenciones terap\u00e9uticas m\u00e1s tempranas y potencialmente m\u00e1s efectivas.<\/p>\n<p>Modelo experimental en dos fases<\/p>\n<p class=\"paragraph\">Para su investigaci\u00f3n, el equipo cient\u00edfico utiliz\u00f3 dos modelos experimentales en ratas que simulaban diferentes estadios del alzh\u00e9imer: uno representativo de una fase temprana y otro de una etapa m\u00e1s avanzada. En ambos modelos se observaron alteraciones tanto en <b>el hipocampo como en los marcadores sangu\u00edneos<\/b>, lo que refuerza la hip\u00f3tesis de una conexi\u00f3n directa entre ambos sistemas.<\/p>\n<p class=\"paragraph\">\u00abHemos encontrado una forma de observar el estado del cerebro a trav\u00e9s de la sangre\u00bb, ha explicado Isabel Moreno-Madrid, una de las l\u00edderes del estudio, mientras que Pedro Serrano-Castro ha destacado que este avance <b>\u00abacerca a una medicina m\u00e1s personalizada\u00bb<\/b> en el abordaje del alzh\u00e9imer.<\/p>\n<p class=\"paragraph\">El descubrimiento supone un paso significativo hacia m\u00e9todos diagn\u00f3sticos menos invasivos y m\u00e1s tempranos, en un momento en que la detecci\u00f3n precoz del alzh\u00e9imer se considera fundamental para el desarrollo de estrategias terap\u00e9uticas efectivas que puedan modificar el curso de la enfermedad.<\/p>\n","protected":false},"excerpt":{"rendered":"Un equipo cient\u00edfico del Instituto de Investigaci\u00f3n Biom\u00e9dica de M\u00e1laga (Ibima Plataforma Bionand) y la Universidad de M\u00e1laga&hellip;\n","protected":false},"author":2,"featured_media":257133,"comment_status":"","ping_status":"","sticky":false,"template":"","format":"standard","meta":{"footnotes":""},"categories":[92],"tags":[25,24,165,166,23],"class_list":{"0":"post-257132","1":"post","2":"type-post","3":"status-publish","4":"format-standard","5":"has-post-thumbnail","7":"category-salud","8":"tag-es","9":"tag-espana","10":"tag-health","11":"tag-salud","12":"tag-spain"},"share_on_mastodon":{"url":"https:\/\/pubeurope.com\/@es\/115617186901785227","error":""},"_links":{"self":[{"href":"https:\/\/www.europesays.com\/es\/wp-json\/wp\/v2\/posts\/257132","targetHints":{"allow":["GET"]}}],"collection":[{"href":"https:\/\/www.europesays.com\/es\/wp-json\/wp\/v2\/posts"}],"about":[{"href":"https:\/\/www.europesays.com\/es\/wp-json\/wp\/v2\/types\/post"}],"author":[{"embeddable":true,"href":"https:\/\/www.europesays.com\/es\/wp-json\/wp\/v2\/users\/2"}],"replies":[{"embeddable":true,"href":"https:\/\/www.europesays.com\/es\/wp-json\/wp\/v2\/comments?post=257132"}],"version-history":[{"count":0,"href":"https:\/\/www.europesays.com\/es\/wp-json\/wp\/v2\/posts\/257132\/revisions"}],"wp:featuredmedia":[{"embeddable":true,"href":"https:\/\/www.europesays.com\/es\/wp-json\/wp\/v2\/media\/257133"}],"wp:attachment":[{"href":"https:\/\/www.europesays.com\/es\/wp-json\/wp\/v2\/media?parent=257132"}],"wp:term":[{"taxonomy":"category","embeddable":true,"href":"https:\/\/www.europesays.com\/es\/wp-json\/wp\/v2\/categories?post=257132"},{"taxonomy":"post_tag","embeddable":true,"href":"https:\/\/www.europesays.com\/es\/wp-json\/wp\/v2\/tags?post=257132"}],"curies":[{"name":"wp","href":"https:\/\/api.w.org\/{rel}","templated":true}]}}