{"id":257140,"date":"2025-11-26T17:33:10","date_gmt":"2025-11-26T17:33:10","guid":{"rendered":"https:\/\/www.europesays.com\/es\/257140\/"},"modified":"2025-11-26T17:33:10","modified_gmt":"2025-11-26T17:33:10","slug":"ejercito-da-golpe-de-estado-en-guinea-bissau-dw-26-11-2025","status":"publish","type":"post","link":"https:\/\/www.europesays.com\/es\/257140\/","title":{"rendered":"Ej\u00e9rcito da golpe de Estado en Guinea-Bissau \u2013 DW \u2013 26\/11\/2025"},"content":{"rendered":"<p>Un grupo de oficiales del Ej\u00e9rcito anunci\u00f3 este mi\u00e9rcoles (26.11.2025) que se hab\u00eda hecho con el poder en Guinea-Bissau, peque\u00f1o pa\u00eds de \u00c1frica Occidental propenso a los golpes de Estado. A primera hora de la jornada, diversos reportes hablaron de disparos en puntos claves de la capital, hasta que el propio presidente del pa\u00eds confirm\u00f3 a un semanario que hab\u00eda sido detenido.<\/p>\n<p>Los oficiales afirmaron haber formado el Alto Mando Militar para la Restauraci\u00f3n del Orden y que estar\u00e1n a cargo de los destinos de la naci\u00f3n hasta nuevo aviso. La acci\u00f3n militar se produjo un d\u00eda despu\u00e9s de que la Comisi\u00f3n Electoral Nacional (CEN) anunciara los primeros resultados de unas re\u00f1idas elecciones presidenciales entre el mandatario Umaro Sissoco Embalo y su principal contrincante, Fernando Dias. Ambos se atribuyeron el triunfo.<\/p>\n<p>Los tiroteos se oyeron cerca de la sede de la CEN, el palacio presidencial y el Ministerio del Interior, de acuerdo con testigos. Adem\u00e1s, hombres uniformados con traje de combate tomaron el control de la principal arteria que conduce a la sede del Estado Mayor del Ej\u00e9rcito, desde donde los militares leyeron un comunicado anunciando el golpe de Estado.<\/p>\n<p>Detenidos tambi\u00e9n opositores<\/p>\n<p>En el documento, los golpistas dijeron tener el \u00abcontrol total del pa\u00eds\u00bb y anunciaron la suspensi\u00f3n del proceso electoral. Seg\u00fan testigos contactados por EFE en Bissau, la capital del pa\u00eds, la poblaci\u00f3n en esa zona huy\u00f3 aterrorizada a barrios perif\u00e9ricos, intentando protegerse. Soldados encapuchados bloquearon diversas calles, entre ellas las que rodean la embajada de Portugal, para evitar el paso a l\u00edderes pol\u00edticos que pudieran intentar refugiarse en esa legaci\u00f3n.<\/p>\n<p>El semanario panafricano franc\u00e9s Jeune Afrique public\u00f3 que el propio Embal\u00f3 confirm\u00f3 que fue detenido alrededor del mediod\u00eda en su despacho. De acuerdo con el semanario, el mandatario saliente afirm\u00f3 que no se cometi\u00f3 ning\u00fan acto de violencia contra \u00e9l durante este \u00abgolpe de Estado\u00bb orquestado, seg\u00fan \u00e9l, por el jefe del Estado Mayor del Ej\u00e9rcito. Tambi\u00e9n fueron detenidos los opositores Fernando Dias y Domingos Sim\u00f5es Pereira.<\/p>\n<p>Las elecciones del domingo, cuyos resultados provisionales se esperaban para este jueves 27 de noviembre, estuvieron marcadas por la exclusi\u00f3n de destacados l\u00edderes de la posici\u00f3n. Guinea-Bissau ha sufrido <a class=\"internal-link\" href=\"https:\/\/www.dw.com\/es\/golpe-de-estado-militar-en-guinea-bissau\/a-15881410\" rel=\"nofollow noopener\" target=\"_blank\">cuatro golpes de Estado<\/a> desde su independencia de Portugal en 1974, adem\u00e1s de <a class=\"internal-link\" href=\"https:\/\/www.dw.com\/es\/fallido-golpe-de-estado-sacude-guinea-bissau-y-deja-muertos-y-heridos\/a-60628827\" rel=\"nofollow noopener\" target=\"_blank\">una serie de intentos de golpe<\/a>.<\/p>\n<p>DZC (Reuters, EFE, AFP, Jeune Afrique)<\/p>\n","protected":false},"excerpt":{"rendered":"Un grupo de oficiales del Ej\u00e9rcito anunci\u00f3 este mi\u00e9rcoles (26.11.2025) que se hab\u00eda hecho con el poder en&hellip;\n","protected":false},"author":2,"featured_media":257141,"comment_status":"","ping_status":"","sticky":false,"template":"","format":"standard","meta":{"footnotes":""},"categories":[42],"tags":[17,18,13,14,11,61,62,63,64,19,20,9,10,15,16,12,21,22,65,66,67],"class_list":{"0":"post-257140","1":"post","2":"type-post","3":"status-publish","4":"format-standard","5":"has-post-thumbnail","7":"category-internacional","8":"tag-breaking-news","9":"tag-breakingnews","10":"tag-featured-news","11":"tag-featurednews","12":"tag-headlines","13":"tag-internacional","14":"tag-international","15":"tag-international-news","16":"tag-internationalnews","17":"tag-latest-news","18":"tag-latestnews","19":"tag-news","20":"tag-noticias","21":"tag-noticias-destacadas","22":"tag-noticiasdestacadas","23":"tag-titulares","24":"tag-ultimas-noticias","25":"tag-ultimasnoticias","26":"tag-world","27":"tag-world-news","28":"tag-worldnews"},"share_on_mastodon":{"url":"https:\/\/pubeurope.com\/@es\/115617202497132436","error":""},"_links":{"self":[{"href":"https:\/\/www.europesays.com\/es\/wp-json\/wp\/v2\/posts\/257140","targetHints":{"allow":["GET"]}}],"collection":[{"href":"https:\/\/www.europesays.com\/es\/wp-json\/wp\/v2\/posts"}],"about":[{"href":"https:\/\/www.europesays.com\/es\/wp-json\/wp\/v2\/types\/post"}],"author":[{"embeddable":true,"href":"https:\/\/www.europesays.com\/es\/wp-json\/wp\/v2\/users\/2"}],"replies":[{"embeddable":true,"href":"https:\/\/www.europesays.com\/es\/wp-json\/wp\/v2\/comments?post=257140"}],"version-history":[{"count":0,"href":"https:\/\/www.europesays.com\/es\/wp-json\/wp\/v2\/posts\/257140\/revisions"}],"wp:featuredmedia":[{"embeddable":true,"href":"https:\/\/www.europesays.com\/es\/wp-json\/wp\/v2\/media\/257141"}],"wp:attachment":[{"href":"https:\/\/www.europesays.com\/es\/wp-json\/wp\/v2\/media?parent=257140"}],"wp:term":[{"taxonomy":"category","embeddable":true,"href":"https:\/\/www.europesays.com\/es\/wp-json\/wp\/v2\/categories?post=257140"},{"taxonomy":"post_tag","embeddable":true,"href":"https:\/\/www.europesays.com\/es\/wp-json\/wp\/v2\/tags?post=257140"}],"curies":[{"name":"wp","href":"https:\/\/api.w.org\/{rel}","templated":true}]}}