{"id":257144,"date":"2025-11-26T17:35:46","date_gmt":"2025-11-26T17:35:46","guid":{"rendered":"https:\/\/www.europesays.com\/es\/257144\/"},"modified":"2025-11-26T17:35:46","modified_gmt":"2025-11-26T17:35:46","slug":"ultima-hora-de-la-actualidad-politica-en-directo-sanchez-sobre-la-condena-al-fiscal-general-el-tiempo-pondra-las-cosas-en-su-sitio-espana","status":"publish","type":"post","link":"https:\/\/www.europesays.com\/es\/257144\/","title":{"rendered":"\u00daltima hora de la actualidad pol\u00edtica, en directo\u00a0| S\u00e1nchez, sobre la condena al fiscal general: \u201cEl tiempo pondr\u00e1 las cosas en su sitio\u201d | Espa\u00f1a"},"content":{"rendered":"<p class=\"ev-title\">Maz\u00f3n asistir\u00e1 ma\u00f1ana al debate de investidura de P\u00e9rez Llorca<\/p>\n<p>El president de la Generalitat Valenciana en funciones, Carlos Maz\u00f3n, asistir\u00e1 este jueves en Les Corts Valencianes al pleno de investidura de su sucesor, el popular Juanfran P\u00e9rez Llorca, seg\u00fan ha afirmado la portavoz del Ejecutivo valenciano, Susana Camarero.<\/p>\n<p>As\u00ed lo ha se\u00f1alado en la rueda de prensa posterior al que previsiblemente ha sido el \u00faltimo pleno del actual Consell, en la que Camarero ha dicho que cuando comenz\u00f3 la legislatura \u201cdel cambio\u201d en 2023, nadie sospechaba que la provincia de Valencia \u201ciba a sufrir la mayor cat\u00e1strofe natural\u201d de su historia, con la dana del 29 de octubre de 2024.<\/p>\n<p>La dana \u201cha cambiado todo, nos ha cambiado a todos y ha cambiado la gesti\u00f3n\u201d, ha se\u00f1alado la vicepresidenta del Consell en funciones, quien he destacado que el \u00faltimo a\u00f1o se han centrado en la reconstrucci\u00f3n de las\u00a0zonas afectadas, que ha supuesto una \u201cgesti\u00f3n ingente\u201d del Consell, cuyos integrantes se han \u201cdejado la piel\u201d, empezando por Maz\u00f3n, seg\u00fan ella.\u00a0<\/p>\n<p>Preguntada sobre si pondr\u00eda la mano en el fuego por Maz\u00f3n, ha se\u00f1alado que no hace \u201cvaloraciones personales\u201d en la rueda de prensa en la que informa de los asuntos tratados en el Consell, mientras que tampoco ha concretado si considera que el president en funciones deber\u00eda dejar su esca\u00f1o en Les Corts, como reclaman los socialistas.<\/p>\n<p>Interpelada por los cambios del relato sobre la hora en que Maz\u00f3n lleg\u00f3 al Palau de la Generalitat la tarde de la dana, ha se\u00f1alado que el president \u201cha dado sus explicaciones desde hace mucho meses\u201d en comparecencias y en comisiones de investigaci\u00f3n, por lo que no es ella quien tiene que \u201campliar ni que dar cuenta\u201d de esas explicaciones. (Efe)<\/p>\n","protected":false},"excerpt":{"rendered":"Maz\u00f3n asistir\u00e1 ma\u00f1ana al debate de investidura de P\u00e9rez Llorca El president de la Generalitat Valenciana en funciones,&hellip;\n","protected":false},"author":2,"featured_media":257145,"comment_status":"","ping_status":"","sticky":false,"template":"","format":"standard","meta":{"footnotes":""},"categories":[5],"tags":[6069,17,18,4456,6913,25,24,13,14,582,6909,248,11,19,20,6910,9,10,15,16,957,2959,952,1670,956,1699,6914,6912,23,4453,12,21,22,624,6911,4454],"class_list":{"0":"post-257144","1":"post","2":"type-post","3":"status-publish","4":"format-standard","5":"has-post-thumbnail","7":"category-titulares","8":"tag-alberto-nunez-feijoo","9":"tag-breaking-news","10":"tag-breakingnews","11":"tag-congreso-diputados","12":"tag-debates-parlamentarios","13":"tag-es","14":"tag-espana","15":"tag-featured-news","16":"tag-featurednews","17":"tag-gobierno","18":"tag-gobierno-de-coalicion","19":"tag-gobierno-de-espana","20":"tag-headlines","21":"tag-latest-news","22":"tag-latestnews","23":"tag-legislaturas-politicas","24":"tag-news","25":"tag-noticias","26":"tag-noticias-destacadas","27":"tag-noticiasdestacadas","28":"tag-partidos-politicos","29":"tag-pedro-sanchez","30":"tag-politica","31":"tag-politicos","32":"tag-pp","33":"tag-psoe","34":"tag-santiago-abascal","35":"tag-senado","36":"tag-spain","37":"tag-sumar","38":"tag-titulares","39":"tag-ultimas-noticias","40":"tag-ultimasnoticias","41":"tag-vox","42":"tag-xv-legislatura-espana","43":"tag-yolanda-diaz"},"share_on_mastodon":{"url":"","error":"Validation failed: Text character limit of 500 exceeded"},"_links":{"self":[{"href":"https:\/\/www.europesays.com\/es\/wp-json\/wp\/v2\/posts\/257144","targetHints":{"allow":["GET"]}}],"collection":[{"href":"https:\/\/www.europesays.com\/es\/wp-json\/wp\/v2\/posts"}],"about":[{"href":"https:\/\/www.europesays.com\/es\/wp-json\/wp\/v2\/types\/post"}],"author":[{"embeddable":true,"href":"https:\/\/www.europesays.com\/es\/wp-json\/wp\/v2\/users\/2"}],"replies":[{"embeddable":true,"href":"https:\/\/www.europesays.com\/es\/wp-json\/wp\/v2\/comments?post=257144"}],"version-history":[{"count":0,"href":"https:\/\/www.europesays.com\/es\/wp-json\/wp\/v2\/posts\/257144\/revisions"}],"wp:featuredmedia":[{"embeddable":true,"href":"https:\/\/www.europesays.com\/es\/wp-json\/wp\/v2\/media\/257145"}],"wp:attachment":[{"href":"https:\/\/www.europesays.com\/es\/wp-json\/wp\/v2\/media?parent=257144"}],"wp:term":[{"taxonomy":"category","embeddable":true,"href":"https:\/\/www.europesays.com\/es\/wp-json\/wp\/v2\/categories?post=257144"},{"taxonomy":"post_tag","embeddable":true,"href":"https:\/\/www.europesays.com\/es\/wp-json\/wp\/v2\/tags?post=257144"}],"curies":[{"name":"wp","href":"https:\/\/api.w.org\/{rel}","templated":true}]}}