{"id":257146,"date":"2025-11-26T17:41:11","date_gmt":"2025-11-26T17:41:11","guid":{"rendered":"https:\/\/www.europesays.com\/es\/257146\/"},"modified":"2025-11-26T17:41:11","modified_gmt":"2025-11-26T17:41:11","slug":"la-heredera-williams-que-ya-recibe-influencia-tenistica","status":"publish","type":"post","link":"https:\/\/www.europesays.com\/es\/257146\/","title":{"rendered":"La heredera Williams que ya recibe \u00abinfluencia ten\u00edstica\u00bb"},"content":{"rendered":"<p><strong>Semanas atr\u00e1s hab\u00eda dicho que \u00ab&#8230;siempre extra\u00f1ar\u00e1 el tenis\u00bb <\/strong>y es imposible no volver al primer amor. As\u00ed lo siente<strong> Serena Williams que public\u00f3 en sus redes sociales una aparici\u00f3n en la cancha de tenis con una compa\u00f1\u00eda bien especial: <\/strong>Alexis Olympia.<strong> <\/strong><\/p>\n<p>Relacionado<\/p>\n<ul>\n<li><a name=\"&amp;lpos=story:editorspicks:inline:1\" href=\"https:\/\/www.espn.com.ar\/tenis\/nota\/_\/id\/16007985\/del-potro-alcaraz-encuentro-de-cracks-lejos-de-una-cancha-de-tenis-miami\" class=\"img-link\" rel=\"nofollow noopener\" target=\"_blank\"><img loading=\"lazy\" decoding=\"async\" src=\"https:\/\/www.europesays.com\/es\/wp-content\/uploads\/2025\/11\/r1580921_1296x1296_1-1.jpg&#038;w=130&#038;h=130&#038;scale=crop&#038;location=center.jpeg\" width=\"65\" height=\"65\"\/><\/a><\/li>\n<li><a name=\"&amp;lpos=story:editorspicks:inline:2\" href=\"https:\/\/www.espn.com.ar\/tenis\/nota\/_\/id\/15994857\/copa-davis-2025-final-italia-espana-berrettini-munar-carreno-busta-cobolli\" class=\"img-link\" rel=\"nofollow noopener\" target=\"_blank\"><img loading=\"lazy\" decoding=\"async\" src=\"https:\/\/www.europesays.com\/es\/wp-content\/uploads\/2025\/11\/r1579620_1296x1296_1-1.jpg&#038;w=130&#038;h=130&#038;scale=crop&#038;location=center.jpeg\" width=\"65\" height=\"65\"\/><\/a><\/li>\n<\/ul>\n<p>1 Relacionado<\/p>\n<p><strong>\u00abEsta soy yo compartiendo mi pasi\u00f3n por el tenis con mi hija menor\u00bb, <\/strong>escribi\u00f3 la ganadora de 23 t\u00edtulos de Grand Slam que se despidi\u00f3 del tenis profesional en 2022, ante su p\u00fablico, en la tercera ronda del US Open<strong>.<\/strong><\/p>\n<p>En total se adjudic\u00f3 39 t\u00edtulos de Grand Slam, con los citados e hist\u00f3ricos en singles, m\u00e1s 14 en dobles femenino y dos en el doble mixto. La que gan\u00f3 todo en el tenis y a\u00fan mantiene el r\u00e9cord de victorias individuales de una mujer en los Grand Slam, con 367.<\/p>\n<p><strong>Mientras Adira River quedaba al cuidado de su padre, la N\u00b01 del mundo durante 319 semanas <\/strong>intentaba seguir la pasi\u00f3n por el deporte que su padre le inculc\u00f3 desde temprana edad. Pura \u00abinfluencia ten\u00edstica\u00bb.<\/p>\n","protected":false},"excerpt":{"rendered":"Semanas atr\u00e1s hab\u00eda dicho que \u00ab&#8230;siempre extra\u00f1ar\u00e1 el tenis\u00bb y es imposible no volver al primer amor. As\u00ed&hellip;\n","protected":false},"author":2,"featured_media":257147,"comment_status":"","ping_status":"","sticky":false,"template":"","format":"standard","meta":{"footnotes":""},"categories":[274],"tags":[168,25,24,23,167,327,326],"class_list":{"0":"post-257146","1":"post","2":"type-post","3":"status-publish","4":"format-standard","5":"has-post-thumbnail","7":"category-tenis","8":"tag-deportes","9":"tag-es","10":"tag-espana","11":"tag-spain","12":"tag-sports","13":"tag-tenis","14":"tag-tennis"},"share_on_mastodon":{"url":"https:\/\/pubeurope.com\/@es\/115617234409273636","error":""},"_links":{"self":[{"href":"https:\/\/www.europesays.com\/es\/wp-json\/wp\/v2\/posts\/257146","targetHints":{"allow":["GET"]}}],"collection":[{"href":"https:\/\/www.europesays.com\/es\/wp-json\/wp\/v2\/posts"}],"about":[{"href":"https:\/\/www.europesays.com\/es\/wp-json\/wp\/v2\/types\/post"}],"author":[{"embeddable":true,"href":"https:\/\/www.europesays.com\/es\/wp-json\/wp\/v2\/users\/2"}],"replies":[{"embeddable":true,"href":"https:\/\/www.europesays.com\/es\/wp-json\/wp\/v2\/comments?post=257146"}],"version-history":[{"count":0,"href":"https:\/\/www.europesays.com\/es\/wp-json\/wp\/v2\/posts\/257146\/revisions"}],"wp:featuredmedia":[{"embeddable":true,"href":"https:\/\/www.europesays.com\/es\/wp-json\/wp\/v2\/media\/257147"}],"wp:attachment":[{"href":"https:\/\/www.europesays.com\/es\/wp-json\/wp\/v2\/media?parent=257146"}],"wp:term":[{"taxonomy":"category","embeddable":true,"href":"https:\/\/www.europesays.com\/es\/wp-json\/wp\/v2\/categories?post=257146"},{"taxonomy":"post_tag","embeddable":true,"href":"https:\/\/www.europesays.com\/es\/wp-json\/wp\/v2\/tags?post=257146"}],"curies":[{"name":"wp","href":"https:\/\/api.w.org\/{rel}","templated":true}]}}