{"id":257152,"date":"2025-11-26T17:45:11","date_gmt":"2025-11-26T17:45:11","guid":{"rendered":"https:\/\/www.europesays.com\/es\/257152\/"},"modified":"2025-11-26T17:45:11","modified_gmt":"2025-11-26T17:45:11","slug":"es-flick-un-hombre-de-palabra","status":"publish","type":"post","link":"https:\/\/www.europesays.com\/es\/257152\/","title":{"rendered":"\u00bfEs Flick un hombre de palabra?"},"content":{"rendered":"<p data-mrf-recirculation=\"Links P\u00e1rrafos\" class=\"ue-c-article__paragraph paragraph ue-c-article--first-letter-highlighted\">La derrota de este martes en Stamford Bridge <strong>ha escocido en Can Bar\u00e7a.<\/strong> Los aficionados esperaban un buen resultado frente al Chelsea que <strong>encarrilara el pase a la siguiente ronda entre los ocho mejores<\/strong> y evitara el play-off. Despu\u00e9s de lo visto frente al Athletic, no era ni mucho menos descabellado. El s\u00e1bado, el Barcelona hab\u00eda realizado un excelente encuentro, confirmando la recuperaci\u00f3n del equipo.<\/p>\n<p data-mrf-recirculation=\"Links P\u00e1rrafos\" class=\"ue-c-article__paragraph paragraph\">Adem\u00e1s, Flick recuperaba a jugadores muy importantes como<strong> De Jong, Raphinha y Rashford. <\/strong>El banquillo cul\u00e9 ofrec\u00eda numerosas soluciones despu\u00e9s de muchos partidos en los que hab\u00eda muy pocos efectivos por el gran n\u00famero de lesiones que estaba afectando a la plantilla. Pero, a la hora de la verdad, no pudo ser.<strong> La expulsi\u00f3n de Araujo poco antes del descanso fue determinante <\/strong>y, con uno menos, el Bar\u00e7a cay\u00f3 en manos de los ingleses.<\/p>\n<p>Chelsea 3-0 Barcelona: resumen y goles Champions League (J5)<\/p>\n<p>Al estilo Cruyff<\/p>\n<p data-mrf-recirculation=\"Links P\u00e1rrafos\" class=\"ue-c-article__paragraph paragraph\">Flick no quiso hacer le\u00f1a del \u00e1rbol ca\u00eddo. <strong>Si en otros partidos s\u00ed ha sido cr\u00edtico con sus jugadores, no lo fue en esta ocasi\u00f3n<\/strong>. Utiliz\u00f3 la t\u00e1ctica Cruyff, que pegaba palos cuando la cosa hab\u00eda ido bien para que nadie se lo creyera y suavizaba las derrotas para que nadie se hundiera. Flick sigui\u00f3 este camino a la conclusi\u00f3n del partido.<\/p>\n<blockquote class=\"ue-c-article__blockquote\">\n<p>Veremos a otro Bar\u00e7a, lo puedo prometer<\/p>\n<p>Hansi Flick<\/p><\/blockquote>\n<p data-mrf-recirculation=\"Links P\u00e1rrafos\" class=\"ue-c-article__paragraph paragraph\">\u201cVeremos a otro Bar\u00e7a, lo puedo prometer. <strong>Veo c\u00f3mo entrenamos, la intensidad y la calidad, y es diferente de hace unas seis semanas&#8230; Recuperamos jugadores que mejoran la calidad de los entrenamientos,<\/strong> tengo muy buenas sensaciones y me siento positivo\u201d, dijo el alem\u00e1n en la rueda de prensa posterior al partido. Una apuesta sorprendente del entrenador despu\u00e9s de que su equipo hubiera ca\u00eddo por un claro 3-0 y <a href=\"https:\/\/www.marca.com\/futbol\/barcelona\/2025\/11\/26\/numeros-destrozan-barca-chelsea-mejor.html\" rel=\"nofollow noopener\" target=\"_blank\">el Chelsea les hubiera superado en todas las facetas del juego.<\/a><\/p>\n<p><img decoding=\"async\" width=\"921\" height=\"1037\" class=\"ue-c-article__image lazyload\" alt=\"Hansi Flick y Raphinha en el partido del s\u00e1bado ante el Athletic.\" loading=\"lazy\" src=\"https:\/\/www.europesays.com\/es\/wp-content\/uploads\/2025\/11\/6926e61d8fb52.jpeg\"\/><\/p>\n<p>Hansi Flick y Raphinha en el partido del s\u00e1bado ante el Athletic.FRANCESC ADELANTADO<\/p>\n<p>Recuperar jugadores<\/p>\n<p data-mrf-recirculation=\"Links P\u00e1rrafos\" class=\"ue-c-article__paragraph paragraph\">\u00bfTiene motivos Flick para ser optimista? Independientemente del tema de los entrenamientos, algo que solamente puede valorar \u00e9l, hay un factor muy importante, y es que<strong> el alem\u00e1n est\u00e1 recuperando efectivos estos d\u00edas.<\/strong> Para el partido frente al Chelsea ya pudo contar co<strong>n Raphinha y Rashford.<\/strong> No los puso en el once inicial, ya que siempre es muy cauto en los regresos despu\u00e9s de una lesi\u00f3n, pero s\u00ed entraron en la segunda parte. El problema es que, con uno menos, poco pudieron hacer en los minutos que jugaron.<\/p>\n<p>La vuelta de Pedri<\/p>\n<p data-mrf-recirculation=\"Links P\u00e1rrafos\" class=\"ue-c-article__paragraph paragraph\">Pero para los pr\u00f3ximos partidos ya estar\u00e1n m\u00e1s rodados y<strong> se a\u00f1adir\u00e1 Pedri,<\/strong> que podr\u00eda estar para el encuentro de este fin de semana contra el Alav\u00e9s. Solamente <strong>Ter Stegen y Gavi<\/strong> quedar\u00edan en la enfermer\u00eda. Recuperar efectivos es una gran noticia. Y Flick tambi\u00e9n se muestra optimista por el rendimiento del equipo en Vigo y frente al Athletic. Y es cierto que,<strong> hasta la expulsi\u00f3n de Araujo en Londres, el partido frente al Chelsea estaba relativamente igualado y abierto<\/strong>. La primera respuesta al optimismo del t\u00e9cnico tendr\u00e1 lugar este s\u00e1bado frente al Alav\u00e9s.<\/p>\n","protected":false},"excerpt":{"rendered":"La derrota de este martes en Stamford Bridge ha escocido en Can Bar\u00e7a. Los aficionados esperaban un buen&hellip;\n","protected":false},"author":2,"featured_media":257153,"comment_status":"","ping_status":"","sticky":false,"template":"","format":"standard","meta":{"footnotes":""},"categories":[268],"tags":[168,25,24,280,282,281,23,167],"class_list":{"0":"post-257152","1":"post","2":"type-post","3":"status-publish","4":"format-standard","5":"has-post-thumbnail","7":"category-futbol","8":"tag-deportes","9":"tag-es","10":"tag-espana","11":"tag-football","12":"tag-futbol","13":"tag-soccer","14":"tag-spain","15":"tag-sports"},"share_on_mastodon":{"url":"https:\/\/pubeurope.com\/@es\/115617250148313450","error":""},"_links":{"self":[{"href":"https:\/\/www.europesays.com\/es\/wp-json\/wp\/v2\/posts\/257152","targetHints":{"allow":["GET"]}}],"collection":[{"href":"https:\/\/www.europesays.com\/es\/wp-json\/wp\/v2\/posts"}],"about":[{"href":"https:\/\/www.europesays.com\/es\/wp-json\/wp\/v2\/types\/post"}],"author":[{"embeddable":true,"href":"https:\/\/www.europesays.com\/es\/wp-json\/wp\/v2\/users\/2"}],"replies":[{"embeddable":true,"href":"https:\/\/www.europesays.com\/es\/wp-json\/wp\/v2\/comments?post=257152"}],"version-history":[{"count":0,"href":"https:\/\/www.europesays.com\/es\/wp-json\/wp\/v2\/posts\/257152\/revisions"}],"wp:featuredmedia":[{"embeddable":true,"href":"https:\/\/www.europesays.com\/es\/wp-json\/wp\/v2\/media\/257153"}],"wp:attachment":[{"href":"https:\/\/www.europesays.com\/es\/wp-json\/wp\/v2\/media?parent=257152"}],"wp:term":[{"taxonomy":"category","embeddable":true,"href":"https:\/\/www.europesays.com\/es\/wp-json\/wp\/v2\/categories?post=257152"},{"taxonomy":"post_tag","embeddable":true,"href":"https:\/\/www.europesays.com\/es\/wp-json\/wp\/v2\/tags?post=257152"}],"curies":[{"name":"wp","href":"https:\/\/api.w.org\/{rel}","templated":true}]}}