{"id":257165,"date":"2025-11-26T17:53:11","date_gmt":"2025-11-26T17:53:11","guid":{"rendered":"https:\/\/www.europesays.com\/es\/257165\/"},"modified":"2025-11-26T17:53:11","modified_gmt":"2025-11-26T17:53:11","slug":"el-ayuntamiento-destaca-la-importancia-de-no-bajar-la-guardia-frente-al-virus-del-vih-y-de-la-educacion-para-ponerle-barreras","status":"publish","type":"post","link":"https:\/\/www.europesays.com\/es\/257165\/","title":{"rendered":"El Ayuntamiento destaca la importancia de no bajar la guardia frente al virus del VIH y de la educaci\u00f3n para ponerle barreras"},"content":{"rendered":"<p style=\"font-weight: 400\"><strong>En el acto del D\u00eda de la Lucha contra el\u00a0Sida, se ha puesto en valor el trabajo del Comit\u00e9 Antisida de Extremadura<\/strong><\/p>\n<p style=\"font-weight: 400\"><strong>La concejala de Servicios Sociales, Encarna Sol\u00eds<\/strong>, ha destacado la importancia de no bajar la guardia frente al virus del VIH y de la educaci\u00f3n para poner barreras al virus y no estigmatizar a quienes lo contraen,\u00a0<strong>en\u00a0el\u00a0acto institucional con motivo del D\u00eda de la Lucha contra el\u00a0Sida,\u00a0que se conmemora el\u00a01 de diciembre,<\/strong>\u00a0que se ha celebrado\u00a0esta ma\u00f1ana\u00a0en el Ayuntamiento.<\/p>\n<p style=\"font-weight: 400\">El acto\u00a0ha\u00a0contado con la presencia\u00a0<strong>de miembros de la corporaci\u00f3n municipal; la directora del Hospital San Pedro de Alc\u00e1ntara, Julia Mohedano;<\/strong>\u00a0y\u00a0<strong>\u00a0el presidente del Comit\u00e9 Antisida de Extremadura (CAEX), Santiago\u00a0<\/strong>P\u00e9rez, \u201cal que\u00a0agradezco su apuesta por celebrar este acto en el Ayuntamiento, que es la \u00a0casa de todos los cacere\u00f1os y cacere\u00f1as\u201d.<\/p>\n<p style=\"font-weight: 400\">Y ha agradecido sobre todo \u201csu trabajo incansable para que no bajemos la guardia frente al virus del VIH,\u00a0<strong>que no pensemos que su contagio es algo de otro tiempo<\/strong>, que por suerte\u00a0<strong>hemos avanzado mucho en su prevenci\u00f3n y tambi\u00e9n en su tratamiento<\/strong>, pero\u00a0<strong>nuestros esfuerzos nunca ser\u00e1n suficientes<\/strong>\u00a0mientras el VIH siga prevaleciendo en nuestra sociedad\u201d.<\/p>\n<p style=\"font-weight: 400\">Y gracias tambi\u00e9n, ha a\u00f1adido, \u201cpor\u00a0<strong>colaborar en su detecci\u00f3n precoz a trav\u00e9s de los test\u00a0<\/strong>que realiz\u00e1is con la\u00a0<strong>m\u00e1xima discreci\u00f3n<\/strong>\u201d.<\/p>\n<p style=\"font-weight: 400\">\u201cGestos como el de\u00a0hoy, con alumnos y alumnas del Colegio Diocesano participando en el acto, representan\u00a0<strong>la importancia de aprender desde peque\u00f1os, a poner barreras al virus y tambi\u00e9n a no se\u00f1alar ni estigmatizar a quienes contraen \u00a0el VIH<\/strong>\u201d, ha subrayado Sol\u00eds.<\/p>\n<p style=\"font-weight: 400\"><strong>P\u00e9rez ha le\u00eddo\u00a0el manifiesto\u00a0<\/strong>del Comit\u00e9 Antisida, bajo el lema\u00a0<strong>\u201cPor salud. Por responsabilidad. Hazte la prueba del VIH\u201d<\/strong>, donde se indica que \u201choy\u00a0alzamos la voz para recordar que\u00a0<strong>el VIH\/SIDA no es solo una enfermedad<\/strong>: es un\u00a0<strong>reflejo de nuestras desigualdades, de nuestros silencios y nuestros prejuicios.<\/strong>\u00a0Pero tambi\u00e9n es un espacio donde\u00a0<strong>la ciencia, la solidaridad y la dignidad humana han demostrado su fuerza\u201d.<\/strong><\/p>\n<p style=\"font-weight: 400\">\u201cExigimos\u00a0<strong>acceso universal, equitativo y continuo a los servicios de salud<\/strong>,\u00a0<strong>denunciamos la persistencia del estigma y la discriminaci\u00f3n<\/strong>, reivindicamos\u00a0<strong>la educaci\u00f3n como estrategia esencial para frenar la epidemia<\/strong>, defendemos\u00a0<strong>los derechos humanos y la dignidad de quienes viven con VIH<\/strong>,\u00a0<strong>impulsamos la investigaci\u00f3n cient\u00edfica y la innovaci\u00f3n m\u00e9dica<\/strong>, llamamos a la\u00a0<strong>cooperaci\u00f3n global y comunitaria<\/strong>,\u00a0<strong>honramos la memoria de quieres ya no est\u00e1n y acompa\u00f1amos a quienes viven\u00a0hoy<\/strong>\u00a0esta realidad, afirmamos que\u00a0<strong>la palabra es un puente<\/strong>\u201d, se se\u00f1ala.<\/p>\n<p style=\"font-weight: 400\">\u201cEste manifiesto es m\u00e1s que un texto: es un compromiso vivo.\u00a0<strong>Es la promesa de no retroceder en la conquista de derechos, de no permitir que la ignorancia domine, de no dejar que nadie quede atr\u00e1s<\/strong>. Es\u00a0<strong>un llamado a actuar con sensibilidad, responsabilidad y humanidad.<\/strong>\u00a0Porque cada vida importe. Porque la dignidad no se negocia. Porque el sida no define a nadie\u201d.<\/p>\n<p style=\"font-weight: 400\">En el acto han\u00a0<strong>participado alumnos y alumnas del\u00a0<\/strong><strong>Colegio Diocesano, y dos de ellas, han le\u00eddo\u00a0un manifiesto<\/strong>.<\/p>\n","protected":false},"excerpt":{"rendered":"En el acto del D\u00eda de la Lucha contra el\u00a0Sida, se ha puesto en valor el trabajo del&hellip;\n","protected":false},"author":2,"featured_media":257166,"comment_status":"","ping_status":"","sticky":false,"template":"","format":"standard","meta":{"footnotes":""},"categories":[92],"tags":[25,24,165,166,23],"class_list":{"0":"post-257165","1":"post","2":"type-post","3":"status-publish","4":"format-standard","5":"has-post-thumbnail","7":"category-salud","8":"tag-es","9":"tag-espana","10":"tag-health","11":"tag-salud","12":"tag-spain"},"share_on_mastodon":{"url":"https:\/\/pubeurope.com\/@es\/115617281239058028","error":""},"_links":{"self":[{"href":"https:\/\/www.europesays.com\/es\/wp-json\/wp\/v2\/posts\/257165","targetHints":{"allow":["GET"]}}],"collection":[{"href":"https:\/\/www.europesays.com\/es\/wp-json\/wp\/v2\/posts"}],"about":[{"href":"https:\/\/www.europesays.com\/es\/wp-json\/wp\/v2\/types\/post"}],"author":[{"embeddable":true,"href":"https:\/\/www.europesays.com\/es\/wp-json\/wp\/v2\/users\/2"}],"replies":[{"embeddable":true,"href":"https:\/\/www.europesays.com\/es\/wp-json\/wp\/v2\/comments?post=257165"}],"version-history":[{"count":0,"href":"https:\/\/www.europesays.com\/es\/wp-json\/wp\/v2\/posts\/257165\/revisions"}],"wp:featuredmedia":[{"embeddable":true,"href":"https:\/\/www.europesays.com\/es\/wp-json\/wp\/v2\/media\/257166"}],"wp:attachment":[{"href":"https:\/\/www.europesays.com\/es\/wp-json\/wp\/v2\/media?parent=257165"}],"wp:term":[{"taxonomy":"category","embeddable":true,"href":"https:\/\/www.europesays.com\/es\/wp-json\/wp\/v2\/categories?post=257165"},{"taxonomy":"post_tag","embeddable":true,"href":"https:\/\/www.europesays.com\/es\/wp-json\/wp\/v2\/tags?post=257165"}],"curies":[{"name":"wp","href":"https:\/\/api.w.org\/{rel}","templated":true}]}}