{"id":257167,"date":"2025-11-26T17:54:14","date_gmt":"2025-11-26T17:54:14","guid":{"rendered":"https:\/\/www.europesays.com\/es\/257167\/"},"modified":"2025-11-26T17:54:14","modified_gmt":"2025-11-26T17:54:14","slug":"la-secretaria-de-la-reina-letizia-da-una-leccion-de-estilo-con-botas-de-estampado-de-leopardo-y-abrigo-de-pano-tendencia-de-invierno","status":"publish","type":"post","link":"https:\/\/www.europesays.com\/es\/257167\/","title":{"rendered":"La secretaria de la reina Letizia da una lecci\u00f3n de estilo con botas de estampado de leopardo y abrigo de pa\u00f1o tendencia de invierno"},"content":{"rendered":"<p data-journey-content=\"true\" data-node-id=\"3\" class=\"css-6wxqfj emevuu60\">Pese a que es su acompa\u00f1ante m\u00e1s habitual, no solemos ver a Marta Carazo tomando el protagonismo en los eventos oficiales.<strong data-node-id=\"3.1\"> La jefa de la Secretar\u00eda de la reina Letizia lleva un papel discreto que hoy no nos ha pasado para nada desapercibido. <\/strong>Asumi\u00f3 este cargo en septiembre de este a\u00f1o despu\u00e9s de Mar\u00eda Dolores Oca\u00f1a, que pidi\u00f3 su despido voluntario por motivos personales solo un a\u00f1o despu\u00e9s de comenzar. El que s\u00ed estuvo 17 a\u00f1os ostentando este puesto fue Jos\u00e9 Manuel Zuleta, que se retir\u00f3 para dejar paso a una nueva etapa en la Casa Real. Y as\u00ed estamos viendo que est\u00e1 ocurriendo.<\/p>\n<p data-journey-content=\"true\" data-node-id=\"6\" class=\"css-6wxqfj emevuu60\">Como no pod\u00eda ser de otra manera, <strong data-node-id=\"6.1\">Carazo no faltaba esta ma\u00f1ana a la recepci\u00f3n del Presidente de la Rep\u00fablica Federal de Alemania<\/strong>, Frank-Walter Steinmeier, acompa\u00f1ado de la Primera Dama, Elke B\u00fcdenbender. Una ceremonia con honores militares que ha tenido lugar en el Palacio Real. Una ocasi\u00f3n donde hemos visto a <a href=\"https:\/\/www.elle.com\/es\/star-style\/el-estilo-de\/a69553334\/reina-letizia-capa-invierno-carolina-herrera-visita-estado-alemania\/\" target=\"_blank\" data-vars-ga-outbound-link=\"https:\/\/www.elle.com\/es\/star-style\/el-estilo-de\/a69553334\/reina-letizia-capa-invierno-carolina-herrera-visita-estado-alemania\/\" data-vars-ga-ux-element=\"Hyperlink\" data-vars-ga-call-to-action=\"una muy elegante reina Letizia recuperar de nuevo su capa de Carolina Herrera\" data-node-id=\"6.3\" class=\"body-link css-103hk4r emevuu60\" rel=\"nofollow noopener\">una muy elegante reina Letizia recuperar de nuevo su capa de Carolina Herrera<\/a>, pero no es el \u00fanico look que ha captado toda nuestra atenci\u00f3n.<\/p>\n<p data-journey-content=\"true\" data-node-id=\"9\" class=\"css-6wxqfj emevuu60\">Ha sido pr\u00e1cticamente imposible no posar nuestra mirada en <strong data-node-id=\"9.1\">las llamativas botas con estampado de Leopardo que luc\u00eda la secretaria de la reina para la ocasi\u00f3n<\/strong>, una tendencia que empezamos a ver en oto\u00f1o y que vemos que durante el invierno va a continuar.<\/p>\n<p>Marta Carazo, la jefa de la Secretar\u00eda de la reina Letizia, sorprende con botas de leopardo tendencia de invierno 2025<\/p>\n<p data-journey-content=\"true\" data-node-id=\"13\" class=\"css-6wxqfj emevuu60\">Marta Carazo demostraba a sus 52 a\u00f1os que es toda una amante de las tendencias apostando por estas botas planas con animal print que hemos visto c\u00f3mo ha combinado con una falda o vestido en marr\u00f3n chocolate de piel. Tanto en este tipo de prendas<a href=\"https:\/\/www.elle.com\/es\/moda\/tendencias\/a67962105\/chaquetas-cazadoras-de-piel-oversize-obsesion-prescriptoras-moda\/\" target=\"_blank\" data-vars-ga-outbound-link=\"https:\/\/www.elle.com\/es\/moda\/tendencias\/a67962105\/chaquetas-cazadoras-de-piel-oversize-obsesion-prescriptoras-moda\/\" data-vars-ga-ux-element=\"Hyperlink\" data-vars-ga-call-to-action=\" como en chaquetas &#039;oversize&#039;, el &#039;efecto piel&#039; se ha convertido en una parte fundamental\" data-node-id=\"13.3\" class=\"body-link css-103hk4r emevuu60\" rel=\"nofollow noopener\"> como en chaquetas &#8216;oversize&#8217;, el &#8216;efecto piel&#8217; se ha convertido en una parte fundamental<\/a> del armario de invierno.<\/p>\n<p data-journey-content=\"true\" data-node-id=\"15\" class=\"css-6wxqfj emevuu60\">Terminaba este look tan actual con un abrigo de pa\u00f1o largo en beige, un bolso marr\u00f3n chocolate colgado del hombro y unas maxi gafas de sol a juego con las botas.<\/p>\n<p><img draggable=\"true\" alt=\"marta carazo secretaria reina letizia\" title=\"Marta Carazo\" loading=\"lazy\" width=\"1280\" height=\"1920\" decoding=\"async\" data-nimg=\"1\" style=\"color:transparent;width:100%;height:auto;\"   src=\"https:\/\/www.europesays.com\/es\/wp-content\/uploads\/2025\/11\/dl-u595669-105-6926f1fa94d92.jpg\" class=\"css-0 e1g79fud0\"\/><\/p>\n<p>Jes\u00fas Briones<\/p>\n<p><img draggable=\"true\" alt=\"marta carazo secretaria reina letizia\" title=\"Marta Carazo\" loading=\"lazy\" width=\"1280\" height=\"1920\" decoding=\"async\" data-nimg=\"1\" style=\"color:transparent;width:100%;height:auto;\"   src=\"https:\/\/www.europesays.com\/es\/wp-content\/uploads\/2025\/11\/dl-u595669-104-6926f1fc30e41.jpg\" class=\"css-0 e1g79fud0\"\/><\/p>\n<p>Jes\u00fas Briones<\/p>\n<p><img draggable=\"true\" alt=\"marta carazo secretaria reina letizia\" title=\"Marta Carazo\" loading=\"lazy\" width=\"1280\" height=\"1920\" decoding=\"async\" data-nimg=\"1\" style=\"color:transparent;width:100%;height:auto;\"   src=\"https:\/\/www.europesays.com\/es\/wp-content\/uploads\/2025\/11\/dl-u595669-021-6926f1fc2fe01.jpg\" class=\"css-0 e1g79fud0\"\/><\/p>\n<p>Jes\u00fas Briones<\/p>\n","protected":false},"excerpt":{"rendered":"Pese a que es su acompa\u00f1ante m\u00e1s habitual, no solemos ver a Marta Carazo tomando el protagonismo en&hellip;\n","protected":false},"author":2,"featured_media":257168,"comment_status":"","ping_status":"","sticky":false,"template":"","format":"standard","meta":{"footnotes":""},"categories":[91],"tags":[253,146,147,25,24,23],"class_list":{"0":"post-257167","1":"post","2":"type-post","3":"status-publish","4":"format-standard","5":"has-post-thumbnail","7":"category-entretenimiento","8":"tag-discover","9":"tag-entertainment","10":"tag-entretenimiento","11":"tag-es","12":"tag-espana","13":"tag-spain"},"share_on_mastodon":{"url":"https:\/\/pubeurope.com\/@es\/115617285504590079","error":""},"_links":{"self":[{"href":"https:\/\/www.europesays.com\/es\/wp-json\/wp\/v2\/posts\/257167","targetHints":{"allow":["GET"]}}],"collection":[{"href":"https:\/\/www.europesays.com\/es\/wp-json\/wp\/v2\/posts"}],"about":[{"href":"https:\/\/www.europesays.com\/es\/wp-json\/wp\/v2\/types\/post"}],"author":[{"embeddable":true,"href":"https:\/\/www.europesays.com\/es\/wp-json\/wp\/v2\/users\/2"}],"replies":[{"embeddable":true,"href":"https:\/\/www.europesays.com\/es\/wp-json\/wp\/v2\/comments?post=257167"}],"version-history":[{"count":0,"href":"https:\/\/www.europesays.com\/es\/wp-json\/wp\/v2\/posts\/257167\/revisions"}],"wp:featuredmedia":[{"embeddable":true,"href":"https:\/\/www.europesays.com\/es\/wp-json\/wp\/v2\/media\/257168"}],"wp:attachment":[{"href":"https:\/\/www.europesays.com\/es\/wp-json\/wp\/v2\/media?parent=257167"}],"wp:term":[{"taxonomy":"category","embeddable":true,"href":"https:\/\/www.europesays.com\/es\/wp-json\/wp\/v2\/categories?post=257167"},{"taxonomy":"post_tag","embeddable":true,"href":"https:\/\/www.europesays.com\/es\/wp-json\/wp\/v2\/tags?post=257167"}],"curies":[{"name":"wp","href":"https:\/\/api.w.org\/{rel}","templated":true}]}}