{"id":257169,"date":"2025-11-26T17:55:12","date_gmt":"2025-11-26T17:55:12","guid":{"rendered":"https:\/\/www.europesays.com\/es\/257169\/"},"modified":"2025-11-26T17:55:12","modified_gmt":"2025-11-26T17:55:12","slug":"este-telefono-de-samsung-cuesta-menos-de-200-y-destroza-a-la-competencia-garantiza-actualizaciones-de-sistema-y-seguridad-hasta-2031-el-universo","status":"publish","type":"post","link":"https:\/\/www.europesays.com\/es\/257169\/","title":{"rendered":"Este tel\u00e9fono de Samsung cuesta menos de $200 y destroza a la competencia: Garantiza actualizaciones de sistema y seguridad hasta 2031 &#8211; El Universo"},"content":{"rendered":"<ol>\n<li><a href=\"https:\/\/news.google.com\/rss\/articles\/CBMilAJBVV95cUxQc2EwZmR0anhEQlRlblNJWUdrQ3d5X2ppT3pkNE9wZ1lfaENsLUFZcW9sRjk5ZHhDdnUyRXl3LThZMTZGLVBaNFcxc2RFcGNBQk5wdmFpMmZLanVwaEpaZTEyZXRvQTJxNDBFc3JvOW9xanhfRGk0SjI3NFlJT3NDZTNMdm1kdHBXWjdJOG1PRXhDNDE0ODZPakRHUEdDbWNVTE1fMlNMSG56ekdvU1ZZdk43eXNOWjBjWFkwbzlhVWtXTGRqalQxMEc3ekxTWmNKZjUxSi02YmltLVREcXFLMDRmRUxZa2tNQU92c19qMWZaMGlzWWN3ZkxESW1GSUNPbmdSb0xqQ1g1SF93VllDczc5U2vSAagCQVVfeXFMUHVUa1FGTG5LZTJsR0V0MHA5VXpxQmlFOHJMQUJSdlV3cHhyc1pmVUFHRTQ1dW5FUjYtRUxqWTlQaGdIV1lRU3daQkNoN0RUUEdCNWJqaGpCRGZYMDg1ZVl6S2RZZnV1NHJiRmV6c1ZnN2RhYVZ5VlJVaDYwcEcwY3VOUXFkanI2T2pWTHkwZ3kxU3BjNC0wVWZsa01nRHlDY1ZUN3J1Q2FXTmY4LXhJb3EwdWRDVk1zUWg5UjUwQWliOWlPS3RNNHFFU3htQk5lVC1nTm54VDl5VUNJV1JrZ0MzY2RzVThDeDF1cm9hRnZVamNRZHRJb3plODlYVXFrOGtzNjdpWHA5c25JSzVPUC1oMGtDMzdFc2NjcjhVa2l3NmpjaXpyOFc?oc=5\" target=\"_blank\" rel=\"nofollow noopener\">Este tel\u00e9fono de Samsung cuesta menos de $200 y destroza a la competencia: Garantiza actualizaciones de sistema y seguridad hasta 2031<\/a>&nbsp;&nbsp;El Universo<\/li>\n<li><a href=\"https:\/\/news.google.com\/rss\/articles\/CBMi-gFBVV95cUxPOTgyYmR5MXFnM1ZINTQxZUczY3JMSWhVM0xSelBaSExmTVJWekhjcWxpN2V5UGpyMnp0YlVDSVpFOUdqMGpkNlR4T0M0SHhXSVhRb2ZnNFp6RnJvcVliMmhJb05SSDgtNzFQZmlCbkZVVUxZNElfOWd2eWdvNG1yb0tzNzVCdFJwbHVQT0F3ejNzeWFSbEVmWmQ2Mmw2VWR3MlF5VU0ycFFTN2pxUXZNVnNvN0RoMTlQb2swYUZuc1ZFMzhURmRrbDlJZ2szbi1tN2h3Ym9zYVM1ajJfdnVNaHFGaGZWSS0yMVpaTFZVaE5fWFR2Mk1PcWVn0gGOAkFVX3lxTE9nZElvdUpFQWJIM3U2Wi1WaG95Z1RiYk12Mk5OT0U0bnRiLWxkWHhLOEROeWJxMEJ5NTVGNVdZNW4wdkI5WVI5NlhOZE1nYm01VzBiTkIwSkUtU2FRVXNrYU1Tb1hPVDlEN0dWUUMtU2tpcHluNjhXTUZlQ04wUjhrdGk2V1VmU3QwMVNDNWQzb1ZvbkhfYm5KV2dZc2pfbF9LQlphZUZmbDRoTWtfanVjVzFsU0tqRkN6UUdUVlM3aW9Mbjh5WVNRRWo0SS1SYU96R3h3ak9NdDVib1luaE91bUpXU19hdXpaSC1WTEdhODA4LUVVQ2QzcEVtYUczTEkxMlR2eFR6VFhKeUxlQQ?oc=5\" target=\"_blank\" rel=\"nofollow noopener\">Si buscas un m\u00f3vil bueno, bonito y barato en el Black Friday, este nuevo Samsung Galaxy con 5G es perfecto<\/a>&nbsp;&nbsp;La Raz\u00f3n<\/li>\n<li><a href=\"https:\/\/news.google.com\/rss\/articles\/CBMiyAFBVV95cUxQN2NUVTJwel91ZmFqRjNMSHg0NFpicHgxbDY3eEZJOENxa2VtLTV6OXBqeEk2ejJ2RVNBMmNOSC1Jc3A4VlROQUsxaVJNSk4yODdjN1VKeV9tNXdWUG52ZjdZbFdVZjdEVFo5cWJuZXJ6aVptR1VSeVZOdFpIVEtaUl83QURmOFlBdnAwajZ2OXY0QWFEb2tVczY1bnM1a1lnd09HZEtFUnNiblE0QmYwUUhRMGFQR1dJajNmQlM4bkl1eTBnRjJjSw?oc=5\" target=\"_blank\" rel=\"nofollow noopener\">El m\u00f3vil m\u00e1s barato de Samsung, con ofert\u00f3n en Samsung.com: 80 euros de descuento y 6 a\u00f1os de soporte<\/a>&nbsp;&nbsp;Andro4all<\/li>\n<li><a href=\"https:\/\/news.google.com\/rss\/articles\/CBMie0FVX3lxTE5iTE14NGZiTW9zSzR6cEl5MVhZVW43ajAxbk15d0Jxcm9yWU9VZ2g5NXlaVGlfMklzanZOMVlFazJNZU4wVFFudmwybjE4emRScjNMLTFaWE53RGhZd0trSDc4T3VWMGxLeFF5Y1pVZnM3LXIyOXE0dEU1OA?oc=5\" target=\"_blank\" rel=\"nofollow noopener\">El Samsung Galaxy A56 5G derriba su precio por el Black Friday: poco m\u00e1s de 200 euros<\/a>&nbsp;&nbsp;AVPasi\u00f3n<\/li>\n<li><a href=\"https:\/\/news.google.com\/rss\/articles\/CBMi5wFBVV95cUxPS1IzT0dOY010bXVKX3FNUE8yd1k4UmdQLW1NV3QxT0FxVUloZ1FHUEJ5bEZaOGUxR1pMM1NKUWdwMEVmSnpLclpsZ2ktZUdqLXIycnBPcnRrSUdBYW1EVjVMcHpEOHFNXzlqYjNMeEVsZnVCY2V5U0FxUldObzM5X1lvYkhWN0VOU0haOWUwMnFTZFNOOUhaaUhXbEhyb0xtTUVwTUl4X0lDc1pBb0pNYy1jam9zakNoRzJjb3dVVmd0YmYwR2Nlb01uM1pwMUpvLVc0NFJfVGRaT1JscEVPc0c0ODVEY2s?oc=5\" target=\"_blank\" rel=\"nofollow noopener\">La Serie Galaxy A se fortalece en Colombia con los A17 y A07: m\u00e1s seguridad, conectividad y hasta seis a\u00f1os de actualizaciones<\/a>&nbsp;&nbsp;samsung.com<\/li>\n<\/ol>\n","protected":false},"excerpt":{"rendered":"Este tel\u00e9fono de Samsung cuesta menos de $200 y destroza a la competencia: Garantiza actualizaciones de sistema y&hellip;\n","protected":false},"author":2,"featured_media":257170,"comment_status":"","ping_status":"","sticky":false,"template":"","format":"standard","meta":{"footnotes":""},"categories":[81],"tags":[119,123,124,25,24,117,121,122,23,118,120],"class_list":{"0":"post-257169","1":"post","2":"type-post","3":"status-publish","4":"format-standard","5":"has-post-thumbnail","7":"category-ciencia-y-tecnologia","8":"tag-ciencia","9":"tag-ciencia-y-tecnologia","10":"tag-cienciaytecnologia","11":"tag-es","12":"tag-espana","13":"tag-science","14":"tag-science-and-technology","15":"tag-scienceandtechnology","16":"tag-spain","17":"tag-technology","18":"tag-tecnologia"},"share_on_mastodon":{"url":"https:\/\/pubeurope.com\/@es\/115617289223086782","error":""},"_links":{"self":[{"href":"https:\/\/www.europesays.com\/es\/wp-json\/wp\/v2\/posts\/257169","targetHints":{"allow":["GET"]}}],"collection":[{"href":"https:\/\/www.europesays.com\/es\/wp-json\/wp\/v2\/posts"}],"about":[{"href":"https:\/\/www.europesays.com\/es\/wp-json\/wp\/v2\/types\/post"}],"author":[{"embeddable":true,"href":"https:\/\/www.europesays.com\/es\/wp-json\/wp\/v2\/users\/2"}],"replies":[{"embeddable":true,"href":"https:\/\/www.europesays.com\/es\/wp-json\/wp\/v2\/comments?post=257169"}],"version-history":[{"count":0,"href":"https:\/\/www.europesays.com\/es\/wp-json\/wp\/v2\/posts\/257169\/revisions"}],"wp:featuredmedia":[{"embeddable":true,"href":"https:\/\/www.europesays.com\/es\/wp-json\/wp\/v2\/media\/257170"}],"wp:attachment":[{"href":"https:\/\/www.europesays.com\/es\/wp-json\/wp\/v2\/media?parent=257169"}],"wp:term":[{"taxonomy":"category","embeddable":true,"href":"https:\/\/www.europesays.com\/es\/wp-json\/wp\/v2\/categories?post=257169"},{"taxonomy":"post_tag","embeddable":true,"href":"https:\/\/www.europesays.com\/es\/wp-json\/wp\/v2\/tags?post=257169"}],"curies":[{"name":"wp","href":"https:\/\/api.w.org\/{rel}","templated":true}]}}