{"id":257175,"date":"2025-11-26T17:58:09","date_gmt":"2025-11-26T17:58:09","guid":{"rendered":"https:\/\/www.europesays.com\/es\/257175\/"},"modified":"2025-11-26T17:58:09","modified_gmt":"2025-11-26T17:58:09","slug":"cuando-el-horizonte-se-oscurece","status":"publish","type":"post","link":"https:\/\/www.europesays.com\/es\/257175\/","title":{"rendered":"\u00abCuando el horizonte se oscurece&#8230;\u00bb"},"content":{"rendered":"<p style=\"\">El que fuera ministro de Transportes <strong>Jos\u00e9 Luis \u00c1balos <\/strong>y su entonces asesor, <strong>Koldo Garc\u00eda<\/strong>, afrontan este jueves la vista en la que <a href=\"https:\/\/www.abc.es\/espana\/juez-mantiene-declaracion-koldo-abalos-jueves-ver-20251125115653-nt.html\" title=\"www.abc.es\" data-voc-vtm-id=\"in-text-traffic\" data-mrf-link=\"www.abc.es\" rel=\"nofollow noopener\" target=\"_blank\">la Fiscal\u00eda Anticorrupci\u00f3n pedir\u00e1 la modificaci\u00f3n de las medidas cautelares<\/a> que se les aplican y que podr\u00eda llevarlos a la  &#8230; <strong>c\u00e1rcel<\/strong>. La decisi\u00f3n la tendr\u00e1 que tomar el juez del Tribunal Supremo Leopoldo Puente.<\/p>\n<p class=\"voc-p\" style=\"\">Anticorrupci\u00f3n atribuye a \u00c1balos y Koldo delitos de<strong> organizaci\u00f3n criminal, cohecho,<\/strong> uso de informaci\u00f3n privilegiada, tr\u00e1fico de influencias y malversaci\u00f3n. De esta forma, solicita 24 a\u00f1os de prisi\u00f3n para el exministro y 19,5 para Garc\u00eda.<\/p>\n<p class=\"voc-p\" style=\"\">La vista de cautelares ha sido solicitada por la Fiscal\u00eda, que pedir\u00e1 su agravamiento, aunque por el momento se desconoce si solicitar\u00e1 <strong>prisi\u00f3n provisional<\/strong>. El <strong>PP<\/strong>, que ejerce la acusaci\u00f3n popular, s\u00ed pedir\u00e1 prisi\u00f3n provisional para ellos por <strong>riesgo de fuga<\/strong>.<\/p>\n<p class=\"voc-p\" style=\"\">A menos de 24 horas de que se celebre la vista, \u00c1balos ha pasado al ataque. El exministro ha asegurado este mi\u00e9rcoles que supo por \u00abfuentes presenciales\u00bb que el presidente del Gobierno, <strong>Pedro S\u00e1nchez,<\/strong> y el ex secretario de Organizaci\u00f3n del PSOE <strong>Santos Cerd\u00e1n<\/strong>, se entrevistaron en 2018 en un caser\u00edo con el l\u00edder de Bildu, <strong>Arnaldo Otegi<\/strong>, en v\u00edsperas de la moci\u00f3n de censura contra Mariano Rajoy. \u00abEsa entrevista existi\u00f3\u00bb, ha escrito en un mensaje de X.<\/p>\n<p class=\"voc-p\" style=\"\">De esta forma, \u00c1balos ha confirmado las <strong>informaciones <\/strong>que se hacen eco de un viaje de Santos Cerd\u00e1n y Pedro S\u00e1nchez al Pa\u00eds Vasco para reunirse con el l\u00edder de Bildu, en el que Koldo Garc\u00eda ejerci\u00f3 de ch\u00f3fer para los dos primeros. Tanto el presidente del Gobierno como Otegi han negado en los \u00faltimos d\u00edas que ese encuentro se hubiera celebrado. <\/p>\n<p>\nPedro Ruiz opina sobre el ataque de \u00c1balos a S\u00e1nchez\n<\/p>\n<p class=\"voc-p\" style=\"\">El nuevo mensaje de \u00c1balos en redes sociales, a tan solo un d\u00eda de la celebraci\u00f3n de la vista de cautelares, ha centrado la <strong>actualidad pol\u00edtica <\/strong>de las \u00faltimas horas. En este sentido, periodistas y tertulianos han aprovechado para opinar sobre el <strong>cambio de estrategia <\/strong>del exministro.<\/p>\n<p class=\"voc-p\" style=\"\">Uno de los \u00faltimos en pronunciarse sobre el ataque de \u00c1balos a S\u00e1nchez ha sido <strong>Pedro Ruiz<\/strong>. El presentador y escritor, quien suele comentar la actualidad de Espa\u00f1a en sus redes sociales, ha querido opinar sobre el \u00faltimo movimiento del diputado del Grupo Mixto.<\/p>\n<p class=\"voc-p\" style=\"\"><strong>\u00ab\u00c1balos teme y comienza a insinuar cosas\u00bb<\/strong>, ha escrito este mi\u00e9rcoles Ruiz, para quien ha sido el temor del exministro a su posible ingreso en prisi\u00f3n lo que le ha llevado a asegurar que S\u00e1nchez y Cerd\u00e1n se reunieron con Otegui antes de la moci\u00f3n de censura a Rajoy.<\/p>\n<p class=\"voc-p\" style=\"\">Para el presentador, la nueva estrategia de \u00c1balos es un <strong>\u00abproceso natural cuando el horizonte se oscurece\u00bb<\/strong>. De esta forma, que el exministro haya preferido no atacar a Pedro S\u00e1nchez a lo largo de estos meses no era m\u00e1s que una t\u00e1ctica, seg\u00fan el escritor. <strong>\u00abDesapareciendo los intereses, se esfuman los afectos\u00bb<\/strong>, ha a\u00f1adido.<\/p>\n<blockquote class=\"twitter-tweet\">\n<p lang=\"es\" dir=\"ltr\">\u00c1balos teme y comienza a insinuar cosas. Es un proceso natural cuando el horizonte se oscurece. Desapareciendo los intereses se esfuman los afectos. Continuar\u00e1.<\/p>\n<p>\u2014 Pedro Ruiz (@ElPedroRuiz) <a href=\"https:\/\/twitter.com\/ElPedroRuiz\/status\/1993675265059463456?ref_src=twsrc%5Etfw\" rel=\"nofollow noopener\" target=\"_blank\">November 26, 2025<\/a><\/p><\/blockquote>\n<p class=\"voc-p\" style=\"\">Con su \u00faltimo mensaje en X, \u00c1balos rompe con el presidente del Gobierno, de quien fuera mano derecha, y con el partido al que ha pertenecido durante m\u00e1s de 20 a\u00f1os. Sin embargo, tan solo se trata del principio, seg\u00fan Ruiz. <strong>\u00abContinuar\u00e1\u00bb<\/strong>, ha advertido el presentador al final de su mensaje.<\/p>\n<p><script async src=\"https:\/\/platform.twitter.com\/widgets.js\" charset=\"utf-8\"><\/script><\/p>\n","protected":false},"excerpt":{"rendered":"El que fuera ministro de Transportes Jos\u00e9 Luis \u00c1balos y su entonces asesor, Koldo Garc\u00eda, afrontan este jueves&hellip;\n","protected":false},"author":2,"featured_media":257176,"comment_status":"","ping_status":"","sticky":false,"template":"","format":"standard","meta":{"footnotes":""},"categories":[8],"tags":[32397,17,18,25,24,13,14,11,19,20,9,10,15,16,1822,5106,23,12,21,22],"class_list":{"0":"post-257175","1":"post","2":"type-post","3":"status-publish","4":"format-standard","5":"has-post-thumbnail","7":"category-espana","8":"tag-abalos","9":"tag-breaking-news","10":"tag-breakingnews","11":"tag-es","12":"tag-espana","13":"tag-featured-news","14":"tag-featurednews","15":"tag-headlines","16":"tag-latest-news","17":"tag-latestnews","18":"tag-news","19":"tag-noticias","20":"tag-noticias-destacadas","21":"tag-noticiasdestacadas","22":"tag-pedro","23":"tag-ruiz","24":"tag-spain","25":"tag-titulares","26":"tag-ultimas-noticias","27":"tag-ultimasnoticias"},"share_on_mastodon":{"url":"https:\/\/pubeurope.com\/@es\/115617300917159480","error":""},"_links":{"self":[{"href":"https:\/\/www.europesays.com\/es\/wp-json\/wp\/v2\/posts\/257175","targetHints":{"allow":["GET"]}}],"collection":[{"href":"https:\/\/www.europesays.com\/es\/wp-json\/wp\/v2\/posts"}],"about":[{"href":"https:\/\/www.europesays.com\/es\/wp-json\/wp\/v2\/types\/post"}],"author":[{"embeddable":true,"href":"https:\/\/www.europesays.com\/es\/wp-json\/wp\/v2\/users\/2"}],"replies":[{"embeddable":true,"href":"https:\/\/www.europesays.com\/es\/wp-json\/wp\/v2\/comments?post=257175"}],"version-history":[{"count":0,"href":"https:\/\/www.europesays.com\/es\/wp-json\/wp\/v2\/posts\/257175\/revisions"}],"wp:featuredmedia":[{"embeddable":true,"href":"https:\/\/www.europesays.com\/es\/wp-json\/wp\/v2\/media\/257176"}],"wp:attachment":[{"href":"https:\/\/www.europesays.com\/es\/wp-json\/wp\/v2\/media?parent=257175"}],"wp:term":[{"taxonomy":"category","embeddable":true,"href":"https:\/\/www.europesays.com\/es\/wp-json\/wp\/v2\/categories?post=257175"},{"taxonomy":"post_tag","embeddable":true,"href":"https:\/\/www.europesays.com\/es\/wp-json\/wp\/v2\/tags?post=257175"}],"curies":[{"name":"wp","href":"https:\/\/api.w.org\/{rel}","templated":true}]}}