{"id":257177,"date":"2025-11-26T17:59:16","date_gmt":"2025-11-26T17:59:16","guid":{"rendered":"https:\/\/www.europesays.com\/es\/257177\/"},"modified":"2025-11-26T17:59:16","modified_gmt":"2025-11-26T17:59:16","slug":"el-dueno-de-el-ventorro-entrega-a-la-jueza-las-fotos-del-reservado-y-la-factura-de-la-comida-de-mazon-y-vilaplana-825-euros-por-cabeza","status":"publish","type":"post","link":"https:\/\/www.europesays.com\/es\/257177\/","title":{"rendered":"El due\u00f1o de El Ventorro entrega a la jueza las fotos del reservado y la factura de la comida de Maz\u00f3n y Vilaplana: 82,5 euros por cabeza"},"content":{"rendered":"<p class=\"article-text\">\n        El due\u00f1o del restaurante El Ventorro, Alfredo Romero, ha aportado a la causa de la dana las im\u00e1genes del reservado del establecimiento en el que comieron Carlos Maz\u00f3n y Maribel Vilaplana el 29 de octubre de 2024. Adem\u00e1s, la jueza instructora ya cuenta con la factura de la pol\u00e9mica comida entre el president y la comunicadora.\n    <\/p>\n<p>    <a href=\"https:\/\/www.eldiario.es\/comunitat-valenciana\/jefe-gabinete-mazon-reconoce-jueza-dana-borro-whatsapps_1_12797304.html\" data-mrf-recirculation=\"saber-mas\" data-dl-event=\"saber-mas\" rel=\"nofollow noopener\" target=\"_blank\"><\/p>\n<p class=\"know-more__title\">El jefe de gabinete de Maz\u00f3n reconoce ante la jueza de la dana que borr\u00f3 sus &#8216;whatsapps&#8217; con \u00e9l<\/p>\n<p>            <img decoding=\"async\" class=\"lazy\" loading=\"lazy\" data-src=\"https:\/\/static.eldiario.es\/clip\/952b2211-b44c-449f-9d11-fcb4f5986af0_16-9-aspect-ratio_default_0_x2449y825.jpg\" src=\"data:image\/svg+xml,%3Csvg xmlns=\" http:=\"\" viewbox=\"0 0 880 495\" alt=\"El jefe de gabinete de Maz\u00f3n reconoce ante la jueza de la dana que borr\u00f3 sus 'whatsapps' con \u00e9l\"\/><\/p>\n<p>                        <\/a><\/p>\n<p class=\"article-text\">\n        Se trata de una factura del restaurante emitida al PP valenciano por dos men\u00fas cerrados, con un importe total de 165 euros. La factura indica que la pareja de comensales comi\u00f3 en la mesa 106.\n    <\/p>\n<p class=\"article-text\">\n        El reservado, seg\u00fan el mapa aportado, ten\u00eda unas dimensiones de 4,43 por 4,65 metros. Tal y como trascendi\u00f3 en la declaraci\u00f3n de Romero, junto a ese espacio existe un aseo\n    <\/p>\n<p>            <img decoding=\"async\" class=\"lazy\" loading=\"lazy\" data-src=\"https:\/\/static.eldiario.es\/clip\/81990da2-a8e4-4641-b051-0a25fda28e34_source-aspect-ratio_default_0.jpg\" src=\"data:image\/svg+xml,%3Csvg xmlns=\" http:=\"\" viewbox=\"0 0 563 871\" alt=\"Duplicado de la factura de la comida de Maz\u00f3n y Vilaplana en El Ventorro, sin hora de cobro\"\/><\/p>\n<p class=\"article-text\">\n        La jueza instructora pretende dilucidar las contradicciones entre las declaraciones del restaurador y de Maribel Vilaplana sobre el tama\u00f1o del reservado. Vilaplana asegur\u00f3 que no escuch\u00f3 las llamadas que mantuvo el president durante el \u00e1gape.\n    <\/p>\n<p>            <img decoding=\"async\" class=\"lazy\" loading=\"lazy\" data-src=\"https:\/\/static.eldiario.es\/clip\/4e10beec-9885-42f9-811c-8f4d340bf48f_16-9-discover-aspect-ratio_default_0.jpg\" src=\"data:image\/svg+xml,%3Csvg xmlns=\" http:=\"\" viewbox=\"0 0 1200 675\" alt=\"Otro \u00e1ngulo del reservado de El Ventorro donde comieron Maz\u00f3n y Vilaplana el d\u00eda de la dana\"\/><\/p>\n<p class=\"article-text\">\n        Romero se prest\u00f3 voluntariamente ante la jueza de la dana a aportar la factura de la comida, las fotos del reservado y el plano del espacio.\n    <\/p>\n<p>            <img decoding=\"async\" class=\"lazy\" loading=\"lazy\" data-src=\"https:\/\/static.eldiario.es\/clip\/0d065d0d-6c86-4826-b07a-f245a6818f99_16-9-discover-aspect-ratio_default_0.jpg\" src=\"data:image\/svg+xml,%3Csvg xmlns=\" http:=\"\" viewbox=\"0 0 1200 675\" alt=\"Plano del reservado de El Ventorro donde comieron Maz\u00f3n y Vilaplana\"\/><\/p>\n<p class=\"article-text\">\n        El empresario explic\u00f3 que la pareja de comensales comi\u00f3 en un reservado situado en un tercer piso del edificio que alberga el establecimiento, por encima del comedor con habitaciones a modo de reservados al que acuden los clientes habituales.\n    <\/p>\n<p>    <a href=\"https:\/\/www.eldiario.es\/comunitat-valenciana\/400-metros-47-minutos-hora-vilaplana-pago-parking-abre-nuevas-incognitas-relato-mazon_1_12795594.html\" data-mrf-recirculation=\"saber-mas-abajo\" data-dl-event=\"saber-mas-abajo\" rel=\"nofollow noopener\" target=\"_blank\"><\/p>\n<p class=\"know-more__title\">400 metros en 47 minutos: la hora a la que Vilaplana pag\u00f3 el parking abre nuevas inc\u00f3gnitas sobre el relato de Maz\u00f3n\n<\/p>\n<p>            <img decoding=\"async\" class=\"lazy\" loading=\"lazy\" data-src=\"https:\/\/static.eldiario.es\/clip\/365f49bd-17f1-4bb5-bfaf-334442a71011_16-9-aspect-ratio_default_0.jpg\" src=\"data:image\/svg+xml,%3Csvg xmlns=\" http:=\"\" viewbox=\"0 0 880 495\" alt=\"400 metros en 47 minutos: la hora a la que Vilaplana pag\u00f3 el parking abre nuevas inc\u00f3gnitas sobre el relato de Maz\u00f3n\"\/><\/p>\n<p>                        <\/a><\/p>\n<p class=\"article-text\">\n        Sin embargo, seg\u00fan dijo el testigo, El Ventorro cuenta con un reservado adicional para comidas de amigos de la casa.\n    <\/p>\n","protected":false},"excerpt":{"rendered":"El due\u00f1o del restaurante El Ventorro, Alfredo Romero, ha aportado a la causa de la dana las im\u00e1genes&hellip;\n","protected":false},"author":2,"featured_media":257178,"comment_status":"","ping_status":"","sticky":false,"template":"","format":"standard","meta":{"footnotes":""},"categories":[5],"tags":[517,2206,1705,17,18,3965,242,25,24,13,14,11,1667,19,20,9,10,15,16,1925,23,12,21,22,235],"class_list":{"0":"post-257177","1":"post","2":"type-post","3":"status-publish","4":"format-standard","5":"has-post-thumbnail","7":"category-titulares","8":"tag-actualidad","9":"tag-alicante","10":"tag-analisis","11":"tag-breaking-news","12":"tag-breakingnews","13":"tag-castellon","14":"tag-comunidad-valenciana","15":"tag-es","16":"tag-espana","17":"tag-featured-news","18":"tag-featurednews","19":"tag-headlines","20":"tag-informacion","21":"tag-latest-news","22":"tag-latestnews","23":"tag-news","24":"tag-noticias","25":"tag-noticias-destacadas","26":"tag-noticiasdestacadas","27":"tag-opinion","28":"tag-spain","29":"tag-titulares","30":"tag-ultimas-noticias","31":"tag-ultimasnoticias","32":"tag-valencia"},"share_on_mastodon":{"url":"https:\/\/pubeurope.com\/@es\/115617304561931405","error":""},"_links":{"self":[{"href":"https:\/\/www.europesays.com\/es\/wp-json\/wp\/v2\/posts\/257177","targetHints":{"allow":["GET"]}}],"collection":[{"href":"https:\/\/www.europesays.com\/es\/wp-json\/wp\/v2\/posts"}],"about":[{"href":"https:\/\/www.europesays.com\/es\/wp-json\/wp\/v2\/types\/post"}],"author":[{"embeddable":true,"href":"https:\/\/www.europesays.com\/es\/wp-json\/wp\/v2\/users\/2"}],"replies":[{"embeddable":true,"href":"https:\/\/www.europesays.com\/es\/wp-json\/wp\/v2\/comments?post=257177"}],"version-history":[{"count":0,"href":"https:\/\/www.europesays.com\/es\/wp-json\/wp\/v2\/posts\/257177\/revisions"}],"wp:featuredmedia":[{"embeddable":true,"href":"https:\/\/www.europesays.com\/es\/wp-json\/wp\/v2\/media\/257178"}],"wp:attachment":[{"href":"https:\/\/www.europesays.com\/es\/wp-json\/wp\/v2\/media?parent=257177"}],"wp:term":[{"taxonomy":"category","embeddable":true,"href":"https:\/\/www.europesays.com\/es\/wp-json\/wp\/v2\/categories?post=257177"},{"taxonomy":"post_tag","embeddable":true,"href":"https:\/\/www.europesays.com\/es\/wp-json\/wp\/v2\/tags?post=257177"}],"curies":[{"name":"wp","href":"https:\/\/api.w.org\/{rel}","templated":true}]}}