{"id":257179,"date":"2025-11-26T18:04:22","date_gmt":"2025-11-26T18:04:22","guid":{"rendered":"https:\/\/www.europesays.com\/es\/257179\/"},"modified":"2025-11-26T18:04:22","modified_gmt":"2025-11-26T18:04:22","slug":"sinner-y-zverev-se-van-juntos-de-vacaciones","status":"publish","type":"post","link":"https:\/\/www.europesays.com\/es\/257179\/","title":{"rendered":"Sinner y Zverev se van juntos de vacaciones"},"content":{"rendered":"<p data-gtm-element-container=\"modulo-texto-link\" class=\"paragraph\">De entre todos los destinos de vacaciones que hay en el mundo, <strong>Jannik Sinner y Alexander Zverev<\/strong> han escogido el mismo, las <strong>Maldivas<\/strong>. De entre todos los d\u00edas posibles para iniciar las vacaciones, ninguno de los dos ha querido perder el tiempo. Por si fuera poco, ambos han elegido tambi\u00e9n el mismo avi\u00f3n.<\/p>\n<p>        Lee tambi\u00e9n<\/p>\n<p>    Marta P\u00e9rez<\/p>\n<p>             <img loading=\"lazy\" decoding=\"async\" data-full-src=\"https:\/\/www.mundodeportivo.com\/uploads\/2025\/10\/25\/68fd1b12ec14d.jpeg\" alt=\"Horizontal\" src=\"https:\/\/www.europesays.com\/es\/wp-content\/uploads\/2025\/11\/1764180259_128_68fd1b12ec14d.jpeg\" class=\"lazy\" width=\"104\" height=\"108\"\/><\/p>\n<p>        Lee tambi\u00e9n<\/p>\n<p>    Iv\u00e1n Ronda<\/p>\n<p>             <img loading=\"lazy\" decoding=\"async\" data-full-src=\"https:\/\/www.mundodeportivo.com\/uploads\/2025\/07\/13\/6873d42149ad6.jpeg\" alt=\"Horizontal\" src=\"https:\/\/www.europesays.com\/es\/wp-content\/uploads\/2025\/11\/6873d42149ad6.r_d.2484-1508.jpeg\" class=\"lazy\" width=\"104\" height=\"108\"\/><\/p>\n<p>        Lee tambi\u00e9n<\/p>\n<p>    Redacci\u00f3n<\/p>\n<p>             <img loading=\"lazy\" decoding=\"async\" data-full-src=\"https:\/\/www.mundodeportivo.com\/uploads\/2025\/11\/24\/6923fb2738a61.jpeg\" alt=\"Horizontal\" src=\"https:\/\/www.europesays.com\/es\/wp-content\/uploads\/2025\/11\/6923fb2738a61.r_d.2805-1870.jpeg\" class=\"lazy\" width=\"104\" height=\"108\"\/><\/p>\n<p data-gtm-element-container=\"modulo-texto-link\" class=\"paragraph\">Pura casualidad, pero tras ser dos de los grandes protagonistas de la temporada 2025, el alem\u00e1n y el italiano han compartido avi\u00f3n este lunes para trasladarse a su destino.<strong> Los dos han compartido su sorpresa por volverse a ver las caras una vez m\u00e1s<\/strong> en un terreno muy distinto a la pista en la que han protagonizado grandes batallas.<\/p>\n<p>                <img loading=\"lazy\" decoding=\"async\" data-full-src=\"https:\/\/www.mundodeportivo.com\/uploads\/2025\/11\/24\/6924a239266f6.jpeg\" alt=\"Sinner y Zverev han coincidido en el avi\u00f3n en el que iniciaban sus vacaciones\" width=\"449\" height=\"798\" src=\"https:\/\/www.europesays.com\/es\/wp-content\/uploads\/2025\/11\/6924a239266f6.jpeg\" class=\"lazy\"\/><\/p>\n<p class=\"caption-title \">Sinner y Zverev han coincidido en el avi\u00f3n en el que iniciaban sus vacaciones<\/p>\n<p>                    Instagram de Alexander Zverev<\/p>\n<p data-gtm-element-container=\"modulo-texto-link\" class=\"paragraph\">Campe\u00f3n de las ATP Finals el pasado 16 de noviembre, en las que precisamente se midi\u00f3 a Zverev en la primera fase,<strong> Sinner renunci\u00f3 a la Copa Davis<\/strong> para alargar el tiempo de descanso antes de la nueva temporada y, tras pasar una primera semana con los suyos y celebrar desde la distancia la victoria de Italia, ha iniciado este lunes el traslado a su destino vacacional, Maldivas. Tiene previsto empezar la pretemporada a inicios de diciembre.<\/p>\n<p data-gtm-element-container=\"modulo-texto-link\" class=\"paragraph\">Por su parte, <strong>Zverev s\u00ed estuvo este fin de semana<\/strong> en el torneo universal por equipos con una Alemania que fue derrotada en semifinales por Espa\u00f1a a pesar del buen hacer de su l\u00edder. Sin tiempo que perder, este mismo lunes ha dado por iniciadas sus vacaciones. Tiene previsto iniciar la temporada dentro de poco m\u00e1s de un mes, en la United Cup que la abrir\u00e1 la primera semana.<\/p>\n<p data-gtm-element-container=\"modulo-texto-link\" class=\"paragraph\">Zverev ha compartido una foto junto a Sinner de su viaje y un mensaje simp\u00e1tico. <strong>\u00abSupongo que ahora empieza la temporada de las Maldivas para todo el mundo, \u00bfno?\u00bb<\/strong>, ha bromeado en las redes sociales tras la coincidencia. L\u00f3gicamente, los dos han separado sus caminos tras llegar a su destino, pero es muy probable que los vuelvan a juntar de nuevo en unas semanas para verse las caras en m\u00e1s torneos.<\/p>\n","protected":false},"excerpt":{"rendered":"De entre todos los destinos de vacaciones que hay en el mundo, Jannik Sinner y Alexander Zverev han&hellip;\n","protected":false},"author":2,"featured_media":257180,"comment_status":"","ping_status":"","sticky":false,"template":"","format":"standard","meta":{"footnotes":""},"categories":[274],"tags":[168,25,24,23,167,327,326],"class_list":{"0":"post-257179","1":"post","2":"type-post","3":"status-publish","4":"format-standard","5":"has-post-thumbnail","7":"category-tenis","8":"tag-deportes","9":"tag-es","10":"tag-espana","11":"tag-spain","12":"tag-sports","13":"tag-tenis","14":"tag-tennis"},"share_on_mastodon":{"url":"https:\/\/pubeurope.com\/@es\/115617324991103964","error":""},"_links":{"self":[{"href":"https:\/\/www.europesays.com\/es\/wp-json\/wp\/v2\/posts\/257179","targetHints":{"allow":["GET"]}}],"collection":[{"href":"https:\/\/www.europesays.com\/es\/wp-json\/wp\/v2\/posts"}],"about":[{"href":"https:\/\/www.europesays.com\/es\/wp-json\/wp\/v2\/types\/post"}],"author":[{"embeddable":true,"href":"https:\/\/www.europesays.com\/es\/wp-json\/wp\/v2\/users\/2"}],"replies":[{"embeddable":true,"href":"https:\/\/www.europesays.com\/es\/wp-json\/wp\/v2\/comments?post=257179"}],"version-history":[{"count":0,"href":"https:\/\/www.europesays.com\/es\/wp-json\/wp\/v2\/posts\/257179\/revisions"}],"wp:featuredmedia":[{"embeddable":true,"href":"https:\/\/www.europesays.com\/es\/wp-json\/wp\/v2\/media\/257180"}],"wp:attachment":[{"href":"https:\/\/www.europesays.com\/es\/wp-json\/wp\/v2\/media?parent=257179"}],"wp:term":[{"taxonomy":"category","embeddable":true,"href":"https:\/\/www.europesays.com\/es\/wp-json\/wp\/v2\/categories?post=257179"},{"taxonomy":"post_tag","embeddable":true,"href":"https:\/\/www.europesays.com\/es\/wp-json\/wp\/v2\/tags?post=257179"}],"curies":[{"name":"wp","href":"https:\/\/api.w.org\/{rel}","templated":true}]}}