{"id":257187,"date":"2025-11-26T18:12:15","date_gmt":"2025-11-26T18:12:15","guid":{"rendered":"https:\/\/www.europesays.com\/es\/257187\/"},"modified":"2025-11-26T18:12:15","modified_gmt":"2025-11-26T18:12:15","slug":"la-impunidad-de-los-cargos-publicos-es-infinita-estos-senores-que-critican-tanto-deberian-dar-un-repaso-a-sus-cadenas-para-ver-el-nivel-de-pluralidad","status":"publish","type":"post","link":"https:\/\/www.europesays.com\/es\/257187\/","title":{"rendered":"La impunidad de los cargos p\u00fablicos es infinita. Estos se\u00f1ores que critican tanto deber\u00edan dar un repaso a sus cadenas para ver el nivel de pluralidad"},"content":{"rendered":"<p data-gtm-element-container=\"modulo-texto-link\" class=\"paragraph\">Este mi\u00e9rcoles 26 de noviembre, el <strong>Gran Teatre del Liceu de Barcelona<\/strong> se vesti\u00f3 de gala para la entrega de los Premios Ondas, un referente y punto de encuentro para el talento de la radio, televisi\u00f3n y publicidad nacional e internacional. Uno de los premiados de la gala fue <strong>El Gran Wyoming<\/strong>, que atendi\u00f3 a los medios presentes.<\/p>\n<p data-gtm-element-container=\"modulo-texto-link\" class=\"paragraph\">Seg\u00fan \u00e9l mismo reconoce a &#8216;Mundo Deportivo&#8217;, el premio lo llena de orgullo. \u00abNo soy una persona especialmente humilde, <strong>creo que es un premio merecid\u00edsimo<\/strong>\u00ab, se\u00f1al\u00f3, aunque aclar\u00f3 que, en realidad, se trata de un reconocimiento al programa que presenta. \u00abTodo el mundo cree que <strong>la cara visible es el programa<\/strong>\u00ab, explic\u00f3.<\/p>\n<p>                <img loading=\"lazy\" decoding=\"async\" data-full-src=\"https:\/\/www.mundodeportivo.com\/uploads\/2025\/11\/26\/69272b4f4c3d5.jpeg\" alt=\"El Gran Wyoming\" width=\"449\" height=\"299\" src=\"https:\/\/www.europesays.com\/es\/wp-content\/uploads\/2025\/11\/69272b4f4c3d5.jpeg\" class=\"lazy\"\/><\/p>\n<p class=\"caption-title \">El Gran Wyoming<\/p>\n<p>                    Jose Irun<\/p>\n<p data-gtm-element-container=\"modulo-texto-link\" class=\"paragraph\">Wyoming insisti\u00f3 en que su papel como presentador no implica responsabilidad total sobre el contenido. \u00abYo cumplo una funci\u00f3n ah\u00ed, pero<strong> no tengo que ver con el contenido ni soy el director, que son los que se pegan el curro real<\/strong>\u00ab, afirm\u00f3, destacando el esfuerzo del equipo que, en sus 20 a\u00f1os de emisi\u00f3n, no ha difundido \u00abni una sola mentira\u00bb.<\/p>\n<p data-gtm-element-container=\"modulo-texto-link\" class=\"paragraph\">Finalmente, Wyoming enfatiz\u00f3 que los <strong>premios individuales no deber\u00edan eclipsar el trabajo colectivo detr\u00e1s de las c\u00e1maras<\/strong>. Con su equipo, destac\u00f3, han logrado mantener un est\u00e1ndar de rigor y veracidad durante dos d\u00e9cadas. Este reconocimiento, dijo, es un homenaje a la integridad period\u00edstica y al esfuerzo constante de quienes se dedican a informar con responsabilidad.<\/p>\n<p>                <img loading=\"lazy\" decoding=\"async\" data-full-src=\"https:\/\/www.mundodeportivo.com\/uploads\/2025\/11\/26\/69272b6f90c26.jpeg\" alt=\"El Gran Wyoming\" width=\"449\" height=\"674\" src=\"https:\/\/www.europesays.com\/es\/wp-content\/uploads\/2025\/11\/69272b6f90c26.jpeg\" class=\"lazy\"\/><\/p>\n<p class=\"caption-title \">El Gran Wyoming<\/p>\n<p>                    Jose Ir\u00fan<\/p>\n<p data-gtm-element-container=\"modulo-texto-link\" class=\"paragraph\">El madrile\u00f1o critic\u00f3 duramente a quienes, seg\u00fan \u00e9l, traspasan \u00ab<strong>las l\u00edneas rojas<\/strong>\u00bb de la informaci\u00f3n. Mencion\u00f3 la difusi\u00f3n de noticias falsas sobre reuniones pol\u00edticas recientes, asegurando que \u00ab<strong>les da todo igua<\/strong>l\u00bb y cuestionando la postura de algunos pol\u00edticos que consideran que la mentira \u00abno es un delito\u00bb, dejando entrever la importancia de la \u00e9tica period\u00edstica y la responsabilidad p\u00fablica.<\/p>\n<p>    Lee tambi\u00e9n<\/p>\n<p data-gtm-element-container=\"modulo-texto-link\" class=\"paragraph\">Para el presentador, la mentira y la difamaci\u00f3n no deben ser vistas como actos sin consecuencias. \u00ab<strong>La mentira es y debe ser siempre un delito<\/strong>. La difamaci\u00f3n y los infundios pueden acabar con la vida de la gente. Para el resto de los mortales, es el nivel de decencia que uno se marca\u00bb, se\u00f1al\u00f3, reafirmando su compromiso con un periodismo honesto.<\/p>\n","protected":false},"excerpt":{"rendered":"Este mi\u00e9rcoles 26 de noviembre, el Gran Teatre del Liceu de Barcelona se vesti\u00f3 de gala para la&hellip;\n","protected":false},"author":2,"featured_media":257188,"comment_status":"","ping_status":"","sticky":false,"template":"","format":"standard","meta":{"footnotes":""},"categories":[171],"tags":[146,147,25,24,23,214],"class_list":{"0":"post-257187","1":"post","2":"type-post","3":"status-publish","4":"format-standard","5":"has-post-thumbnail","7":"category-tv","8":"tag-entertainment","9":"tag-entretenimiento","10":"tag-es","11":"tag-espana","12":"tag-spain","13":"tag-tv"},"share_on_mastodon":{"url":"","error":""},"_links":{"self":[{"href":"https:\/\/www.europesays.com\/es\/wp-json\/wp\/v2\/posts\/257187","targetHints":{"allow":["GET"]}}],"collection":[{"href":"https:\/\/www.europesays.com\/es\/wp-json\/wp\/v2\/posts"}],"about":[{"href":"https:\/\/www.europesays.com\/es\/wp-json\/wp\/v2\/types\/post"}],"author":[{"embeddable":true,"href":"https:\/\/www.europesays.com\/es\/wp-json\/wp\/v2\/users\/2"}],"replies":[{"embeddable":true,"href":"https:\/\/www.europesays.com\/es\/wp-json\/wp\/v2\/comments?post=257187"}],"version-history":[{"count":0,"href":"https:\/\/www.europesays.com\/es\/wp-json\/wp\/v2\/posts\/257187\/revisions"}],"wp:featuredmedia":[{"embeddable":true,"href":"https:\/\/www.europesays.com\/es\/wp-json\/wp\/v2\/media\/257188"}],"wp:attachment":[{"href":"https:\/\/www.europesays.com\/es\/wp-json\/wp\/v2\/media?parent=257187"}],"wp:term":[{"taxonomy":"category","embeddable":true,"href":"https:\/\/www.europesays.com\/es\/wp-json\/wp\/v2\/categories?post=257187"},{"taxonomy":"post_tag","embeddable":true,"href":"https:\/\/www.europesays.com\/es\/wp-json\/wp\/v2\/tags?post=257187"}],"curies":[{"name":"wp","href":"https:\/\/api.w.org\/{rel}","templated":true}]}}