{"id":257189,"date":"2025-11-26T18:13:13","date_gmt":"2025-11-26T18:13:13","guid":{"rendered":"https:\/\/www.europesays.com\/es\/257189\/"},"modified":"2025-11-26T18:13:13","modified_gmt":"2025-11-26T18:13:13","slug":"4-non-blondes-en-su-gira-de-reunion-y-hoobastank-se-suman-al-cartel-de-rock-in-rio-lisboa-que-encabezan-linkin-park-y-rod-stewart-entre-otros","status":"publish","type":"post","link":"https:\/\/www.europesays.com\/es\/257189\/","title":{"rendered":"4 Non Blondes en su gira de reuni\u00f3n y Hoobastank se suman al cartel de Rock In Rio Lisboa, que encabezan Linkin Park y Rod Stewart entre otros"},"content":{"rendered":"<p data-start=\"138\" data-end=\"610\">Con <a target=\"_blank\" href=\"https:\/\/mariskalrock.com\/noticias\/linkin-park-confirmados-en-rock-in-rio-lisboa-como-primer-cabeza-de-cartel-para-2026\/\" rel=\"nofollow noopener\"><strong data-start=\"142\" data-end=\"157\">Linkin Park<\/strong><\/a> y<a target=\"_blank\" href=\"https:\/\/mariskalrock.com\/actualidad\/rod-stewart-encabezara-el-dia-de-las-leyendas-del-rock-in-rio-lisboa-junto-a-la-banda-de-rock-mas-famosa-de-portugal-y-compartiendo-cartel-con-linkin-park\/\" rel=\"nofollow noopener\"> <strong data-start=\"160\" data-end=\"175\">Rod Stewart<\/strong><\/a> encabezando el cartel, nada pod\u00eda salir mal, pero el <strong data-start=\"229\" data-end=\"262\"><a target=\"_blank\" href=\"https:\/\/rockinriolisboa.pt\/es\/home?srsltid=AfmBOoq8iz6Xu-a_iapt0KNl7MK8fF_dHncHgQ-p0zksAvrfQI9oLUaK\" rel=\"nofollow noopener\">Rock In Rio Lisboa<\/a> (Portugal)<\/strong>, que se celebrar\u00e1 los pr\u00f3ximos <strong data-start=\"294\" data-end=\"330\">20, 21, 27 y 28 de junio de 2026<\/strong> en el <strong data-start=\"337\" data-end=\"352\">Parque Tejo<\/strong>, no deja de sorprender. Ahora, acaba de anunciar la incorporaci\u00f3n de <strong data-start=\"422\" data-end=\"439\">4 Non Blondes<\/strong>, <strong data-start=\"441\" data-end=\"455\">Hoobastank<\/strong>, <strong data-start=\"457\" data-end=\"471\">Joss Stone<\/strong> y <strong data-start=\"474\" data-end=\"495\">Blasted Mechanism<\/strong>, entre otras bandas. Las entradas del festival, excepto las del d\u00eda 28, ya est\u00e1n disponibles <a target=\"_blank\" href=\"https:\/\/feverup.com\/m\/371468?thm=4755\" rel=\"nofollow noopener\"><strong>en este enlace<\/strong><\/a>.<\/p>\n<p data-start=\"612\" data-end=\"1180\">Tras d\u00e9cadas alejados de los escenarios, <strong>4 Non Blondes<\/strong> est\u00e1 de vuelta con una hist\u00f3rica gira de reuni\u00f3n. La banda estadounidense, que ha tocado junto a gigantes como <strong data-start=\"292\" data-end=\"305\">Aerosmith<\/strong>, <strong data-start=\"307\" data-end=\"321\">Neil Young<\/strong> y <strong data-start=\"324\" data-end=\"337\">Pearl Jam<\/strong>, completar\u00e1 la programaci\u00f3n del <strong data-start=\"370\" data-end=\"385\">27 de junio<\/strong>, ofreciendo un concierto que marcar\u00e1 un hito en su carrera durante el <strong data-start=\"456\" data-end=\"473\">\u201cLegends Day\u201d<\/strong>, donde los asistentes podr\u00e1n disfrutar de su aclamado cl\u00e1sico <strong data-start=\"536\" data-end=\"551\">\u00abWhat&#8217;s Up\u00bb<\/strong>.<\/p>\n<p style=\"text-align: center;\" data-start=\"612\" data-end=\"1180\"><a target=\"_blank\" href=\"https:\/\/www.europesays.com\/es\/wp-content\/uploads\/2025\/11\/rock-in-rio-legends-day-cartel-web.jpg\"><img fetchpriority=\"high\" decoding=\"async\" class=\"alignnone size-full wp-image-378621\" src=\"https:\/\/www.europesays.com\/es\/wp-content\/uploads\/2025\/11\/rock-in-rio-legends-day-cartel-web.jpg\" alt=\"\" width=\"700\" height=\"700\"  \/><\/a><\/p>\n<p data-start=\"612\" data-end=\"1180\">Este d\u00eda, encabezado por Rod Stewart, est\u00e1 reservado a esos artistas que marcaron generaciones y que ahora vuelven a ganar espacio en las playlists de las nuevas audiencias. Adem\u00e1s, esto no termina aqu\u00ed, porque se unir\u00e1 a ellos el poderoso y aut\u00e9ntico soul de <strong data-start=\"1163\" data-end=\"1177\">Joss Stone<\/strong>.<\/p>\n<p data-start=\"1182\" data-end=\"1867\">Pero si tu melancol\u00eda apunta m\u00e1s hacia la escena alternativa de los 2000, tranquilo, porque <strong>Hoobastank<\/strong> regresan a <strong data-start=\"240\" data-end=\"252\">Portugal<\/strong>, acompa\u00f1ados de su inconfundible himno <strong data-start=\"292\" data-end=\"308\">\u00abThe Reason\u00bb<\/strong>, uni\u00e9ndose al <strong data-start=\"323\" data-end=\"347\">Escenario Super Bock<\/strong> y trayendo consigo la energ\u00eda y la nostalgia que marcaron generaciones enteras.<\/p>\n<p style=\"text-align: center;\" data-start=\"1182\" data-end=\"1867\"><a target=\"_blank\" href=\"https:\/\/www.europesays.com\/es\/wp-content\/uploads\/2025\/11\/rock-in-rio-rock-day-cartel-web.jpg\"><img loading=\"lazy\" decoding=\"async\" class=\"alignnone size-full wp-image-378622\" src=\"https:\/\/www.europesays.com\/es\/wp-content\/uploads\/2025\/11\/rock-in-rio-rock-day-cartel-web.jpg\" alt=\"\" width=\"700\" height=\"700\"  \/><\/a><\/p>\n<p data-start=\"1182\" data-end=\"1867\">La agrupaci\u00f3n estadounidense, al igual que Linkin Park, estar\u00e1 ofreciendo su m\u00fasica el d\u00eda <strong data-start=\"523\" data-end=\"538\">21 de junio<\/strong>, donde tambi\u00e9n estar\u00e1n <strong data-start=\"562\" data-end=\"583\">Blasted Mechanism<\/strong>, con su fusi\u00f3n de rock alternativo, electr\u00f3nica y elementos musicales tradicionales. Si a\u00fan no te ha parecido suficiente, durante este d\u00eda, una de las bandas m\u00e1s emblem\u00e1ticas del punk rock portugu\u00e9s, <strong data-start=\"784\" data-end=\"800\">Tara Perdida<\/strong>, celebrar\u00e1 sobre las tablas su legado en la m\u00fasica portuguesa.<\/p>\n<blockquote class=\"instagram-media\" style=\"background: #FFF; border: 0; border-radius: 3px; box-shadow: 0 0 1px 0 rgba(0,0,0,0.5),0 1px 10px 0 rgba(0,0,0,0.15); margin: 1px; max-width: 540px; min-width: 326px; padding: 0; width: calc(100% - 2px);\" data-instgrm-captioned=\"\" data-instgrm-permalink=\"https:\/\/www.instagram.com\/p\/DRcssWQiPsI\/?utm_source=ig_embed&amp;utm_campaign=loading\" data-instgrm-version=\"14\">\n<\/blockquote>\n<p data-start=\"1869\" data-end=\"2516\">Con Linkin Park, <strong data-start=\"1890\" data-end=\"1906\">Cypress Hill<\/strong>, <strong data-start=\"1908\" data-end=\"1920\">Grandson<\/strong>, <strong data-start=\"1922\" data-end=\"1939\">Kaiser Chiefs<\/strong> y ahora Hoobastank, <strong data-start=\"1964\" data-end=\"1985\">Blasted Mechanism<\/strong> y Tara Perdida ya confirmados, junto al elegante e ic\u00f3nico \u00abLegends Day\u00bb, el Rock In Rio se consolida como un festival imperdible para los amantes del rock. Si est\u00e1s barajando la posibilidad de ir al pa\u00eds vecino a disfrutar de una buena dosis de m\u00fasica, ya est\u00e1 a la venta un pack exclusivo en m\u00e1s de 130 tiendas <a target=\"_blank\" href=\"https:\/\/rockinriolisboa.pt\/es\/worten?srsltid=AfmBOorLmF5YMIPNHN3reZWy4dIvxFG7Mea3caaOV-r_hhF-sogYdIWA\" rel=\"nofollow noopener\"><strong>Worten y en worten.pt<\/strong><\/a>, que incluye un vale canjeable por una entrada diaria a elecci\u00f3n (20, 21, 27 o 28 de junio) y una camiseta Rock in Rio disponible en tres modelos \u00fanicos.<\/p>\n<p>                         <a target=\"_blank\" href=\"http:\/\/www.mariskalrock.com\" class=\"url\" title=\"Alfonso Herreros\" rel=\"nofollow noopener\"> <img loading=\"lazy\" decoding=\"async\" alt=\"Alfonso Herreros\" src=\"https:\/\/www.europesays.com\/es\/wp-content\/uploads\/2025\/11\/1764180793_960_26c6e9bbf17d5bd012e077614c37eae6ad0f217989dda0aede0e4c1fcfe3ae72\"  class=\"avatar avatar-250 photo\" height=\"250\" width=\"250\"\/><\/a>  <a href=\"http:\/\/www.mariskalrock.com\" class=\"url\" target=\"_blank\" title=\"Alfonso Herreros\" rel=\"nofollow noopener\"><img loading=\"lazy\" decoding=\"async\" alt=\"Alfonso Herreros\" src=\"https:\/\/www.europesays.com\/es\/wp-content\/uploads\/2025\/11\/1764180793_960_26c6e9bbf17d5bd012e077614c37eae6ad0f217989dda0aede0e4c1fcfe3ae72\"  class=\"avatar avatar-250 photo\" height=\"250\" width=\"250\"\/><\/a>\u00daltimas entradas de Alfonso Herreros (<a target=\"_blank\" href=\"https:\/\/mariskalrock.com\/author\/alfonso-herreros\/\" rel=\"nofollow noopener\">ver todo<\/a>)  <\/p>\n<p>\t\t\t\t<script async src=\"\/\/www.instagram.com\/embed.js\"><\/script><\/p>\n","protected":false},"excerpt":{"rendered":"Con Linkin Park y Rod Stewart encabezando el cartel, nada pod\u00eda salir mal, pero el Rock In Rio&hellip;\n","protected":false},"author":2,"featured_media":257190,"comment_status":"","ping_status":"","sticky":false,"template":"","format":"standard","meta":{"footnotes":""},"categories":[170],"tags":[64555,64556,146,147,25,24,64557,64558,184,185,35322,23],"class_list":{"0":"post-257189","1":"post","2":"type-post","3":"status-publish","4":"format-standard","5":"has-post-thumbnail","7":"category-musica","8":"tag-4-non-blondes","9":"tag-blasted-mechanism","10":"tag-entertainment","11":"tag-entretenimiento","12":"tag-es","13":"tag-espana","14":"tag-hoobastank","15":"tag-joss-stone","16":"tag-music","17":"tag-musica","18":"tag-rod-stewart","19":"tag-spain"},"share_on_mastodon":{"url":"https:\/\/pubeurope.com\/@es\/115617360609887397","error":""},"_links":{"self":[{"href":"https:\/\/www.europesays.com\/es\/wp-json\/wp\/v2\/posts\/257189","targetHints":{"allow":["GET"]}}],"collection":[{"href":"https:\/\/www.europesays.com\/es\/wp-json\/wp\/v2\/posts"}],"about":[{"href":"https:\/\/www.europesays.com\/es\/wp-json\/wp\/v2\/types\/post"}],"author":[{"embeddable":true,"href":"https:\/\/www.europesays.com\/es\/wp-json\/wp\/v2\/users\/2"}],"replies":[{"embeddable":true,"href":"https:\/\/www.europesays.com\/es\/wp-json\/wp\/v2\/comments?post=257189"}],"version-history":[{"count":0,"href":"https:\/\/www.europesays.com\/es\/wp-json\/wp\/v2\/posts\/257189\/revisions"}],"wp:featuredmedia":[{"embeddable":true,"href":"https:\/\/www.europesays.com\/es\/wp-json\/wp\/v2\/media\/257190"}],"wp:attachment":[{"href":"https:\/\/www.europesays.com\/es\/wp-json\/wp\/v2\/media?parent=257189"}],"wp:term":[{"taxonomy":"category","embeddable":true,"href":"https:\/\/www.europesays.com\/es\/wp-json\/wp\/v2\/categories?post=257189"},{"taxonomy":"post_tag","embeddable":true,"href":"https:\/\/www.europesays.com\/es\/wp-json\/wp\/v2\/tags?post=257189"}],"curies":[{"name":"wp","href":"https:\/\/api.w.org\/{rel}","templated":true}]}}