{"id":257191,"date":"2025-11-26T18:14:09","date_gmt":"2025-11-26T18:14:09","guid":{"rendered":"https:\/\/www.europesays.com\/es\/257191\/"},"modified":"2025-11-26T18:14:09","modified_gmt":"2025-11-26T18:14:09","slug":"el-terror-vivira-por-siempre-ya-esta-en-marcha-el-festival-buenos-aires-rojo-sangre","status":"publish","type":"post","link":"https:\/\/www.europesays.com\/es\/257191\/","title":{"rendered":"\u201cEl terror vivir\u00e1 por siempre\u201d: ya est\u00e1 en marcha el Festival Buenos Aires Rojo Sangre"},"content":{"rendered":"<p><img alt=\"&quot;Abraham\u00b4s Boys: A Dracula Story&quot;,\" class=\"global-image\" decoding=\"async\" fetchpriority=\"high\" height=\"1080\" loading=\"eager\" src=\"https:\/\/www.europesays.com\/es\/wp-content\/uploads\/2025\/11\/5Z7KLOYLOZBGPPCWNMU2KX76LY.jpg\" width=\"1440\"\/>\u00abAbraham\u00b4s Boys: A Dracula Story\u00bb, dirigida por Natasha Kermani. Elenco: Titus Welliver, Brady Hepner y Judah Mackey<\/p>\n<p class=\"paragraph\">Ya est\u00e1 en marcha la edici\u00f3n n\u00famero 26 del<b> Festival Buenos Aires Rojo Sangre <\/b>\u2014comenz\u00f3 el 20 de noviembre y concluye el 30\u2014, ciclo ya consolidado como un hito en la cultura porte\u00f1a, al igual que el BAFICI, al ofrecer un espacio donde el cine de terror, la ciencia ficci\u00f3n y lo bizarro encuentran su identidad propia. Para <b>Eli\u00e1n Aguilar<\/b>, organizador del festival, este evento es mucho m\u00e1s que una cita anual: \u201cLa idea del Festival Buenos Aires Rojo Sangre est\u00e1 anclada en los que andamos por la ciudad de Buenos Aires, como est\u00e1 anclado el BAFICI o como est\u00e1n anclados otros festivales de nuestra identidad cultural\u201d.<\/p>\n<p class=\"paragraph\">La historia del cine de g\u00e9nero en Argentina, marcada por la falta de conservaci\u00f3n y la p\u00e9rdida de obras fundamentales, es un tema recurrente en la conversaci\u00f3n. Aguilar record\u00f3: \u201cAyer pasamos la segunda funci\u00f3n de la versi\u00f3n restaurada de <b>Una luz en la ventana<\/b>, una pel\u00edcula de 1942 recuperada por Lumiton, que para muchos es la primera pel\u00edcula de terror argentina con <b>Narciso Ib\u00e1\u00f1ez Menta<\/b>. La vimos poco porque se perdi\u00f3 mucho por esta falta de cinemateca que tenemos en el pa\u00eds\u201d. Esta carencia, seg\u00fan Aguilar, ha hecho que parte de la huella identitaria del g\u00e9nero se diluya, aunque el festival y figuras como <b>Daniel de la Vega<\/b> han sostenido la llama durante d\u00e9cadas.<\/p>\n<p class=\"paragraph\">De la Vega, director de cine y referente del g\u00e9nero, subray\u00f3 la importancia de aceptar las sombras colectivas: \u201cMe parece superleg\u00edtimo y fundamentalmente porque tenemos que estar como sociedad en paz con nuestras sombras. O sea, es indispensable estar, reconocerlas y aceptarlas, no negarlas\u201d. El festival, seg\u00fan \u00e9l, es un espacio de encuentro intergeneracional: \u201cEs un espacio de encuentro permanente para un mont\u00f3n de personas que amamos este tipo de pel\u00edculas, que nos encontramos y nos intercambiamos conceptos, ideas y bueno, y mucho afecto porque es un espacio de encuentro\u201d.<\/p>\n<p class=\"paragraph\">La pel\u00edcula que De la Vega presenta este a\u00f1o, <b>Los ojos del abismo<\/b>, explora la guerra de Malvinas desde el terror, utilizando el g\u00e9nero como veh\u00edculo para abordar heridas hist\u00f3ricas: \u201cLa narraci\u00f3n est\u00e1 circunscripta al universo de Malvinas. Lo que me gusta mucho de la pel\u00edcula es precisamente que es una obra de g\u00e9nero, pero que gira en torno a algo que nos pas\u00f3 y una cicatriz que no est\u00e1 cerrada\u201d, explic\u00f3. El director considera que el terror es un soporte ideal para llegar a p\u00fablicos que desconocen ciertos episodios de la historia argentina: \u201cSiempre digo que el g\u00e9nero es, es lo ideal, el soporte de ideas perfecto para llegar a un p\u00fablico que por ah\u00ed no conoce y que le interesa esa forma de contar\u201d.<\/p>\n<p class=\"paragraph\">La evoluci\u00f3n tecnol\u00f3gica ha transformado radicalmente la producci\u00f3n y exhibici\u00f3n de cine de g\u00e9nero. Aguilar describi\u00f3 el cambio: \u201cEl cine es el medio que m\u00e1s cambi\u00f3 en los \u00faltimos veinticinco a\u00f1os. Nosotros cuando arrancamos con el festival se hac\u00edan f\u00edlmico las cosas. Vos ten\u00edas como una c\u00e1mara de fotos, hacer algo con un material fotosensible ten\u00edas que ir a revelar, ver si hab\u00eda salido bien, editarlo aparte y tener una m\u00e1quina espec\u00edfica para pasarlo. Hoy se hacen pel\u00edculas con un celular\u201d. Esta transformaci\u00f3n ha permitido que nuevas generaciones accedan a la producci\u00f3n, aunque los recursos siguen siendo escasos. De la Vega fue contundente: \u201cSinceramente, hay que decirlo, tenemos un Estado ausente por parte del INCAA. O sea, el INCAA no nos est\u00e1 acompa\u00f1ando y los productores estamos un poco a merced del destino. Por eso la tecnolog\u00eda hoy es clave para poder de alguna manera lograr un marco de calidad que no podemos pagar\u201d.<\/p>\n<p><img alt=\"El festival proyecta cl\u00e1sicos como\" class=\"global-image\" decoding=\"async\" fetchpriority=\"low\" height=\"1350\" loading=\"lazy\" src=\"https:\/\/www.europesays.com\/es\/wp-content\/uploads\/2025\/11\/RLEKSE5HORDABBWDT6FOJYL4JA.jpg\" width=\"2400\"\/>El festival proyecta cl\u00e1sicos como \u00abEl d\u00eda de la bestia\u00bb<\/p>\n<p class=\"paragraph\">El festival, seg\u00fan Aguilar, ha sido testigo de una transici\u00f3n desde la imitaci\u00f3n de modelos extranjeros hacia la construcci\u00f3n de una identidad propia: \u201cLo que vi fue una evoluci\u00f3n de dejar de contar imitaciones de cine de afuera de Estados Unidos para hacer las nuestras, porque es natural. Nosotros nacimos en los ochenta con pel\u00edculas que nos dec\u00edan el quarterback del equipo es el protagonista. Las porristas, por ejemplo, y ac\u00e1 no exist\u00eda eso. Y sin embargo, es una batalla cultural que para m\u00ed s\u00ed perdimos y que hubo que construir todo un bagaje propio. Y hoy estamos encontrando esas cosas donde hay un poco de horror rural, un poco de miedo palermitano, un poco de zombis&#8230; Es la \u00fanica manera que vos cre\u00e1s tu propia identidad\u201d.<\/p>\n<p class=\"paragraph\">La programaci\u00f3n de esta edici\u00f3n incluye desde restauraciones hist\u00f3ricas hasta estrenos internacionales y propuestas experimentales. Aguilar detall\u00f3: \u201cObviamente, tenemos una competencia argentina, una competencia iberoamericana y una internacional, donde en todas hay pel\u00edculas argentinas y latinoamericanas, que es nuestro fuerte. Pero tambi\u00e9n tenemos, por ejemplo, espacio de novedades donde Mubi ayuda, donde tenemos estrenos por ah\u00ed de pel\u00edculas de distribuidoras grandes que quiz\u00e1s tengan un estreno en alg\u00fan momento en el a\u00f1o\u201d. El festival tambi\u00e9n ofrece un \u201cpanorama bizarro\u201d, con pel\u00edculas que exploran los l\u00edmites del g\u00e9nero, como \u201cHombres Lobo en la luna, en una estaci\u00f3n espacial\u201d o producciones de Gore Visi\u00f3n, y rescata cl\u00e1sicos como <b>La noche de los muertos vivos<\/b> y <b>El d\u00eda de la bestia<\/b>.<\/p>\n<p class=\"paragraph\">La funci\u00f3n cat\u00e1rtica del terror es central para De la Vega: \u201cYo creo que tambi\u00e9n hay algo muy fuerte en esto, que todos los que hacemos terror, que nos conecta mucho con la infancia, ese momento en donde te encontraste con lo desconocido, porque cuando uno es chico, todo es desconocido. Y en el terror yo me siento chico una vez m\u00e1s, siento que estoy, pero seguro. Seguro. Es decir, cuando yo era chico ten\u00eda miedo, pero estaban mis padres y estaba en un lugar donde me sent\u00eda contenido y ve\u00eda cosas atroces, pero estaba contenido y no entend\u00eda. Hoy vuelvo a esa infancia perdida a trav\u00e9s del terror que me permite, bajo una situaci\u00f3n controlada, poder disfrutar de las cosas que no quiero vivir en la vida\u201d.<\/p>\n<p><img alt=\"El director Daniel de la\" class=\"global-image\" decoding=\"async\" fetchpriority=\"low\" height=\"577\" loading=\"lazy\" src=\"https:\/\/www.europesays.com\/es\/wp-content\/uploads\/2025\/11\/ZA7ZTVEKJZGFJHET7ZIX6NIALY.png\" width=\"1247\"\/>El director Daniel de la Vega y el organizador Eli\u00e1n Aguilar pasaron por el streaming de Infobae<\/p>\n<p class=\"paragraph\">El fen\u00f3meno del terror masivo, impulsado por series como <b>Stranger Things<\/b>, tambi\u00e9n fue tema de an\u00e1lisis. De la Vega opin\u00f3: \u201cEst\u00e1 bien que exista. \u00bfQu\u00e9 puedo decir? No soy fan, no consumo. Consum\u00ed la primera temporada, no me odien&#8230; Consumo de todo yo. Desgraciadamente, yo estoy m\u00e1s conectado con las cosas que se hicieron que con lo que la moda me dice que tengo que ver. Pero me encanta que sea un buen negocio, que funcione, porque hay g\u00e9neros que desaparecen. El g\u00e9nero de terror no va a desaparecer. Est\u00e1 claro que vivir\u00e1 por siempre, mientras nos habite el horror\u201d. Aguilar sum\u00f3: \u201cHay toda una nueva generaci\u00f3n de pibes y pibas que van a ir a buscar despu\u00e9s otras pel\u00edculas de terror a partir de <b>Stranger Things<\/b>. Vos vas a la Argentina a Comic Con y ves gente disfrazada de monstruos, que hubiera sido imposible pensarlo hace algunos a\u00f1os. Y esos son carne de ca\u00f1\u00f3n para las pr\u00f3ximas pel\u00edculas de terror\u201d.<\/p>\n<p class=\"paragraph\">El festival, que se realiza en el Multiplex Belgrano y que culmina el 30 de noviembre, mantiene su esp\u00edritu autogestivo y su compromiso con la difusi\u00f3n del cine que no encuentra espacio en otros circuitos. Aguilar lo resumi\u00f3 as\u00ed: <b>\u201c<\/b>Es un festival completamente autogestivo. Nadie gana plata ah\u00ed, nadie. Y lo que hacemos, lo hacemos por el amor que tenemos por el g\u00e9nero y por la idea de esta gesti\u00f3n cultural. Que otra gente tenga la posibilidad de ver, como decimos en el tagline, el cine que no vas a ver en otro lado\u201d, dijo <b>Eli\u00e1n Aguilar<\/b>.<\/p>\n","protected":false},"excerpt":{"rendered":"\u00abAbraham\u00b4s Boys: A Dracula Story\u00bb, dirigida por Natasha Kermani. Elenco: Titus Welliver, Brady Hepner y Judah Mackey Ya&hellip;\n","protected":false},"author":2,"featured_media":257192,"comment_status":"","ping_status":"","sticky":false,"template":"","format":"standard","meta":{"footnotes":""},"categories":[169],"tags":[177,146,147,25,24,176,175,23],"class_list":{"0":"post-257191","1":"post","2":"type-post","3":"status-publish","4":"format-standard","5":"has-post-thumbnail","7":"category-cine","8":"tag-cine","9":"tag-entertainment","10":"tag-entretenimiento","11":"tag-es","12":"tag-espana","13":"tag-film","14":"tag-movies","15":"tag-spain"},"share_on_mastodon":{"url":"https:\/\/pubeurope.com\/@es\/115617363835026203","error":""},"_links":{"self":[{"href":"https:\/\/www.europesays.com\/es\/wp-json\/wp\/v2\/posts\/257191","targetHints":{"allow":["GET"]}}],"collection":[{"href":"https:\/\/www.europesays.com\/es\/wp-json\/wp\/v2\/posts"}],"about":[{"href":"https:\/\/www.europesays.com\/es\/wp-json\/wp\/v2\/types\/post"}],"author":[{"embeddable":true,"href":"https:\/\/www.europesays.com\/es\/wp-json\/wp\/v2\/users\/2"}],"replies":[{"embeddable":true,"href":"https:\/\/www.europesays.com\/es\/wp-json\/wp\/v2\/comments?post=257191"}],"version-history":[{"count":0,"href":"https:\/\/www.europesays.com\/es\/wp-json\/wp\/v2\/posts\/257191\/revisions"}],"wp:featuredmedia":[{"embeddable":true,"href":"https:\/\/www.europesays.com\/es\/wp-json\/wp\/v2\/media\/257192"}],"wp:attachment":[{"href":"https:\/\/www.europesays.com\/es\/wp-json\/wp\/v2\/media?parent=257191"}],"wp:term":[{"taxonomy":"category","embeddable":true,"href":"https:\/\/www.europesays.com\/es\/wp-json\/wp\/v2\/categories?post=257191"},{"taxonomy":"post_tag","embeddable":true,"href":"https:\/\/www.europesays.com\/es\/wp-json\/wp\/v2\/tags?post=257191"}],"curies":[{"name":"wp","href":"https:\/\/api.w.org\/{rel}","templated":true}]}}