{"id":257197,"date":"2025-11-26T18:17:08","date_gmt":"2025-11-26T18:17:08","guid":{"rendered":"https:\/\/www.europesays.com\/es\/257197\/"},"modified":"2025-11-26T18:17:08","modified_gmt":"2025-11-26T18:17:08","slug":"alfred-jarry-y-su-grotesco-y-surrealista-ubu-rey-conquistan-el-museo-picasso","status":"publish","type":"post","link":"https:\/\/www.europesays.com\/es\/257197\/","title":{"rendered":"Alfred Jarry y su grotesco y surrealista UBU Rey conquistan el museo Picasso"},"content":{"rendered":"<p style=\"\">Una noche de 1905, <a href=\"https:\/\/www.abc.es\/espana\/catalunya\/abci-libros-como-esculturas-marmol-200507180300-203881140076_noticia.html\" target=\"_self\" data-voc-vtm-id=\"in-text-traffic\" title=\"en el estudio de Picasso\" data-mrf-link=\"www.abc.es\" rel=\"nofollow noopener\">en el estudio de Picasso<\/a> en la calle Beateau-Lavoir, en el barrio de Montmatre, en Par\u00eds, se reunieron un grupo de artistas, bohemios y personajes de la escena cultural. Las conversaciones eran animadas y la fiesta se fue caldeando  &#8230; poco a poco. All\u00ed estaba el propio <strong>Picasso, Apollinaire, Manolo Hugu\u00e9, Frank Burty Haviland o Alfred Jarry<\/strong>, padre de Ub\u00fa Rey, entre otros. En un momento de la velada, y tras una discusi\u00f3n con Manolo, Jarry sac\u00f3 su revolver que cargaba siempre consigo y en se\u00f1al de rebeli\u00f3n empez\u00f3 a disparar al techo. Mezcla entre protesta, gesto teatral, provocaci\u00f3n y humor negro, Apollinaire tuvo que quitarle el revolver antes de que hiciese da\u00f1o a alguien y se lo entreg\u00f3 a Picasso, que lo guard\u00f3 como una de sus posesiones m\u00e1s preciadas. Se dice que ese fue el d\u00eda que el relevo de las vanguardias se produjo. El siglo XIX que Jarry hab\u00eda ayudado a destruir hab\u00eda acabado y empezaba realmente el siglo XX, con Picasso como gran gur\u00fa. <\/p>\n<p class=\"voc-p\" style=\"\">Nadie sabe qu\u00e9 hay de verdad en esta historia, pero ilustra a la perfecci\u00f3n el papel de Alfred Jarry en la historia del arte y las primeras vanguardias, as\u00ed como su influencia en todas las nuevas ideas est\u00e9ticas que marcaron el nuevo siglo. Todo esto y m\u00e1s es lo que recoge la exposici\u00f3n<strong> &#8216;Ub\u00fa pintor: Alfred Jarry y las artes&#8217;, que el Museo Picasso acoge hasta el pr\u00f3ximo 5 de abril.<\/strong> En total, 496 obras para ilustrar el camino de Jarry y su inmortal Ub\u00fa en el arte del siglo XX, con obras de Gaugin, Toulouse-Lautrec, Pablo Picasso, Joan Mir\u00f3, Marcel Duchamp, Antonin Artaud, Georg Rouault, etc. \u00abAhora hablamos de ubuesco, como decimos kafkiano, s\u00e1dico o dantesco. El Ub\u00fa, con su delirante y grotesca persona, atraviesa todo el siglo XX y nos llega hasta ahora. En realidad, es de m\u00e1s actualidad que nunca, ya que su burla a la figura del dictador parece que escenifique c\u00f3mo nadie la manera en que la realidad copia a veces el arte\u00bb, asegura Emmanuel Guigon, responsable del Museo Picasso.<\/p>\n<p class=\"voc-p\" style=\"\">El famoso Ub\u00fa, que <strong>naci\u00f3 como una caricatura que realiz\u00f3 el propio Jarry a los quince a\u00f1os a su profesor de f\u00edsica<\/strong>, quer\u00eda significar el choque de cualquier autoridad, academicismo o doctrina contra la imaginaci\u00f3n pura y la libertad de un ni\u00f1o. Jarry, apasionado de la cultura popular, de los artistas marginados fuera de las l\u00edneas oficiales y el canon, y de cierto primitivismo salvaje, encontr\u00f3 en este Rey desmesurado y dictador absurdo su venganza contra todo lo cerrado, estricto y moral de la sociedad burguesa de la \u00e9poca. \u00abEl cre\u00eda en la uni\u00f3n de elementos disonantes, del monstruo, de la revoluci\u00f3n, de pintar lo que realmente es, sin leyes f\u00edsicas o imperativos cient\u00edficos y Ub\u00fa es el veh\u00edculo donde mover todas sus ideas y presentarlas a los dem\u00e1s\u00bb, asegura Mar\u00eda Gonz\u00e1lez, asociada del comit\u00e9 cient\u00edfico que ha programado la exposici\u00f3n. <\/p>\n<p class=\"voc-p\" style=\"\">La exposici\u00f3n sigue un cierto orden cronol\u00f3gico, empezando con los inicios de Jarry como cr\u00edtico de arte <strong>hasta la aparici\u00f3n en 1896 de Ub\u00fa en el teatro<\/strong>, despu\u00e9s en espect\u00e1culos de marionetas, para acabar en su omnipresencia en la cultura popular, lo que incluye su influencia en monstruos como los Beatles. Para ello utilizan documentos, como manuscritos originales del propio Jarry, donde muestra una letra ordenada y cadenciosa, con cierto ritmo interno, hasta t\u00edteres originales de Pierre Bonnard creados para las primeras representaciones del Ub\u00fa. Adem\u00e1s, la muestra incluye decorados, telas, cuadros, dibujos, estudios preparatorios y todo tipo de litograf\u00edas, posters originales o pel\u00edculas inspiradas en el personaje. <\/p>\n<p class=\"voc-p\" style=\"\">Alfred Jarry es uno de los creadores m\u00e1s fascinantes del cambio de siglo. <strong>Inventor de la pataf\u00edsica<\/strong>, la ciencia de las soluciones imaginadas, viv\u00eda por y para sus ideas. Exc\u00e9ntrico por convicci\u00f3n, le encantaba la bicicleta y siempre iba con su uniforme ciclista incluso en cenas o actos sociales. Otras veces, sin embargo, se transvest\u00eda o iba disfrazado de Ub\u00fa, su ominiosa creaci\u00f3n, siempre con su pistola a cuestas, haciendo que todos a su alrededor respetasen su gestualidad y viviesen acorde a sus excesos de teatralidad. En la exposici\u00f3n quedan claras estas &#8216;man\u00edas&#8217;, as\u00ed como sus gustos est\u00e9ticos y su entusiasmo por artistas vilipendiados por la cr\u00edtica, como<strong> Charles Filiger<\/strong>, creador de obras a medio camino entre estampas medievales, creaciones m\u00edsticas y dibujos infantiles.<\/p>\n<p>\nEl lado m\u00e1s salvaje de la revoluci\u00f3n antiburguesa\n<\/p>\n<p class=\"voc-p\" style=\"\">Entre los hitos de la muestra destaca el cuadro<strong> &#8216;Ub\u00fa Imperator&#8217;, de Max Ernst,<\/strong> cedido por el Centro Pompidou, donde se ve el gusto de los surrealistas por el personaje. Tambi\u00e9n destaca <strong>&#8216;Madeleine al bosc d&#8217;amour&#8217;, de Emile Bernard, cortes\u00eda del Mus\u00e9e d&#8217;Orsay<\/strong>, junto con<strong> &#8216;El compositor Claude Terrasse y sus dos hijos&#8217;, de Pierre Bonnard<\/strong>, gran amigo y colaborador de Jarry. El propio Terrasse compuso la m\u00fasica de las primeras representaciones de las obras de Jarry y se pueden escuchar durante el recorrido de la muestra. Por \u00faltimo, destacar el \u00f3leo &#8216;El gran Ub\u00fa&#8217;, de Le Corbusier, o la construcci\u00f3n fotogr\u00e1fica &#8216;Portait d&#8217;Ub\u00fa&#8217;, de Dora Maar.<\/p>\n<p class=\"voc-p\" style=\"\"><strong>Picasso conoci\u00f3 la obra de Jarry en 1901<\/strong> y qued\u00f3 fascinado por su vitalidad y fuerza arrolladora de toda l\u00f3gica fuera de la infantil. En su colecci\u00f3n, adem\u00e1s del revolver m\u00edtico, pose\u00eda m\u00faltiples ediciones originales de la obra completa del autor, as\u00ed como manuscritos de Jarry. La exposici\u00f3n incluso muestra un dibujo in\u00e9dito de Picasso de 1942 inspirado en Ub\u00fa. Es un dibujo realizado en l\u00e1piz de cera y tiza sobre papel con las formas triangulares m\u00edticas del personaje. \u00abYo lo descubr\u00ed a trav\u00e9s del rock n&#8217;roll. En 1960 nos reun\u00edamos en unas bodegas el domingo por la tarde para bailar y all\u00ed conoc\u00ed a un chico solitario, muy extra\u00f1o, que me regal\u00f3 el &#8216;Todo Ub\u00fa&#8217; y qued\u00e9 perpleja. Lo traduje y mont\u00e9 para mis clases de teatro\u00bb, cuenta la fot\u00f3grafa Pilar Aymerich, la primera persona que tradujo la obra de Jarry en Espa\u00f1a en 1964.<\/p>\n<p class=\"voc-p\" style=\"\">La exposici\u00f3n se cierra con la obra de Mir\u00f3, gran admirador del Ub\u00fa, que estuvo trabajando poco antes de morir en una nueva adaptaci\u00f3n de las piezas de Jarry para inaugurar su Fundaci\u00f3n en Barcelona. \u00ab\u00a1Me gustar\u00eda morir diciendo merdre!\u00bb, dijo. Al final, consigui\u00f3 <strong>estrenar en Mallorca con la compa\u00f1\u00eda de t\u00edteres La Cleca<\/strong>, una adaptaci\u00f3n con decorados y vestidos dise\u00f1ados por Mir\u00f3. Antes ya hab\u00eda ilustrado en los sesenta tres vol\u00famenes de textos inspirados en el personaje, as\u00ed como una l\u00ednea escult\u00f3rica. \u00abPara Mir\u00f3, como para tantos otros, fue un s\u00edmbolo tanto est\u00e9tico como revolucionario\u00bb, concluye Guigon.<\/p>\n","protected":false},"excerpt":{"rendered":"Una noche de 1905, en el estudio de Picasso en la calle Beateau-Lavoir, en el barrio de Montmatre,&hellip;\n","protected":false},"author":2,"featured_media":257198,"comment_status":"","ping_status":"","sticky":false,"template":"","format":"standard","meta":{"footnotes":""},"categories":[91],"tags":[27075,32411,146,147,25,24,64560,64559,470,559,5330,23,8083,2227],"class_list":{"0":"post-257197","1":"post","2":"type-post","3":"status-publish","4":"format-standard","5":"has-post-thumbnail","7":"category-entretenimiento","8":"tag-alfred","9":"tag-conquistan","10":"tag-entertainment","11":"tag-entretenimiento","12":"tag-es","13":"tag-espana","14":"tag-grotesco","15":"tag-jarry","16":"tag-museo","17":"tag-picasso","18":"tag-rey","19":"tag-spain","20":"tag-surrealista","21":"tag-ubu"},"share_on_mastodon":{"url":"https:\/\/pubeurope.com\/@es\/115617375707874377","error":""},"_links":{"self":[{"href":"https:\/\/www.europesays.com\/es\/wp-json\/wp\/v2\/posts\/257197","targetHints":{"allow":["GET"]}}],"collection":[{"href":"https:\/\/www.europesays.com\/es\/wp-json\/wp\/v2\/posts"}],"about":[{"href":"https:\/\/www.europesays.com\/es\/wp-json\/wp\/v2\/types\/post"}],"author":[{"embeddable":true,"href":"https:\/\/www.europesays.com\/es\/wp-json\/wp\/v2\/users\/2"}],"replies":[{"embeddable":true,"href":"https:\/\/www.europesays.com\/es\/wp-json\/wp\/v2\/comments?post=257197"}],"version-history":[{"count":0,"href":"https:\/\/www.europesays.com\/es\/wp-json\/wp\/v2\/posts\/257197\/revisions"}],"wp:featuredmedia":[{"embeddable":true,"href":"https:\/\/www.europesays.com\/es\/wp-json\/wp\/v2\/media\/257198"}],"wp:attachment":[{"href":"https:\/\/www.europesays.com\/es\/wp-json\/wp\/v2\/media?parent=257197"}],"wp:term":[{"taxonomy":"category","embeddable":true,"href":"https:\/\/www.europesays.com\/es\/wp-json\/wp\/v2\/categories?post=257197"},{"taxonomy":"post_tag","embeddable":true,"href":"https:\/\/www.europesays.com\/es\/wp-json\/wp\/v2\/tags?post=257197"}],"curies":[{"name":"wp","href":"https:\/\/api.w.org\/{rel}","templated":true}]}}