{"id":257205,"date":"2025-11-26T18:21:14","date_gmt":"2025-11-26T18:21:14","guid":{"rendered":"https:\/\/www.europesays.com\/es\/257205\/"},"modified":"2025-11-26T18:21:14","modified_gmt":"2025-11-26T18:21:14","slug":"las-imagenes-del-reservado-y-la-factura-de-carlos-mazon-y-maribel-vilaplana-en-el-ventorro-del-dia-de-la-dana-165-euros-espana","status":"publish","type":"post","link":"https:\/\/www.europesays.com\/es\/257205\/","title":{"rendered":"Las im\u00e1genes del reservado y la factura de Carlos Maz\u00f3n y Maribel Vilaplana en El Ventorro del d\u00eda de la dana: 165 euros | Espa\u00f1a"},"content":{"rendered":"<p class=\"\">El presidente de la Generalitat Valenciana en funciones, <a href=\"https:\/\/elpais.com\/espana\/2025-11-26\/fue-al-palau-a-pie-o-en-el-coche-de-vilaplana-la-ultima-incognita-sobre-mazon-en-la-tarde-de-la-dana.html\" target=\"_blank\" rel=\"nofollow noopener\" title=\"https:\/\/elpais.com\/espana\/2025-11-26\/fue-al-palau-a-pie-o-en-el-coche-de-vilaplana-la-ultima-incognita-sobre-mazon-en-la-tarde-de-la-dana.html\">Carlos Maz\u00f3n, y la periodista Maribel Vilaplana<\/a> degustaron \u201cdos men\u00fas concertados\u201d en el restaurante El Ventorro el d\u00eda de la dana que dej\u00f3 229 muertos el 29 de octubre de 2024. La cuenta del \u00e1gape ascendi\u00f3 a 165 euros, seg\u00fan la factura aportada a la jueza de Catarroja (Valencia) que indaga la riada, Nuria Ruiz Tobarra, por el propietario del establecimiento, Alfredo Romero. <\/p>\n<p><img decoding=\"auto\" class=\"_re lazyload a_m-v\" height=\"586\"  width=\"414\"  src=\"https:\/\/www.europesays.com\/es\/wp-content\/uploads\/2025\/11\/U5RLYZPABRGINIVNGANUPSHVPU.jpg\" loading=\"lazy\"\/>Factura de El Ventorro.<\/p>\n<p class=\"\">El documento confirma que el almuerzo fue costeado por el PP de Valencia y que los clientes se sentaron en la mesa 106 de la c\u00e9ntrica casa de comidas. El comprobante, sin embargo, no detalla las bebidas ni los platos que degustaron <a href=\"https:\/\/elpais.com\/espana\/comunidad-valenciana\/2025-11-26\/la-mano-derecha-de-mazon-revela-a-la-jueza-que-borro-los-mensajes-del-dia-de-la-tragedia-con-el-president.html\" target=\"_self\" rel=\"nofollow noopener\" title=\"https:\/\/elpais.com\/espana\/comunidad-valenciana\/2025-11-26\/la-mano-derecha-de-mazon-revela-a-la-jueza-que-borro-los-mensajes-del-dia-de-la-tragedia-con-el-president.html\">Maz\u00f3n<\/a> y Vilaplana. Tampoco precisa la hora de emisi\u00f3n de la factura. <\/p>\n<p class=\"\">Tras trascender la celebraci\u00f3n de la comida, <a href=\"https:\/\/elpais.com\/espana\/2024-11-21\/la-version-de-la-periodista-sobre-la-comida-con-mazon-en-ningun-momento-el-president-transmite-la-sensacion-de-que-esta-pasando-algo.html\" target=\"_self\" rel=\"nofollow noopener\" title=\"https:\/\/elpais.com\/espana\/2024-11-21\/la-version-de-la-periodista-sobre-la-comida-con-mazon-en-ningun-momento-el-president-transmite-la-sensacion-de-que-esta-pasando-algo.html\">el entorno de Vilaplana asegur\u00f3<\/a> en noviembre de 2024 que la informadora y el president hablaron \u201ccon dos copas de vino\u201d y \u201cuna botella sobre la mesa\u201d. Matiz\u00f3 que \u201cno hubo gin-tonics\u201d y que optaron por pedir para el centro (de la mesa) entrantes: un plato de tomate con ventresca y setas de temporada, caf\u00e9 y tarta para compartir. Se trata de una comanda que choca con el t\u00e9rmino reflejado en el comprobante aportado por el restaurador al juzgado, que recoge \u201cdos men\u00fas concertados: 165 euros\u201d. <\/p>\n<p class=\"\">La versi\u00f3n del men\u00fa cerrado fue defendida tambi\u00e9n ante la instructora por el restaurador. Dijo que la comida incluy\u00f3 una botella de vino, \u201cprobablemente una ca\u00f1a inicial\u201d y varias botellas de agua, seg\u00fan indic\u00f3 el empresario el pasado viernes en el juzgado de Catarroja, donde declar\u00f3 como testigo, una condici\u00f3n que le obligaba a decir la verdad. Romero explic\u00f3 tambi\u00e9n que la reserva se hizo por tel\u00e9fono desde la <a href=\"https:\/\/elpais.com\/espana\/2025-11-26\/la-generalitat-valenciana-pide-por-carta-al-gobierno-un-plan-energetico-libre-de-las-imposiciones-climaticas-de-bruselas.html\" target=\"_self\" rel=\"nofollow noopener\" title=\"https:\/\/elpais.com\/espana\/2025-11-26\/la-generalitat-valenciana-pide-por-carta-al-gobierno-un-plan-energetico-libre-de-las-imposiciones-climaticas-de-bruselas.html\">Generalitat<\/a> \u201cdos d\u00edas antes\u201d. <\/p>\n<p><img decoding=\"auto\" class=\"_re lazyload a_m-h\" height=\"327\"  width=\"414\"  src=\"https:\/\/www.europesays.com\/es\/wp-content\/uploads\/2025\/11\/5MC7ZY2AXRGLHEL3XGZFENG4YI.jpeg\" loading=\"lazy\"\/>Reservado del restaurante El Ventorro donde almorzaron Carlos Maz\u00f3n y Maribel Vilaplana el 29 de octubre de 2024.<\/p>\n<p class=\"\">El due\u00f1o de El Ventorro tambi\u00e9n ha entregado a la jueza un plano del reservado donde almorzaron sus clientes. Se trata de un espacio de forma irregular, de unos tres metros de ancho en su lado m\u00e1s estrecho y 4,8 en su lado m\u00e1s largo que \u2014seg\u00fan Romero\u2014 tiene capacidad para cinco comensales. El lugar, de unos 16 metros cuadrados, acogi\u00f3 la comida de casi cuatro horas (15.00-18.45) que Vilaplana y Maz\u00f3n celebraron mientras se inundaba parte de la provincia de Valencia. Un almuerzo que se prolong\u00f3 tras los desbordamientos del r\u00edo Magro, que desat\u00f3 el caos en Utiel y Requena, y del barranco del Poyo a la altura de Chiva y Cheste, donde nace la rambla. <\/p>\n<p class=\"\">La jueza de la dana decidi\u00f3 esta semana pedir la factura y el plano del reservado tras tomar declaraci\u00f3n el pasado viernes al due\u00f1o de El Ventorro. Romero expuso que la comida acab\u00f3 a las 17.00, que Maz\u00f3n y Vilaplana extendieron su sobremesa hasta las 18.45 horas. Y que abandonaron el local \u201cno m\u00e1s tarde\u201d de las 19.00 horas. Tras salir de la casa de comidas, ambos se desplazaron hasta un c\u00e9ntrico aparcamiento, en la plaza Tetu\u00e1n de Valencia, donde ella retir\u00f3 su veh\u00edculo una hora despu\u00e9s. <\/p>\n<p><img decoding=\"auto\" class=\"_re lazyload a_m-h\" height=\"293\"  width=\"414\"  src=\"https:\/\/www.europesays.com\/es\/wp-content\/uploads\/2025\/11\/HBKSBDTNPNINXLG47KRFSXVIOQ.jpg\" loading=\"lazy\"\/>Plano del reservado del restaurante &#8216;El Ventorro&#8217;.EFE<\/p>\n<p class=\"\">La instructora solicit\u00f3 tambi\u00e9n la imagen del reservado del restaurante con el argumento de que resulta clave para analizar si Vilaplana pudo escuchar las conversaciones de Maz\u00f3n sobre la crisis. El jefe del Consell hizo o recibi\u00f3 ocho llamadas entre las 17.37 y las 18.30 horas desde la casa de comidas con personalidades como la entonces consejera de Justicia e Interior y principal imputada en la causa, Salom\u00e9 Pradas, o el presidente de la Diputaci\u00f3n de Valencia, el popular Vicente Momp\u00f3. <\/p>\n<p class=\"\">La petici\u00f3n de la factura \u2014seg\u00fan la jueza\u2014 responde a la necesidad de conocer \u201cla extensi\u00f3n del \u00e1gape\u201d. <\/p>\n<p class=\"\">A ra\u00edz de iniciar la investigaci\u00f3n sobre el almuerzo, que arranc\u00f3 despu\u00e9s de que la Audiencia Provincial de Valencia diera luz verde a tomar declaraci\u00f3n a Vilaplana, la instructora cit\u00f3 a los escoltas, al ch\u00f3fer y seis altos cargos de Maz\u00f3n, entre los que figura el sucesor del bar\u00f3n popular y secretario general del PP de Valencia, Juanfran P\u00e9rez Llorca, que desfil\u00f3 por el juzgado de Catarroja como testigo el pasado viernes.<\/p>\n<p>Vilaplana dej\u00f3 su coche en el garaje a las 14.38<\/p>\n<p class=\"\">La jueza de Catarroja maneja un documento, al que ha tenido acceso este diario, que revela que el d\u00eda de la dana Vilaplana estacion\u00f3 su coche en el aparcamiento de la plaza Tetu\u00e1n de Valencia, a las 14.38 horas, y entr\u00f3 por la \u201centrada 1\u201d del subterr\u00e1neo. La periodista retir\u00f3 su veh\u00edculo a las 19.51 tras pagar en el cajero 2 del garaje a las 19.48 horas. El tique sum\u00f3 15,10 euros. <\/p>\n<p class=\"\">La hora de salida del garaje confirma que Maz\u00f3n pudo llegar al Palau de la Generalitat sobre las 20.00 horas. Se trata de 11 minutos antes de que la administraci\u00f3n auton\u00f3mica enviara la alerta masiva a m\u00f3viles para informar a la poblaci\u00f3n de la magnitud de la tragedia. La notificaci\u00f3n entr\u00f3 en los tel\u00e9fonos cuando la mayor\u00eda de los desaparecidos ya hab\u00eda muerto. Tras el Palau, el presidente puso rumbo a L\u2019Eliana (Valencia), sede del Cecopi, el \u00f3rgano que coordin\u00f3 la crisis, donde lleg\u00f3 a las 20.28 horas.<\/p>\n","protected":false},"excerpt":{"rendered":"El presidente de la Generalitat Valenciana en funciones, Carlos Maz\u00f3n, y la periodista Maribel Vilaplana degustaron \u201cdos men\u00fas&hellip;\n","protected":false},"author":2,"featured_media":257206,"comment_status":"","ping_status":"","sticky":false,"template":"","format":"standard","meta":{"footnotes":""},"categories":[8],"tags":[17,18,2007,242,1681,25,24,13636,13,14,11,5128,4274,19,20,55219,9,10,15,16,956,2022,23,12,21,22,235],"class_list":{"0":"post-257205","1":"post","2":"type-post","3":"status-publish","4":"format-standard","5":"has-post-thumbnail","7":"category-espana","8":"tag-breaking-news","9":"tag-breakingnews","10":"tag-carlos-mazon","11":"tag-comunidad-valenciana","12":"tag-dana","13":"tag-es","14":"tag-espana","15":"tag-facturas","16":"tag-featured-news","17":"tag-featurednews","18":"tag-headlines","19":"tag-inundaciones","20":"tag-inundaciones-dana-octubre-2024","21":"tag-latest-news","22":"tag-latestnews","23":"tag-maribel-vilaplana","24":"tag-news","25":"tag-noticias","26":"tag-noticias-destacadas","27":"tag-noticiasdestacadas","28":"tag-pp","29":"tag-restaurantes","30":"tag-spain","31":"tag-titulares","32":"tag-ultimas-noticias","33":"tag-ultimasnoticias","34":"tag-valencia"},"share_on_mastodon":{"url":"","error":"Validation failed: Text character limit of 500 exceeded"},"_links":{"self":[{"href":"https:\/\/www.europesays.com\/es\/wp-json\/wp\/v2\/posts\/257205","targetHints":{"allow":["GET"]}}],"collection":[{"href":"https:\/\/www.europesays.com\/es\/wp-json\/wp\/v2\/posts"}],"about":[{"href":"https:\/\/www.europesays.com\/es\/wp-json\/wp\/v2\/types\/post"}],"author":[{"embeddable":true,"href":"https:\/\/www.europesays.com\/es\/wp-json\/wp\/v2\/users\/2"}],"replies":[{"embeddable":true,"href":"https:\/\/www.europesays.com\/es\/wp-json\/wp\/v2\/comments?post=257205"}],"version-history":[{"count":0,"href":"https:\/\/www.europesays.com\/es\/wp-json\/wp\/v2\/posts\/257205\/revisions"}],"wp:featuredmedia":[{"embeddable":true,"href":"https:\/\/www.europesays.com\/es\/wp-json\/wp\/v2\/media\/257206"}],"wp:attachment":[{"href":"https:\/\/www.europesays.com\/es\/wp-json\/wp\/v2\/media?parent=257205"}],"wp:term":[{"taxonomy":"category","embeddable":true,"href":"https:\/\/www.europesays.com\/es\/wp-json\/wp\/v2\/categories?post=257205"},{"taxonomy":"post_tag","embeddable":true,"href":"https:\/\/www.europesays.com\/es\/wp-json\/wp\/v2\/tags?post=257205"}],"curies":[{"name":"wp","href":"https:\/\/api.w.org\/{rel}","templated":true}]}}