{"id":257209,"date":"2025-11-26T18:27:09","date_gmt":"2025-11-26T18:27:09","guid":{"rendered":"https:\/\/www.europesays.com\/es\/257209\/"},"modified":"2025-11-26T18:27:09","modified_gmt":"2025-11-26T18:27:09","slug":"jakub-mensik-se-convierte-en-el-primer-clasificado-a-las-next-gen-atp-finals-presented-by-pif-atp-tour","status":"publish","type":"post","link":"https:\/\/www.europesays.com\/es\/257209\/","title":{"rendered":"Jakub Mensik se convierte en el primer clasificado a las Next Gen ATP Finals presented by PIF | ATP Tour"},"content":{"rendered":"<p>        ATP Tour<br \/>\n    Mensik se convierte en el primer clasificado a las Next Gen ATP Finals presented by PIF<\/p>\n<p>El checo gan\u00f3 el Masters 1000 de Miami<\/p>\n<p>November 26, 2025<\/p>\n<p>            <img decoding=\"async\" src=\"https:\/\/www.europesays.com\/es\/wp-content\/uploads\/2025\/11\/mensik-ng-2025-qualification.jpg\" alt=\"Jakub Mensik competir\u00e1 en las Next Gen ATP Finals presented by PIF 2025 del 17 al 21 de diciembre.\"\/><\/p>\n<p>ATP Tour<\/p>\n<p>        Jakub Mensik competir\u00e1 en las Next Gen ATP Finals presented by PIF 2025 del 17 al 21 de diciembre.<br \/>\n        By <\/p>\n<p><a href=\"https:\/\/www.atptour.com\/es\/players\/jakub-mensik\/m0ni\/overview\" rel=\"nofollow noopener\" target=\"_blank\">Jakub Mensik<\/a> se ha clasificado para las <a href=\"https:\/\/www.atptour.com\/es\/tournaments\/next-gen-atp-finals\/7696\/overview\" rel=\"nofollow noopener\" target=\"_blank\">Next Gen ATP Finals presented by PIF<\/a> por segunda vez en su carrera.<\/p>\n<p>\u00abEstoy muy contento y emocionado por clasificar a las Next Gen ATP Finals por segunda vez\u00bb, dijo Mensik. \u00abEl a\u00f1o ha sido realmente bueno, ganando mi primer t\u00edtulo ATP en el Masters 1000 de Miami. La temporada es positiva y ser\u00e1 todav\u00eda m\u00e1s especial terminarla en el Top 20. Estoy deseando veros a todos este diciembre en Jeddah\u00bb.<\/p>\n<p>El checo hizo historia esta temporada en Miami, donde sorprendi\u00f3 a <a href=\"https:\/\/www.atptour.com\/es\/players\/novak-djokovic\/d643\/overview\" rel=\"nofollow noopener\" target=\"_blank\">Novak Djokovic<\/a> en la final para convertirse en el segundo campe\u00f3n m\u00e1s joven en la historia del torneo tras <a href=\"https:\/\/www.atptour.com\/es\/players\/carlos-alcaraz\/a0e2\/overview\" rel=\"nofollow noopener\" target=\"_blank\">Carlos Alcaraz<\/a>. Mensik, con 19 a\u00f1os en ese momento, fue el quinto jugador menor de 20 a\u00f1os capaz de vencer a Djokovic en el ATP Tour.<\/p>\n<p>En una temporada para enmarcar, el checo alcanz\u00f3 la posici\u00f3n m\u00e1s alta de su carrera como No. 16 del PIF ATP Rankings en agosto, y ha sumado cuatro victorias Top 10 en 2025, seg\u00fan el \u00cdndice Infosys ATP Victorias\/Derrotas. Mensik venci\u00f3 a <a href=\"https:\/\/www.atptour.com\/es\/players\/jack-draper\/d0co\/overview\" rel=\"nofollow noopener\" target=\"_blank\">Jack Draper<\/a>, <a href=\"https:\/\/www.atptour.com\/es\/players\/taylor-fritz\/fb98\/overview\" rel=\"nofollow noopener\" target=\"_blank\">Taylor Fritz<\/a> y Djokovic en Miami, adem\u00e1s de eliminar a <a href=\"https:\/\/www.atptour.com\/es\/players\/casper-ruud\/rh16\/overview\" rel=\"nofollow noopener\" target=\"_blank\">Casper Ruud<\/a> camino a la tercera ronda del Abierto de Australia.<\/p>\n<p>Mensik escal\u00f3 hasta los cuartos de final en Madrid y alcanz\u00f3 la cuarta ronda en Roma. Adem\u00e1s, lleg\u00f3 a cuartos de final en Brisbane, Auckland, Eastbourne y Pek\u00edn.<\/p>\n<p>El vigente campe\u00f3n <a href=\"https:\/\/www.atptour.com\/es\/players\/joao-fonseca\/f0fv\/overview\" rel=\"nofollow noopener\" target=\"_blank\">Joao Fonseca<\/a> ha confirmado su baja en las <a href=\"https:\/\/www.atptour.com\/es\/tournaments\/next-gen-atp-finals\/7696\/overview\" rel=\"nofollow noopener\" target=\"_blank\">Next Gen ATP Finals presented by PIF<\/a> para recuperarse de una lesi\u00f3n sufrida en el tramo final de la temporada ATP Tour 2025. Deseamos a Joao una pronta recuperaci\u00f3n y una buena preparaci\u00f3n para la temporada ATP Tour 2026.<\/p>\n<p>Las <a href=\"https:\/\/www.atptour.com\/es\/tournaments\/next-gen-atp-finals\/7696\/overview\" rel=\"nofollow noopener\" target=\"_blank\">Next Gen ATP Finals presented by PIF<\/a> tendr\u00e1n lugar del 17 al 21 de diciembre. Entre los antiguos campeones del torneo figuran <a href=\"https:\/\/www.atptour.com\/es\/players\/jannik-sinner\/s0ag\/overview\" rel=\"nofollow noopener\" target=\"_blank\">Jannik Sinner<\/a> y <a href=\"https:\/\/www.atptour.com\/es\/players\/carlos-alcaraz\/a0e2\/overview\" rel=\"nofollow noopener\" target=\"_blank\">Carlos Alcaraz<\/a>.<\/p>\n","protected":false},"excerpt":{"rendered":"ATP Tour Mensik se convierte en el primer clasificado a las Next Gen ATP Finals presented by PIF&hellip;\n","protected":false},"author":2,"featured_media":257210,"comment_status":"","ping_status":"","sticky":false,"template":"","format":"standard","meta":{"footnotes":""},"categories":[274],"tags":[168,25,24,23,167,327,326],"class_list":{"0":"post-257209","1":"post","2":"type-post","3":"status-publish","4":"format-standard","5":"has-post-thumbnail","7":"category-tenis","8":"tag-deportes","9":"tag-es","10":"tag-espana","11":"tag-spain","12":"tag-sports","13":"tag-tenis","14":"tag-tennis"},"share_on_mastodon":{"url":"https:\/\/pubeurope.com\/@es\/115617415011743176","error":""},"_links":{"self":[{"href":"https:\/\/www.europesays.com\/es\/wp-json\/wp\/v2\/posts\/257209","targetHints":{"allow":["GET"]}}],"collection":[{"href":"https:\/\/www.europesays.com\/es\/wp-json\/wp\/v2\/posts"}],"about":[{"href":"https:\/\/www.europesays.com\/es\/wp-json\/wp\/v2\/types\/post"}],"author":[{"embeddable":true,"href":"https:\/\/www.europesays.com\/es\/wp-json\/wp\/v2\/users\/2"}],"replies":[{"embeddable":true,"href":"https:\/\/www.europesays.com\/es\/wp-json\/wp\/v2\/comments?post=257209"}],"version-history":[{"count":0,"href":"https:\/\/www.europesays.com\/es\/wp-json\/wp\/v2\/posts\/257209\/revisions"}],"wp:featuredmedia":[{"embeddable":true,"href":"https:\/\/www.europesays.com\/es\/wp-json\/wp\/v2\/media\/257210"}],"wp:attachment":[{"href":"https:\/\/www.europesays.com\/es\/wp-json\/wp\/v2\/media?parent=257209"}],"wp:term":[{"taxonomy":"category","embeddable":true,"href":"https:\/\/www.europesays.com\/es\/wp-json\/wp\/v2\/categories?post=257209"},{"taxonomy":"post_tag","embeddable":true,"href":"https:\/\/www.europesays.com\/es\/wp-json\/wp\/v2\/tags?post=257209"}],"curies":[{"name":"wp","href":"https:\/\/api.w.org\/{rel}","templated":true}]}}