{"id":257221,"date":"2025-11-26T18:36:10","date_gmt":"2025-11-26T18:36:10","guid":{"rendered":"https:\/\/www.europesays.com\/es\/257221\/"},"modified":"2025-11-26T18:36:10","modified_gmt":"2025-11-26T18:36:10","slug":"al-mundial-de-orlando-a-ritmo-de-k-pop","status":"publish","type":"post","link":"https:\/\/www.europesays.com\/es\/257221\/","title":{"rendered":"Al mundial de Orlando a ritmo de K-Pop"},"content":{"rendered":"<p>\n        Todav\u00eda est\u00e1n <strong>asimil\u00e1ndolo<\/strong>. Cuando supieron que hab\u00edan sido<strong> <\/strong><a href=\"https:\/\/www.noticiasdenavarra.com\/cultura\/2025\/11\/21\/grupo-k-pop-haze-escuela-10380015.html\" title=\"clasificadas para la final mundial\" class=\"link copy\" rel=\"nofollow noopener\" target=\"_blank\"><strong>clasificadas para la final mundial<\/strong><\/a><strong> <\/strong>del prestigioso<strong> All Dance World Orlando 2025, <\/strong>los y las bailarinas del grupo de Pamplona de K-Pop <strong>HAZE,<\/strong> en lugar de a celebrarlo, se fueron a dar un paseo tranquilo, necesitaban digerirlo con <strong>calma<\/strong>.\n<\/p>\n<p class=\"article-body__text \">\n        Hab\u00edan ido al <strong>campeonato estatal<\/strong>, celebrado el pasado mes de abril en <strong>Tarragona<\/strong>, \u201csin expectativas, para pas\u00e1rnoslo bien\u201d, dicen<strong> Vicky Gonz\u00e1lez e Irene Bueno<\/strong>, del grupo formado en la Escuela de Danza Ravel de la capital navarra. Y <strong>ganaron<\/strong>. Y adem\u00e1s con muy buena puntuaci\u00f3n. \u201c<strong>Fue inesperado<\/strong>\u201d, dicen.\n<\/p>\n<p>  Haciendo realidad el sue\u00f1o<\/p>\n<p class=\"article-body__text \">\n        HAZE convenci\u00f3 al jurado con su <strong>coreograf\u00eda<\/strong>, su <strong>manera de interpretar<\/strong> el baile, pero tambi\u00e9n con su <strong>presencia esc\u00e9nica<\/strong>, su <strong>vestuario<\/strong>, su <strong>coordinaci\u00f3n<\/strong>. Y el sue\u00f1o de ir a la final mundial en Orlando ya no era un sue\u00f1o. Ya era un <strong>horizonte real,<\/strong> aunque se antojaba inalcanzable.\n<\/p>\n<p class=\"article-body__text \">\n        \u201cAl principio<strong> ni nos plante\u00e1bamos<\/strong> participar, era algo que <strong>nos ven\u00eda grande<\/strong>. Pero<strong> nos animaron tanto en Ravel,<\/strong> y tambi\u00e9n nuestras familias, que dijimos: <strong>\u00bfY si lo intentamos? <\/strong>Una <strong>oportunidad <\/strong>as\u00ed no se presenta todos los d\u00edas. As\u00ed que empezamos a trabajar para <strong>recaudar dinero<\/strong>, haciendo actividades, vendiendo boletos, participando en un campamento que hicimos en Ravel, dando alg\u00fan taller a ni\u00f1os y ni\u00f1as&#8230;\u201d, cuenta <strong>Vicky Gonz\u00e1lez.<\/strong>\n<\/p>\n<p class=\"article-body__text \">\n        Lograron ese apoyo que necesitaban, y el grupo est\u00e1 ya casi rumbo a <strong>Orlando <\/strong>\u2013este jueves 27 de noviembre vuelan hacia all\u00e1\u2013, donde se celebra la final del <strong>All Dance World Orlando 2025<\/strong> desde este viernes 27 de noviembre hasta el 1 de diciembre, con el <strong>hotel Hilton Orlando Resort<\/strong> como sede oficial.\n<\/p>\n<p>  \u2018KISS\u2019, una coreograf\u00eda \u201cexplosiva\u201d<\/p>\n<p class=\"article-body__text \">\n        HAZE competir\u00e1 en Orlando en la <strong>modalidad de baile K-Pop <\/strong>\u2013divis\u00f3n Open y nivel Pre-professsional\u2013 con la coreograf\u00eda titulada <strong>KISS<\/strong>, este<strong> domingo 30 de noviembre<\/strong>.\n<\/p>\n<p class=\"article-body__text \">\n        \u201cEs una coreograf\u00eda <strong>muy explosiva, muy potente e impactante,<\/strong> y muy <strong>colorida y divertida.<\/strong> La canci\u00f3n \u2013del grupo femenino surcoreano <strong>Tri.be\u2013<\/strong> no es muy conocida, ni siquiera dentro del mundo del K-Pop, pero es muy animada y tiene muchos puntos fuertes\u201d, cuentan<strong> Irene Bueno y Vicky Gonz\u00e1lez. <\/strong>\n<\/p>\n<p class=\"article-body__text \">\n        Junto a <strong>Iker De Luis, June Aguirre, Ainhoa Zugaldia <\/strong>y<strong> Natalia Reyes,<\/strong> componen el grupo HAZE, que sali\u00f3 de la Escuela deDanza Ravel de Pamplona en <strong>2023<\/strong>.\n<\/p>\n<p>        \u201cAl principio ni nos plante\u00e1bamos viajar a Orlando, era algo que nos ven\u00eda grande\u201d <\/p>\n<p class=\"article-quote__author\">Vicky Gonz\u00e1lez &#8211; Bailarina del grupo HAZE<\/p>\n<p class=\"article-body__text \">\n        \u201cAll\u00ed coincidimos todas. Hab\u00eda en la escuela un grupo de clases de <strong>baile K-Pop <\/strong>y ah\u00ed nos conocimos algunas. No hab\u00eda pi\u00f1a en ese momento, pero nuestro profesor nos anim\u00f3 a apuntarnos a un <strong>concurso que iba a haber en la Casa de la Juventud<\/strong>, fuimos cuatro de nosotras y de ah\u00ed <strong>naci\u00f3 el grupo,<\/strong> al que luego se unieron dos chicas m\u00e1s. Y hasta hoy\u201d, dice <strong>Irene Bueno. <\/strong>\n<\/p>\n<p class=\"article-body__text \">\n        \u201cLlevamos juntas desde noviembre de 2023; <strong>conectamos <\/strong>enseguida, fue como que se encendi\u00f3 <strong>una chispa,<\/strong> y nos empezaron a entrar ganas de bailar m\u00e1s all\u00e1 del entorno de la escuela, participando en concursos, movi\u00e9ndonos&#8230; Somos u\u00f1a y carne\u201d, asegura <strong>Vicky Gonz\u00e1lez.<\/strong>\n<\/p>\n<p class=\"article-photo__footer\">\n            Bailarinas y bailarines del grupo HAZE, en el exterior de su escuela de danza.            Cedida        <\/p>\n<p class=\"article-body__text \">\n        Son ellas, las propias bailarinas de HAZE, las que <strong>deciden <\/strong>qu\u00e9 coreograf\u00eda bailar, qu\u00e9 har\u00e1 cada uno y cada una en esos bailes, qu\u00e9 vestuario lucir\u00e1n&#8230; \u201cTodo lo hablamos y lo decidimos <strong>entre todas<\/strong>\u201d, dicen las bailarinas de K-Pop, un g\u00e9nero conocido globalmente por sus <strong>coreograf\u00edas extremadamente sincronizadas<\/strong>, su <strong>est\u00e9tica visual vibrante<\/strong> y su fuerte uso de la <strong>producci\u00f3n multimedia, <\/strong>y que se ha puesto \u00faltimamente <strong>muy de moda<\/strong> en Occidente, impulsado en parte por la pel\u00edcula <strong>Las guerreras K-pop.<\/strong>\n<\/p>\n<p class=\"article-body__text \">\n        Una disciplina de baile que a las int\u00e9rpretes de Ravel les ha \u201c<strong>cambiado<\/strong>\u201d la vida, enriqueci\u00e9ndosela.\n<\/p>\n<p class=\"article-body__text \">\n        \u201cDescubr\u00ed este g\u00e9nero por <strong>2016<\/strong>, y no era para nada conocido. A mi alrededor nadie lo conoc\u00eda, me miraban raro, dec\u00edan: qu\u00e9 <strong>friki<\/strong>. Conocer a gente que <strong>comparte <\/strong>los mismos gustos y las mismas experiencias ha sido muy importante para m\u00ed, me ha hecho <strong>crecer mucho como persona<\/strong>. Adem\u00e1s, el baile en s\u00ed te hace <strong>conectar <\/strong>con la gente de alrededor\u201d, valora Vicky Gonz\u00e1lez.\n<\/p>\n<p class=\"article-body__text \">\n        Para Irene Bueno, el K-Pop es \u201cun<strong> g\u00e9nero muy variado<\/strong>. Significa <strong>Pop Coreano,<\/strong> pero dentro del pop hay muchos g\u00e9neros&#8230;Para m\u00ed es la m\u00fasica que he escuchado en toda mi <strong>adolescencia <\/strong>y me ha <strong>marcado <\/strong>un mont\u00f3n. Me gusta especialmente porque en esta m\u00fasica los <strong>bailes <\/strong>son una parte esencial, algo que no ocurre en otras m\u00fasicas; aqu\u00ed el baile es algo <strong>fundamental<\/strong>. Yo no era mucho de practicar coreograf\u00edas, pero cuando se nos present\u00f3 la oportunidad de hacer un grupo para ser <strong>covers <\/strong>de grupos de K-Pop que nos gustaban y nos animamos&#8230;, ha sido <strong>un sue\u00f1o hecho realidad<\/strong>\u201d, asegura.\n<\/p>\n<p class=\"article-photo__footer\">\n            Las medallas que simbolizan la clasificaci\u00f3n para la final mundial en Orlando, en manos de los y las bailarinas del grupo navarro HAZE.            Cedida        <\/p>\n<p>  La industria en Corea del Sur: artistas-productos que se exprimen en exceso<\/p>\n<p class=\"article-body__text \">\n        Las dos bailarinas navarras ven con <strong>asombro <\/strong>la industria que rodea al K-Pop en <strong>Corea del Sur<\/strong>, un entramado musical y cultural altamente estructurado y profesionalizado que se basa en un modelo de <strong>entrenamiento intensivo para <\/strong><strong>idols<\/strong><strong> (\u00eddolos).<\/strong> Las agencias de entretenimiento<strong> seleccionan y entrenan a j\u00f3venes talentos <\/strong>en canto, baile, idiomas y actuaci\u00f3n durante a\u00f1os, a menudo <strong>controlando estrictamente sus vidas<\/strong> para crear artistas que son \u201c<strong>fabricados<\/strong>\u201d y pulidos para el mercado global.\n<\/p>\n<p class=\"article-body__text \">\n        \u201cSon <strong>productos <\/strong>que los managers y las empresas exprimen al cien por cien, todo se centra en <strong>que sean guapos, guapas, canten y bailen perfectamente bien<\/strong>&#8230;, y para ello a veces trabajan<strong> en exceso\u201d<\/strong>, dice Vicky Gonz\u00e1lez. \u201cNosotras estamos <strong>muy lejos de eso<\/strong>. Vivimos esto como un <strong>hobby <\/strong>en el que nos entrenamos dos d\u00edas a la semana y con el que <strong>disfrutamos<\/strong>. Sabemos que en Corea es una industria <strong>muy exigente,<\/strong> para nosotras no es as\u00ed\u201d, dice Irene Bueno, que compagina esta pasi\u00f3n por el baile con sus estudios universitarios de <strong>Matem\u00e1ticas <\/strong>en Zaragoza.\n<\/p>\n<p>        \u201cEl prop\u00f3sito es, sobre todo, disfrutar de la experiencia; vamos a tope, a dar lo mejor\u201d<\/p>\n<p class=\"article-quote__author\">Irene Bueno &#8211; Bailarina del grupo HAZE<\/p>\n<p class=\"article-body__text \">\n        Vicky Gonz\u00e1lez hace lo propio con <strong>Magisterio Infantil, <\/strong>que estudia en la Universidad P\u00fablica de Navarra (<strong>UPNA<\/strong>). \u201cEn el grupo todas compaginamos esto con nuestros estudios o con trabajos\u201d, cuenta. Por eso no podr\u00e1n quedarse en Orlando m\u00e1s d\u00edas despu\u00e9s de su actuaci\u00f3n en la final mundial. \u201cEs una pena, pero <strong>la vida universitaria, de ex\u00e1menes y trabajos, nos hace tener que volver enseguida.<\/strong> Cogeremos el avi\u00f3n de vuelta el 1 de diciembre y el 2 ya estaremos en Espa\u00f1a.Va a ser <strong>corto pero intenso<\/strong>\u201d, dice Gonz\u00e1lez.\n<\/p>\n<p class=\"article-body__text \">\n        Van a Orlando \u201ccon<strong> muchos nervios y muy contentas<\/strong>\u201d. \u201cNos ha venido todo muy de golpe, y la <strong>ayuda <\/strong>y el <strong>reconocimiento <\/strong>que hemos recibido en estas semanas previas ha sido bestial\u201d, dicen las bailarinas, cuyo prop\u00f3sito en esta final mundial en la que se dar\u00e1n cita grupo de todos los pa\u00edses, es, \u201csobre todo, <strong>disfrutar <\/strong>much\u00edsimo del viaje, de la ciudad de Orlando y, por supuesto, de la experiencia<strong> en el escenario\u201d<\/strong>.\n<\/p>\n<p class=\"article-body__text \">\n        \u201cEs muy dif\u00edcil ganar, pero v<strong>amos a dar lo mejor de nosotras, vamos a tope\u201d<\/strong>, dicen.<\/p>\n","protected":false},"excerpt":{"rendered":"Todav\u00eda est\u00e1n asimil\u00e1ndolo. Cuando supieron que hab\u00edan sido clasificadas para la final mundial del prestigioso All Dance World&hellip;\n","protected":false},"author":2,"featured_media":257222,"comment_status":"","ping_status":"","sticky":false,"template":"","format":"standard","meta":{"footnotes":""},"categories":[170],"tags":[146,147,25,24,10648,1070,184,185,8120,6765,10911,23],"class_list":{"0":"post-257221","1":"post","2":"type-post","3":"status-publish","4":"format-standard","5":"has-post-thumbnail","7":"category-musica","8":"tag-entertainment","9":"tag-entretenimiento","10":"tag-es","11":"tag-espana","12":"tag-k","13":"tag-mundial","14":"tag-music","15":"tag-musica","16":"tag-orlando","17":"tag-pop","18":"tag-ritmo","19":"tag-spain"},"share_on_mastodon":{"url":"https:\/\/pubeurope.com\/@es\/115617450258245735","error":""},"_links":{"self":[{"href":"https:\/\/www.europesays.com\/es\/wp-json\/wp\/v2\/posts\/257221","targetHints":{"allow":["GET"]}}],"collection":[{"href":"https:\/\/www.europesays.com\/es\/wp-json\/wp\/v2\/posts"}],"about":[{"href":"https:\/\/www.europesays.com\/es\/wp-json\/wp\/v2\/types\/post"}],"author":[{"embeddable":true,"href":"https:\/\/www.europesays.com\/es\/wp-json\/wp\/v2\/users\/2"}],"replies":[{"embeddable":true,"href":"https:\/\/www.europesays.com\/es\/wp-json\/wp\/v2\/comments?post=257221"}],"version-history":[{"count":0,"href":"https:\/\/www.europesays.com\/es\/wp-json\/wp\/v2\/posts\/257221\/revisions"}],"wp:featuredmedia":[{"embeddable":true,"href":"https:\/\/www.europesays.com\/es\/wp-json\/wp\/v2\/media\/257222"}],"wp:attachment":[{"href":"https:\/\/www.europesays.com\/es\/wp-json\/wp\/v2\/media?parent=257221"}],"wp:term":[{"taxonomy":"category","embeddable":true,"href":"https:\/\/www.europesays.com\/es\/wp-json\/wp\/v2\/categories?post=257221"},{"taxonomy":"post_tag","embeddable":true,"href":"https:\/\/www.europesays.com\/es\/wp-json\/wp\/v2\/tags?post=257221"}],"curies":[{"name":"wp","href":"https:\/\/api.w.org\/{rel}","templated":true}]}}