{"id":257227,"date":"2025-11-26T18:39:08","date_gmt":"2025-11-26T18:39:08","guid":{"rendered":"https:\/\/www.europesays.com\/es\/257227\/"},"modified":"2025-11-26T18:39:08","modified_gmt":"2025-11-26T18:39:08","slug":"los-mayores-de-65-anos-no-deben-esperar-a-diciembre-que-esta-variante-nos-pilla-con-menos-defensas","status":"publish","type":"post","link":"https:\/\/www.europesays.com\/es\/257227\/","title":{"rendered":"\u00abLos mayores de 65 a\u00f1os no deben esperar a diciembre, que esta variante nos pilla con menos defensas\u00bb"},"content":{"rendered":"<p style=\"\">Sanitarios y expertos en salud p\u00fablica llevan semanas advirtiendo: el <strong>virus de la gripe<\/strong> ha mutado esta temporada y es importante tomar medidas para prevenir los contagios, especialmente entre la poblaci\u00f3n vulnerable, los mayores de 65 a\u00f1os, los ni\u00f1os peque\u00f1os y quienes tengan diagn\u00f3sticos  &#8230; de enfermedades autoinmunes. Para tratar al respecto en &#8216;<strong>M\u00e1s Vale Tarde<\/strong>&#8216; (La Sexta) han contado con un profesional para abordar qu\u00e9 est\u00e1 sucediendo y c\u00f3mo protegernos. <\/p>\n<p class=\"voc-p\" style=\"\">Es as\u00ed que <strong>Cristina Pardo e I\u00f1aki L\u00f3pez<\/strong> han entrevistado en directo a Alfredo Corell, <strong>catedr\u00e1tico de inmunolog\u00eda<\/strong>. Este ha compartido con la audiencia qu\u00e9 est\u00e1 sucediendo: \u00abEs un virus conocido pero creo que no lo estamos tomando tan en serio como deber\u00edamos\u00bb. Este profesional relacionado con el mundo de la salud y la sanidad ha comentado con los presentadores que ha habido un cambio de variante y que ah\u00ed est\u00e1 el quid de la cuesti\u00f3n: \u00abEstamos acostumbrados a un virus concreto y hemos producido anticuerpos. La <strong>H1N1<\/strong> ha cambiado a la <strong>variante K<\/strong> y esto cambia por completo el asunto. De la gripe a la que estamos acostumbrados a esta hay cosas distintas\u2026\u00bb. <\/p>\n<p class=\"voc-p\" style=\"\">Respecto a esas caracter\u00edsticas tan concretas, le han preguntado a Corell y este ha dado detalles sobre esos factores diferenciales: \u00abCorre m\u00e1s r\u00e1pido pero no es una variante m\u00e1s da\u00f1ina, eso debe quedar claro. Lo que ha ocurrido es que nos ha pillado con menos defensas\u00bb. Ha dado as\u00ed la raz\u00f3n a un se\u00f1or que hablaba a las c\u00e1maras, un ciudadano con el que ha podido hablar la reportera Mar\u00eda Lamela, que dec\u00eda que usaba <strong>mascarilla<\/strong> porque \u00abquer\u00eda cobrar la pensi\u00f3n durante mucho tiempo\u00bb.<\/p>\n<p>\nC\u00f3mo prevenir contagios de gripe\n<\/p>\n<p class=\"voc-p\" style=\"\">A este entrevistado y al resto de la poblaci\u00f3n, <strong>Alfredo Corell<\/strong> ha querido enviar una advertencia clara, eso s\u00ed: \u00abYo lo que dir\u00eda a todo el mundo, especialmente a los mayores de 65 a\u00f1os, es que vayan a <strong>vacunarse ya<\/strong>, que no esperen a diciembre para acudir al centro de salud. Esta vacuna no los va a proteger al 100% pero va a evitar hospitalizaciones\u00bb. <\/p>\n<p class=\"voc-p\" style=\"\">Ha a\u00f1adido otros consejos para la <strong>prevenci\u00f3n<\/strong> frente a la r\u00e1pida expansi\u00f3n del virus: \u00abHigiene de manos, lav\u00e1ndolas tanto al llegar a casa como en seg\u00fan qu\u00e9 sitios, usar mascarilla en transporte p\u00fablico, en centros de salud y espacios con aglomeraciones y la vacuna\u00bb. Corell ha sido claro sobre la importancia de evitar contagios para no saturar Urgencias hospitalarias.<\/p>\n<p class=\"voc-p\" style=\"\">I\u00f1aki L\u00f3pez, al escuchar sus indicaciones, ha sido claro, mirando lo que est\u00e1 por llegar: \u00abEst\u00e1 claro que el <strong>pico de gripe<\/strong> va a llegar en <strong>Navidad<\/strong>\u00bb. Por eso, ha insistido el inmun\u00f3logo, es fundamental \u00abque cuanto m\u00e1s prevengamos mejor que mejor, m\u00e1s ayudaremos a todo el mundo\u00bb.<\/p>\n","protected":false},"excerpt":{"rendered":"Sanitarios y expertos en salud p\u00fablica llevan semanas advirtiendo: el virus de la gripe ha mutado esta temporada&hellip;\n","protected":false},"author":2,"featured_media":257228,"comment_status":"","ping_status":"","sticky":false,"template":"","format":"standard","meta":{"footnotes":""},"categories":[92],"tags":[28762,988,57816,30682,24703,35329,25,24,18300,3419,7749,165,64566,446,39020,166,57,23,9849,46941,2271],"class_list":{"0":"post-257227","1":"post","2":"type-post","3":"status-publish","4":"format-standard","5":"has-post-thumbnail","7":"category-salud","8":"tag-alfredo","9":"tag-anos","10":"tag-corell","11":"tag-deben","12":"tag-defensas","13":"tag-diciembre","14":"tag-es","15":"tag-espana","16":"tag-esperar","17":"tag-frente","18":"tag-gripe","19":"tag-health","20":"tag-inmunologo","21":"tag-mayores","22":"tag-pilla","23":"tag-salud","24":"tag-sobre","25":"tag-spain","26":"tag-urgencia","27":"tag-vacunarse","28":"tag-variante"},"share_on_mastodon":{"url":"https:\/\/pubeurope.com\/@es\/115617462155654496","error":""},"_links":{"self":[{"href":"https:\/\/www.europesays.com\/es\/wp-json\/wp\/v2\/posts\/257227","targetHints":{"allow":["GET"]}}],"collection":[{"href":"https:\/\/www.europesays.com\/es\/wp-json\/wp\/v2\/posts"}],"about":[{"href":"https:\/\/www.europesays.com\/es\/wp-json\/wp\/v2\/types\/post"}],"author":[{"embeddable":true,"href":"https:\/\/www.europesays.com\/es\/wp-json\/wp\/v2\/users\/2"}],"replies":[{"embeddable":true,"href":"https:\/\/www.europesays.com\/es\/wp-json\/wp\/v2\/comments?post=257227"}],"version-history":[{"count":0,"href":"https:\/\/www.europesays.com\/es\/wp-json\/wp\/v2\/posts\/257227\/revisions"}],"wp:featuredmedia":[{"embeddable":true,"href":"https:\/\/www.europesays.com\/es\/wp-json\/wp\/v2\/media\/257228"}],"wp:attachment":[{"href":"https:\/\/www.europesays.com\/es\/wp-json\/wp\/v2\/media?parent=257227"}],"wp:term":[{"taxonomy":"category","embeddable":true,"href":"https:\/\/www.europesays.com\/es\/wp-json\/wp\/v2\/categories?post=257227"},{"taxonomy":"post_tag","embeddable":true,"href":"https:\/\/www.europesays.com\/es\/wp-json\/wp\/v2\/tags?post=257227"}],"curies":[{"name":"wp","href":"https:\/\/api.w.org\/{rel}","templated":true}]}}