{"id":257231,"date":"2025-11-26T18:41:09","date_gmt":"2025-11-26T18:41:09","guid":{"rendered":"https:\/\/www.europesays.com\/es\/257231\/"},"modified":"2025-11-26T18:41:09","modified_gmt":"2025-11-26T18:41:09","slug":"en-verdad-vimos-por-primera-vez-materia-oscura-no-tan-rapido-dice-la-comunidad-cientifica","status":"publish","type":"post","link":"https:\/\/www.europesays.com\/es\/257231\/","title":{"rendered":"\u00bfEn verdad vimos por primera vez materia oscura? \u00abNo tan r\u00e1pido\u00bb, dice la comunidad cient\u00edfica"},"content":{"rendered":"<p>Astr\u00f3nomos japoneses encontraron un s\u00f3lido indicio que podr\u00eda conducir al fin a la enigm\u00e1tica materia oscura, las part\u00edculas hasta ahora indetectables que conforman entre el 70 y 80% de la materia del universo. La clave est\u00e1 en un \u201cresplandor\u201d extra que emite la V\u00eda L\u00e1ctea y que el telescopio Fermi de la NASA registr\u00f3 tras 15 a\u00f1os de observaciones.<\/p>\n<p>El estudio, publicado esta semana en Journal of Cosmology and Astroparticle Physics, describe c\u00f3mo el equipo identific\u00f3 una firma espec\u00edfica de rayos gamma, la radiaci\u00f3n m\u00e1s energ\u00e9tica conocida, en el halo de la V\u00eda L\u00e1ctea y sin una fuente conocida. Esta \u201chuella\u201d energ\u00e9tica coincide con lo que predice el modelo WIMP (part\u00edculas masivas de interacci\u00f3n d\u00e9bil)<strong>, el marco te\u00f3rico m\u00e1s estudiado de materia oscura<\/strong> y uno de los candidatos favoritos de los cient\u00edficos <a href=\"https:\/\/es.wired.com\/galerias\/cinco-pruebas-de-la-existencia-de-la-materia-oscura\" rel=\"nofollow noopener\" target=\"_blank\">para explicarla<\/a>.<\/p>\n<p>En el modelo WIMP, las part\u00edculas de materia oscura son pesadas y lentas. Aunque apenas interact\u00faan con la materia ordinaria o con la fuerza electromagn\u00e9tica, pueden colisionar entre s\u00ed. Cuando dos WIMP chocan, se aniquilan y liberan nuevas part\u00edculas, entre estas, fotones de rayos gamma altamente energ\u00e9ticos.<\/p>\n<p><img decoding=\"async\" alt=\"Representaci\u00f3n art\u00edstica de una enana marr\u00f3n o &quot;estrella fallida&quot;.\" loading=\"lazy\" class=\"ResponsiveImageContainer-eNxvmU cfBbTk responsive-image__image\"   src=\"https:\/\/www.europesays.com\/es\/wp-content\/uploads\/2025\/11\/GettyImages-2217999801.jpg\"\/><a class=\"BaseWrap-sc-gzmcOU BaseText-eqOrNE BaseLink-eTpkqh ContentCardEmbedHedLink-kqBDz deqABF jkWAvF dsRLul hMqJdP content-card-embed__hed-link\" href=\"https:\/\/es.wired.com\/articulos\/las-enanas-oscuras-podrian-ser-la-clave-para-comprender-la-materia-oscura-y-al-fin-hay-un-avance\" data-testid=\"ContentCardEmbedHedLink\" rel=\"nofollow noopener\" target=\"_blank\">Las enanas oscuras podr\u00edan ser la clave para comprender la materia oscura y al fin hay un avance<\/a><\/p>\n<p>Para confirmar si la materia oscura es pesada e interact\u00faa consigo misma solo hace falta encontrar una estrella fallida alimentada por part\u00edculas de tipo WIMP.<\/p>\n<p>Los cient\u00edficos de la Universidad de Tokio estiman que <a data-offer-url=\"https:\/\/iopscience.iop.org\/article\/10.1088\/1475-7516\/2025\/11\/080\" class=\"external-link\" data-event-click=\"{&quot;element&quot;:&quot;ExternalLink&quot;,&quot;outgoingURL&quot;:&quot;https:\/\/iopscience.iop.org\/article\/10.1088\/1475-7516\/2025\/11\/080&quot;}\" href=\"https:\/\/iopscience.iop.org\/article\/10.1088\/1475-7516\/2025\/11\/080\" rel=\"nofollow noopener\" target=\"_blank\">los rayos gamma detectados<\/a>, con energ\u00edas de hasta 20 gigaelectronvoltios, podr\u00edan interpretarse como evidencia de la aniquilaci\u00f3n de materia oscura tipo WIMP en el halo gal\u00e1ctico. Esa regi\u00f3n con forma de burbuja es tambi\u00e9n donde se teoriza que se concentra la materia oscura de la V\u00eda L\u00e1ctea y que mantiene a las estrellas dentro de la galaxia.<\/p>\n<p>\u201cSi esto es correcto, hasta donde yo s\u00e9, ser\u00eda la primera vez que la humanidad ha &#8216;visto&#8217; materia oscura\u201d, dijo Tomonori Totani, a trav\u00e9s de un <a data-offer-url=\"https:\/\/www.u-tokyo.ac.jp\/focus\/en\/press\/z0508_00433.html\" class=\"external-link\" data-event-click=\"{&quot;element&quot;:&quot;ExternalLink&quot;,&quot;outgoingURL&quot;:&quot;https:\/\/www.u-tokyo.ac.jp\/focus\/en\/press\/z0508_00433.html&quot;}\" href=\"https:\/\/www.u-tokyo.ac.jp\/focus\/en\/press\/z0508_00433.html\" rel=\"nofollow noopener\" target=\"_blank\">comunicado de prensa<\/a> compartido por la Universidad de Tokio.<\/p>\n<p>\u00bfRealmente vimos materia oscura?<\/p>\n<p>El autor del estudio y otros cient\u00edficos se muestran cautelosos al hablar del hallazgo. Aunque las lecturas del telescopio resultan confiables y la investigaci\u00f3n es considerada \u201cde buena calidad\u00bb, a\u00fan se <a href=\"https:\/\/es.wired.com\/articulos\/nueva-fisica-a-la-vuelta-de-la-esquina-el-asombroso-potencial-de-la-camara-astronomica-mas-grande-del-mundo\" rel=\"nofollow noopener\" target=\"_blank\">necesita m\u00e1s evidencia<\/a> y la verificaci\u00f3n independiente de otros equipos para confirmar que se ha observado materia oscura.<\/p>\n<p>Expertos que revisaron el trabajo se\u00f1alan que factores desconocidos impiden afirmar en titulares de medios que \u201cse vio por primera vez materia oscura\u201d. Consideran que el exceso de rayos gamma descrito tambi\u00e9n podr\u00eda provenir de una fuente astrof\u00edsica convencional sin registrar.<\/p>\n<p>\u201cLamentablemente, y pese a ser un trabajo serio y a muy tener en cuenta, sus conclusiones adolecen de grandes incertidumbres a d\u00eda de hoy, de forma que resulta imposible afirmar que \u2018es la primera vez que se ha visto la materia oscura\u2019. <strong>Estas incertidumbres son fruto de nuestro conocimiento a\u00fan muy limitado acerca de la producci\u00f3n exacta de <a href=\"https:\/\/es.wired.com\/articulos\/mensajeros-del-cosmos-una-guia-para-entender-los-rayos-y-particulas-que-impactan-la-tierra\" rel=\"nofollow noopener\" target=\"_blank\">rayos gamma<\/a><\/strong> a trav\u00e9s de fen\u00f3menos astrof\u00edsicos convencionales en diferentes zonas de nuestra galaxia\u201d, dijo Miguel \u00c1ngel S\u00e1nchez Conde, profesor e investigador en el departamento de F\u00edsica Te\u00f3rica de la Universidad Aut\u00f3noma de Madrid, para el Science Media Centre (SMC) Espa\u00f1a.<\/p>\n<p>\u201cEl trabajo interpreta una se\u00f1al que puede ser causada por fuentes astrof\u00edsicas convencionales y por la desintegraci\u00f3n de materia oscura. Hay que modelar ambas cosas para concluir que la se\u00f1al observada es incompatible con las fuentes conocidas y compatible con lo esperable de la materia oscura. Ambos modelados son muy inciertos\u201d, dijo Jorge S\u00e1nchez Almeida, profesor de investigaci\u00f3n del Instituto de Astrof\u00edsica de Canarias, para el SMC Espa\u00f1a.<\/p>\n<p>Cabe resaltar que ya ha habido otros indicios de materia oscura que fueron descartados y existen investigaciones paralelas que exploran modelos alternativos, como los axiones o la hip\u00f3tesis de que la materia oscura se concentra en <a href=\"https:\/\/es.wired.com\/articulos\/una-onda-gravitacional-podria-guiarnos-hasta-los-elusivos-agujeros-negros-primordiales\" rel=\"nofollow noopener\" target=\"_blank\">agujeros negros primordiales<\/a>, En cualquier caso, la ciencia sigue el mismo criterio epistemol\u00f3gico y metodol\u00f3gico para todos esos descubrimientos con el potencial de cambiar los libros de texto: <strong>afirmaciones extraordinarias requieren de evidencia extraordinaria.<\/strong><\/p>\n","protected":false},"excerpt":{"rendered":"Astr\u00f3nomos japoneses encontraron un s\u00f3lido indicio que podr\u00eda conducir al fin a la enigm\u00e1tica materia oscura, las part\u00edculas&hellip;\n","protected":false},"author":2,"featured_media":257232,"comment_status":"","ping_status":"","sticky":false,"template":"","format":"standard","meta":{"footnotes":""},"categories":[81],"tags":[119,123,124,25,10558,24,117,121,122,23,118,120],"class_list":{"0":"post-257231","1":"post","2":"type-post","3":"status-publish","4":"format-standard","5":"has-post-thumbnail","7":"category-ciencia-y-tecnologia","8":"tag-ciencia","9":"tag-ciencia-y-tecnologia","10":"tag-cienciaytecnologia","11":"tag-es","12":"tag-espacio","13":"tag-espana","14":"tag-science","15":"tag-science-and-technology","16":"tag-scienceandtechnology","17":"tag-spain","18":"tag-technology","19":"tag-tecnologia"},"share_on_mastodon":{"url":"https:\/\/pubeurope.com\/@es\/115617469862273226","error":""},"_links":{"self":[{"href":"https:\/\/www.europesays.com\/es\/wp-json\/wp\/v2\/posts\/257231","targetHints":{"allow":["GET"]}}],"collection":[{"href":"https:\/\/www.europesays.com\/es\/wp-json\/wp\/v2\/posts"}],"about":[{"href":"https:\/\/www.europesays.com\/es\/wp-json\/wp\/v2\/types\/post"}],"author":[{"embeddable":true,"href":"https:\/\/www.europesays.com\/es\/wp-json\/wp\/v2\/users\/2"}],"replies":[{"embeddable":true,"href":"https:\/\/www.europesays.com\/es\/wp-json\/wp\/v2\/comments?post=257231"}],"version-history":[{"count":0,"href":"https:\/\/www.europesays.com\/es\/wp-json\/wp\/v2\/posts\/257231\/revisions"}],"wp:featuredmedia":[{"embeddable":true,"href":"https:\/\/www.europesays.com\/es\/wp-json\/wp\/v2\/media\/257232"}],"wp:attachment":[{"href":"https:\/\/www.europesays.com\/es\/wp-json\/wp\/v2\/media?parent=257231"}],"wp:term":[{"taxonomy":"category","embeddable":true,"href":"https:\/\/www.europesays.com\/es\/wp-json\/wp\/v2\/categories?post=257231"},{"taxonomy":"post_tag","embeddable":true,"href":"https:\/\/www.europesays.com\/es\/wp-json\/wp\/v2\/tags?post=257231"}],"curies":[{"name":"wp","href":"https:\/\/api.w.org\/{rel}","templated":true}]}}