{"id":257237,"date":"2025-11-26T18:44:10","date_gmt":"2025-11-26T18:44:10","guid":{"rendered":"https:\/\/www.europesays.com\/es\/257237\/"},"modified":"2025-11-26T18:44:10","modified_gmt":"2025-11-26T18:44:10","slug":"el-rey-emerito-en-la-television-francesa-no-me-arrepiento-espero-que-el-pueblo-espanol-comprenda-lo-que-hice-espana","status":"publish","type":"post","link":"https:\/\/www.europesays.com\/es\/257237\/","title":{"rendered":"El rey em\u00e9rito, en la televisi\u00f3n francesa: \u201cNo me arrepiento. Espero que el pueblo espa\u00f1ol comprenda lo que hice\u201d | Espa\u00f1a"},"content":{"rendered":"<p class=\"\">Juan Carlos de Borb\u00f3n, rey de Espa\u00f1a entre 1975 y 2014 y que acaba de publicar sus memorias en Francia (Reconciliaci\u00f3n, Stock), aborda este mi\u00e9rcoles, <a href=\"https:\/\/france3-regions.franceinfo.fr\/programmes\/7762812-juan-carlos-les-confidences-d-un-roi-en-disgrace.html\" target=\"_self\" rel=\"nofollow noopener\" title=\"https:\/\/france3-regions.franceinfo.fr\/programmes\/7762812-juan-carlos-les-confidences-d-un-roi-en-disgrace.html\">esta vez en una entrevista en la cadena francesa France 3<\/a>, sus a\u00f1os de reinado, el 50 aniversario de la llegada de la democracia a Espa\u00f1a y los asuntos pol\u00e9micos de sus casi cuatro d\u00e9cadas como monarca. La entrevista, realizada por el periodista St\u00e9phane Bern en Abu Dabi, se emitir\u00e1 este mi\u00e9rcoles por la noche. <\/p>\n<p class=\"\">Titulada Juan Carlos: las confidencias de un rey en desgracia, el periodista le interroga sobre por qu\u00e9 ha decidido hablar ahora, ante una c\u00e1mara, por primera vez: \u201cPens\u00e9 mucho tiempo en no hacerlo, porque mi padre me dec\u00eda que los reyes no lo hacen, pero creo que con el tiempo y despu\u00e9s de los a\u00f1os que han pasado era mejor dejar mi sentimiento personal, mis palabras, sobre lo que ha pasado y lo que he podido hacer con los espa\u00f1oles\u201d. <\/p>\n<p class=\"\">Bern le pregunta si siente la impresi\u00f3n de que se le roba la verdad: \u201cS\u00ed, hay cosas malas y cosas buenas. Es por ello que, al menos, aquellos que lean el libro ver\u00e1n que hablo con el coraz\u00f3n abierto\u201d, dice. Durante la entrevista, que dura 25 minutos, el periodista alaba los logros realizados por el em\u00e9rito, y le pregunta m\u00e1s sucintamente sobre los esc\u00e1ndalos, como \u201cla cuenta en Suiza, <a href=\"https:\/\/elpais.com\/politica\/2012\/04\/14\/actualidad\/1334391118_898284.html\" target=\"_blank\" rel=\"noreferrer nofollow noopener\" title=\"https:\/\/elpais.com\/politica\/2012\/04\/14\/actualidad\/1334391118_898284.html\">la caza en Botswana\u2026<\/a> Usted dice que ha cometido errores, \u00bfcu\u00e1les son?\u201d.<\/p>\n<p class=\"\">\u201cTodos los hombres cometen errores, todo el mundo los comete\u201d, responde Juan Carlos I. El periodista le interroga sobre si le pesan m\u00e1s \u201clos regalos\u201d (en referencia a <a href=\"https:\/\/elpais.com\/espana\/2022-03-03\/por-que-arabia-saudi-dio-65-millones-a-juan-carlos-i-el-misterio-que-aun-esta-por-aclarar.html\" target=\"_blank\" rel=\"noreferrer nofollow noopener\" title=\"https:\/\/elpais.com\/espana\/2022-03-03\/por-que-arabia-saudi-dio-65-millones-a-juan-carlos-i-el-misterio-que-aun-esta-por-aclarar.html\">los 65 millones de d\u00f3lares que recibi\u00f3 del rey Abdal\u00e1 de Arabia Saud\u00ed<\/a>) o las historias amorosas que se le atribuyeron: \u201c\u00bfLo peor? Bueno, creo que en Espa\u00f1a el dinero es m\u00e1s importante\u2026 pero todo es malo\u201d.<\/p>\n<p class=\"\">El entrevistador le pregunta si se arrepiente de algo, si tiene remordimientos, a lo que el rey em\u00e9rito responde: \u201cNo, intento no tener ninguno\u201d. \u201c\u00bfTendr\u00eda m\u00e1s cuidado ahora?\u201d. \u201cS\u00ed, naturalmente\u201d, responde.<\/p>\n<p class=\"\">En otro momento, asegura que habla con el rey Felipe VI, cuya labor como monarca ensalza: \u201cComo padre, me gustar\u00eda verle m\u00e1s, verlo con sus hijas, con la princesa Leonor y la infanta Sof\u00eda. Como Rey, creo que est\u00e1 pasando por un momento dif\u00edcil y necesita apoyo\u201d por \u201cel momento pol\u00edtico, que en todos los pa\u00edses es muy dif\u00edcil\u201d.<\/p>\n<p class=\"\">\u201cPublicar sus memorias es un momento de reflexi\u00f3n, \u00bfcu\u00e1l es su perspectiva sobre sus 39 a\u00f1os en el trono?\u201d, le pregunta el periodista. \u201cYo he servido a Espa\u00f1a, a los espa\u00f1oles, y a veces no prest\u00e9 suficiente atenci\u00f3n a la familia. Espero que me perdonen y que el pueblo espa\u00f1ol comprenda lo que hice\u201d.<\/p>\n<p class=\"\">Recuerda ante el periodista el d\u00eda que fue proclamado Rey, el 22 de noviembre de 1975. \u201cEsos d\u00edas los viv\u00ed con mucha emoci\u00f3n\u201d, dice. De su discurso, apunta: \u201clo recordar\u00e9 siempre porque fue un d\u00eda crucial en mi vida. El d\u00eda anterior, por ejemplo, estuve preparando el discurso, toda la noche, medio despierto porque dec\u00eda: Es la primera vez que voy a hablar ante los espa\u00f1oles, y sobre todo ante un Parlamento completamente franquista. As\u00ed que hab\u00eda que ser valiente y decir lo que se iba a hacer\u201d. <\/p>\n<p class=\"\">Sobre los inicios de la democracia, admite que al principio fue dif\u00edcil, habl\u00f3 con Adolfo Su\u00e1rez: \u201cNos esforzamos por hacer las cosas bien (\u2026) Le dije que quer\u00eda que fu\u00e9ramos hacia una democracia, pero a\u00fan no sab\u00edamos c\u00f3mo hacerlo\u201d. \u201cNunca, nunca he dudado\u201d, responde sobre si tuvo dudas en aquellos momentos. El periodista le pregunta si, al redactar la Constituci\u00f3n, no tuvo ganas de guardar m\u00e1s poder para \u00e9l: \u201cO se hace una democracia o no se hace\u201d, responde.<\/p>\n<p>Su relaci\u00f3n con Franco <\/p>\n<p class=\"\">Cuestionado por el periodista sobre si hab\u00eda una cierta rivalidad entre su padre, Juan de Borb\u00f3n, y el dictador, el em\u00e9rito responde: \u201cA veces tuve la impresi\u00f3n de ser como una pelota de ping-pong, pero en ese momento lo ve\u00eda normal, yo era muy joven, hasta los 14 a\u00f1os todo bien, pero a partir de los 17 estuve en academias militares\u201d.<\/p>\n<p class=\"\">Sobre c\u00f3mo \u201caprendi\u00f3 a callarse\u201d al ser nombrado rey por el dictador, Juan Carlos I se\u00f1ala: \u201cEs dif\u00edcil hablar cuando hay otro r\u00e9gimen, como fui nombrado heredero para ser rey, y mi ideal era la democracia, yo ten\u00eda la impresi\u00f3n de que hab\u00eda que preparar el futuro y permanecer tranquilo esperando ese momento (\u2026) En ese momento hab\u00eda que estar de acuerdo con lo que ocurr\u00eda, yo deb\u00eda aceptar las cosas como ven\u00edan\u201d.<\/p>\n<p class=\"\">Bern le pregunta sobre una entrevista que dio en Estados Unidos en la que dijo que cuando fuera rey, restaurar\u00eda la democracia en Espa\u00f1a, y, estando a\u00fan en el aeropuerto, Franco le llam\u00f3 a consultas: \u201cPens\u00e9, ahora s\u00ed que se va a enfadar conmigo. Y \u00e9l me dijo: \u2018Alteza, tiene que decir all\u00ed lo que no puede decir aqu\u00ed. Y tiene que decir aqu\u00ed lo que no puede decir all\u00ed. Nada m\u00e1s\u2019. Le dije: \u2018General, \u00bfpor qu\u00e9 me ayuda de cara al futuro?\u2019. Y me respondi\u00f3: Tendr\u00e1 que hacerlo usted. No puedo hacerlo (\u2026) La prueba es que el d\u00eda antes de su muerte, me tom\u00f3 la mano y me dijo: la \u00fanica cosa que le pido es que mantenga la unidad de Espa\u00f1a\u201d.<\/p>\n<p class=\"\">Interrogado <a href=\"https:\/\/elpais.com\/espana\/2025-11-24\/las-tribulaciones-del-rey-emerito-las-nietas-sus-memorias-y-residir-tres-meses-en-espana.html\" target=\"_blank\" rel=\"noreferrer nofollow noopener\" title=\"https:\/\/elpais.com\/espana\/2025-11-24\/las-tribulaciones-del-rey-emerito-las-nietas-sus-memorias-y-residir-tres-meses-en-espana.html\">sobre c\u00f3mo vive en Abu Dabi<\/a>, lejos de Espa\u00f1a, y si piensa volver alguna vez, responde: \u201cPor el momento estoy bien aqu\u00ed. No s\u00e9 si dentro de unos a\u00f1os o el a\u00f1o que viene, o dentro de unos meses, volver\u00e9 a Espa\u00f1a. Depender\u00e1 de la situaci\u00f3n y del momento\u201d. <\/p>\n","protected":false},"excerpt":{"rendered":"Juan Carlos de Borb\u00f3n, rey de Espa\u00f1a entre 1975 y 2014 y que acaba de publicar sus memorias&hellip;\n","protected":false},"author":2,"featured_media":257238,"comment_status":"","ping_status":"","sticky":false,"template":"","format":"standard","meta":{"footnotes":""},"categories":[8],"tags":[17,18,25,24,1148,13,14,11439,11,23487,19,20,6041,9,10,15,16,11362,11789,23,12,21,22],"class_list":{"0":"post-257237","1":"post","2":"type-post","3":"status-publish","4":"format-standard","5":"has-post-thumbnail","7":"category-espana","8":"tag-breaking-news","9":"tag-breakingnews","10":"tag-es","11":"tag-espana","12":"tag-familia-real","13":"tag-featured-news","14":"tag-featurednews","15":"tag-felipe-vi","16":"tag-headlines","17":"tag-juan-carlos-i","18":"tag-latest-news","19":"tag-latestnews","20":"tag-monarquia","21":"tag-news","22":"tag-noticias","23":"tag-noticias-destacadas","24":"tag-noticiasdestacadas","25":"tag-reina-letizia","26":"tag-reina-sofia","27":"tag-spain","28":"tag-titulares","29":"tag-ultimas-noticias","30":"tag-ultimasnoticias"},"share_on_mastodon":{"url":"https:\/\/pubeurope.com\/@es\/115617481708786882","error":""},"_links":{"self":[{"href":"https:\/\/www.europesays.com\/es\/wp-json\/wp\/v2\/posts\/257237","targetHints":{"allow":["GET"]}}],"collection":[{"href":"https:\/\/www.europesays.com\/es\/wp-json\/wp\/v2\/posts"}],"about":[{"href":"https:\/\/www.europesays.com\/es\/wp-json\/wp\/v2\/types\/post"}],"author":[{"embeddable":true,"href":"https:\/\/www.europesays.com\/es\/wp-json\/wp\/v2\/users\/2"}],"replies":[{"embeddable":true,"href":"https:\/\/www.europesays.com\/es\/wp-json\/wp\/v2\/comments?post=257237"}],"version-history":[{"count":0,"href":"https:\/\/www.europesays.com\/es\/wp-json\/wp\/v2\/posts\/257237\/revisions"}],"wp:featuredmedia":[{"embeddable":true,"href":"https:\/\/www.europesays.com\/es\/wp-json\/wp\/v2\/media\/257238"}],"wp:attachment":[{"href":"https:\/\/www.europesays.com\/es\/wp-json\/wp\/v2\/media?parent=257237"}],"wp:term":[{"taxonomy":"category","embeddable":true,"href":"https:\/\/www.europesays.com\/es\/wp-json\/wp\/v2\/categories?post=257237"},{"taxonomy":"post_tag","embeddable":true,"href":"https:\/\/www.europesays.com\/es\/wp-json\/wp\/v2\/tags?post=257237"}],"curies":[{"name":"wp","href":"https:\/\/api.w.org\/{rel}","templated":true}]}}